{"id":5956,"date":"2019-09-07T15:35:59","date_gmt":"2019-09-07T18:35:59","guid":{"rendered":"http:\/\/www.caritasne2.org.br\/?p=5956"},"modified":"2019-09-09T15:46:51","modified_gmt":"2019-09-09T18:46:51","slug":"participacao-da-caritas-no-grito-mostra-o-compromisso-da-entidade-com-as-pautas-sociais","status":"publish","type":"post","link":"https:\/\/www.caritasne2.org.br\/site\/participacao-da-caritas-no-grito-mostra-o-compromisso-da-entidade-com-as-pautas-sociais\/","title":{"rendered":"Participa\u00e7\u00e3o da C\u00e1ritas no Grito mostra o compromisso da entidade com as pautas sociais"},"content":{"rendered":"<p style=\"text-align: center;\"><em>Nos quatro estados que fazem a Regional Nordeste 2 integrantes da Rede C\u00e1ritas levantaram as bandeiras dos exclu\u00eddos<\/em><\/p>\n<p style=\"text-align: justify;\"><a href=\"http:\/\/www.caritasne2.org.br\/participacao-da-caritas-no-grito-mostra-o-compromisso-da-entidade-com-as-pautas-sociais\/476019c0-8f9d-49d7-ad63-bf023d588a18\/\" rel=\"attachment wp-att-5962\"><img decoding=\"async\" loading=\"lazy\" class=\"size-medium wp-image-5962 alignleft\" src=\"http:\/\/www.caritasne2.org.br\/wp-content\/uploads\/2019\/09\/476019c0-8f9d-49d7-ad63-bf023d588a18-300x200.jpg\" alt=\"\" width=\"300\" height=\"200\" srcset=\"https:\/\/www.caritasne2.org.br\/site\/wp-content\/uploads\/2019\/09\/476019c0-8f9d-49d7-ad63-bf023d588a18-300x200.jpg 300w, https:\/\/www.caritasne2.org.br\/site\/wp-content\/uploads\/2019\/09\/476019c0-8f9d-49d7-ad63-bf023d588a18-768x512.jpg 768w, https:\/\/www.caritasne2.org.br\/site\/wp-content\/uploads\/2019\/09\/476019c0-8f9d-49d7-ad63-bf023d588a18-1024x682.jpg 1024w, https:\/\/www.caritasne2.org.br\/site\/wp-content\/uploads\/2019\/09\/476019c0-8f9d-49d7-ad63-bf023d588a18.jpg 1280w\" sizes=\"(max-width: 300px) 100vw, 300px\" \/><\/a>Integrantes da C\u00e1ritas regional Nordeste 2 estiveram presentes em manifesta\u00e7\u00f5es de v\u00e1rias cidades durante a 25\u00aa edi\u00e7\u00e3o do Grito dos Exclu\u00eddos, que aconteceu no \u00faltimo s\u00e1bado 7 de Setembro. Ao todo, mais de 200 cidades brasileiras registraram atos em defesa da vida e da natureza, pela n\u00e3o perda de direitos sociais, e de n\u00e3o viol\u00eancias contra crian\u00e7as e adolescentes, mulheres, negros, migrantes e jovens das periferias. Representando a regi\u00e3o, integrantes da entidade levantaram as bandeiras contra o Sistema atual em Pernambuco, Alagoas, Para\u00edba e Rio Grande do Norte.<\/p>\n<p style=\"text-align: justify;\"><a href=\"http:\/\/www.caritasne2.org.br\/participacao-da-caritas-no-grito-mostra-o-compromisso-da-entidade-com-as-pautas-sociais\/1467c85d-95ed-455e-9972-7f8451fca0ae\/\" rel=\"attachment wp-att-5958\"><img decoding=\"async\" loading=\"lazy\" class=\"size-medium wp-image-5958 alignright\" src=\"http:\/\/www.caritasne2.org.br\/wp-content\/uploads\/2019\/09\/1467c85d-95ed-455e-9972-7f8451fca0ae-300x225.jpg\" alt=\"\" width=\"300\" height=\"225\" srcset=\"https:\/\/www.caritasne2.org.br\/site\/wp-content\/uploads\/2019\/09\/1467c85d-95ed-455e-9972-7f8451fca0ae-300x225.jpg 300w, https:\/\/www.caritasne2.org.br\/site\/wp-content\/uploads\/2019\/09\/1467c85d-95ed-455e-9972-7f8451fca0ae-768x576.jpg 768w, https:\/\/www.caritasne2.org.br\/site\/wp-content\/uploads\/2019\/09\/1467c85d-95ed-455e-9972-7f8451fca0ae-1024x768.jpg 1024w, https:\/\/www.caritasne2.org.br\/site\/wp-content\/uploads\/2019\/09\/1467c85d-95ed-455e-9972-7f8451fca0ae.jpg 1040w\" sizes=\"(max-width: 300px) 100vw, 300px\" \/><\/a>Com o lema \u201cEste sistema n\u00e3o Vale! Lutamos por justi\u00e7a, direitos e liberdade\u201d, segmentos da igreja, C\u00e1ritas, pastorais sociais, Comiss\u00f5es Eclesi\u00e1sticas de Base (CEBs) e comiss\u00f5es da terra se juntaram aos movimentos sociais que lutam por direito \u00e0 educa\u00e7\u00e3o, sa\u00fade, moradia e fim da corrup\u00e7\u00e3o, al\u00e9m de muitas outras causas, e foram \u00e0s ruas. A Confer\u00eancia Nacional dos Bispos do Brasil (CNBB), que encabe\u00e7a o evento em todo pa\u00eds atrav\u00e9s da A\u00e7\u00e3o Sociotransformadora, prop\u00f5e a participa\u00e7\u00e3o dos setores exclu\u00eddos da sociedade.<\/p>\n<p style=\"text-align: justify;\">Na capital pernambucana, a concentra\u00e7\u00e3o para o ato aconteceu na Pra\u00e7a da Democracia, no bairro do Derby, e reuniu manifestantes de toda Regi\u00e3o Metropolitana do Recife. Na abertura do evento, a participa\u00e7\u00e3o do arcebispo de Olinda e Recife (PE), dom Ant\u00f4nio Fernando Saburido, e seu bispo auxiliar e referencial para a Comiss\u00e3o para a A\u00e7\u00e3o Sociotransformadora do Regional Nordeste 2 da CNBB, dom Limac\u00eado Antonio, transmitiu a mensagem do Papa Francisco que orienta um di\u00e1logo da igreja com os movimentos sociais.<\/p>\n<p style=\"text-align: justify;\"><a href=\"http:\/\/www.caritasne2.org.br\/participacao-da-caritas-no-grito-mostra-o-compromisso-da-entidade-com-as-pautas-sociais\/388ce1f7-6b3a-492f-9f2b-010a8e2609ff\/\" rel=\"attachment wp-att-5959\"><img decoding=\"async\" loading=\"lazy\" class=\"size-medium wp-image-5959 alignleft\" src=\"http:\/\/www.caritasne2.org.br\/wp-content\/uploads\/2019\/09\/388ce1f7-6b3a-492f-9f2b-010a8e2609ff-300x225.jpg\" alt=\"\" width=\"300\" height=\"225\" srcset=\"https:\/\/www.caritasne2.org.br\/site\/wp-content\/uploads\/2019\/09\/388ce1f7-6b3a-492f-9f2b-010a8e2609ff-300x225.jpg 300w, https:\/\/www.caritasne2.org.br\/site\/wp-content\/uploads\/2019\/09\/388ce1f7-6b3a-492f-9f2b-010a8e2609ff-768x576.jpg 768w, https:\/\/www.caritasne2.org.br\/site\/wp-content\/uploads\/2019\/09\/388ce1f7-6b3a-492f-9f2b-010a8e2609ff.jpg 1024w\" sizes=\"(max-width: 300px) 100vw, 300px\" \/><\/a>Na capital alagoana o destaque foi para as mensagens das crian\u00e7as que encheram a Pra\u00e7a do Sinimbu, no centro de Macei\u00f3, com faixas e cartazes dizendo \u201cN\u00e3o Vale racismo e discrimina\u00e7\u00e3o\u201d, por exemplo. O evento de Alagoas reuniu manifestantes da capital e arredores, assim como de cidades como Palmeira dos \u00cdndios, Penedo e Arapiraca, entre outras.<\/p>\n<p style=\"text-align: justify;\">Em Jo\u00e3o Pessoa, assim como em outras cidades paraibanas o Grito tamb\u00e9m juntou multid\u00f5es em defesa dos exclu\u00eddos. Os eventos uniram luta por democracia \u00e0 atra\u00e7\u00f5es art\u00edsticas e culturais que animaram os participantes ao longo de todo dia. Em Campina Grande o diferencial foi a grande participa\u00e7\u00e3o dos frades Franciscanos, que na dimens\u00e3o da miss\u00e3o evangelizadora abra\u00e7am e cuidam diariamente dos exclu\u00eddos em todo territ\u00f3rio nacional e fora dele.<a href=\"http:\/\/www.caritasne2.org.br\/participacao-da-caritas-no-grito-mostra-o-compromisso-da-entidade-com-as-pautas-sociais\/52828ad0-535f-40ed-89f7-cf8156d4da85\/\" rel=\"attachment wp-att-5960\"><img decoding=\"async\" loading=\"lazy\" class=\"size-medium wp-image-5960 alignright\" src=\"http:\/\/www.caritasne2.org.br\/wp-content\/uploads\/2019\/09\/52828ad0-535f-40ed-89f7-cf8156d4da85-300x169.jpg\" alt=\"\" width=\"300\" height=\"169\" srcset=\"https:\/\/www.caritasne2.org.br\/site\/wp-content\/uploads\/2019\/09\/52828ad0-535f-40ed-89f7-cf8156d4da85-300x169.jpg 300w, https:\/\/www.caritasne2.org.br\/site\/wp-content\/uploads\/2019\/09\/52828ad0-535f-40ed-89f7-cf8156d4da85-768x432.jpg 768w, https:\/\/www.caritasne2.org.br\/site\/wp-content\/uploads\/2019\/09\/52828ad0-535f-40ed-89f7-cf8156d4da85-1024x576.jpg 1024w, https:\/\/www.caritasne2.org.br\/site\/wp-content\/uploads\/2019\/09\/52828ad0-535f-40ed-89f7-cf8156d4da85-588x330.jpg 588w, https:\/\/www.caritasne2.org.br\/site\/wp-content\/uploads\/2019\/09\/52828ad0-535f-40ed-89f7-cf8156d4da85.jpg 1032w\" sizes=\"(max-width: 300px) 100vw, 300px\" \/><\/a><\/p>\n<p style=\"text-align: justify;\">No Rio Grande do Norte o Grito n\u00e3o foi diferente, al\u00e9m de Natal, as manifesta\u00e7\u00f5es aconteceram com a presen\u00e7a da C\u00e1ritas em cidades como Caic\u00f3 e Mossor\u00f3. Os temas cortes na educa\u00e7\u00e3o, fim da viol\u00eancia contra mulheres e manuten\u00e7\u00e3o de direitos sociais que est\u00e3o sendo retirados da popula\u00e7\u00e3o brasileira, estiveram presentes nos atos das terras potiguares.<\/p>\n<ul class=\"ssb_list_wrapper\"><li class=\"fb2\" style=\"width:135px\"><iframe src=\"\/\/www.facebook.com\/plugins\/like.php?href=https%3A%2F%2Fwww.caritasne2.org.br%2Fsite%2Fparticipacao-da-caritas-no-grito-mostra-o-compromisso-da-entidade-com-as-pautas-sociais%2F&amp;layout=button_count&amp;action=like&amp;show_faces=false&amp;share=true&amp;width=135&amp;height=21&amp;appId=307091639398582\" scrolling=\"no\" frameborder=\"0\" style=\"border:none; overflow:hidden;  width:150px; height:21px;\" allowTransparency=\"true\"><\/iframe><\/li><li class=\"twtr\" style=\"width:90px\"><a href=\"https:\/\/twitter.com\/share\" class=\"twitter-share-button\" data-url=\"https:\/\/www.caritasne2.org.br\/site\/participacao-da-caritas-no-grito-mostra-o-compromisso-da-entidade-com-as-pautas-sociais\/\">&nbsp;<\/a><script>!function(d,s,id){var js,fjs=d.getElementsByTagName(s)[0],p=\/^http:\/.test(d.location)?'http':'https';if(!d.getElementById(id)){js=d.createElement(s);js.id=id;js.src=p+':\/\/platform.twitter.com\/widgets.js';fjs.parentNode.insertBefore(js,fjs);}}(document, 'script', 'twitter-wjs');<\/script><\/li><li class=\"gplus\" style=\"width:68px\"><div class=\"g-plusone\" data-size=\"medium\" data-href=\"https:\/\/www.caritasne2.org.br\/site\/participacao-da-caritas-no-grito-mostra-o-compromisso-da-entidade-com-as-pautas-sociais\/\"><\/div><\/li><li class=\"ssb_linkedin\" style=\"width:64px\"><script src=\"\/\/platform.linkedin.com\/in.js\" type=\"text\/javascript\">lang: en_US<\/script><script type=\"IN\/Share\" data-url=\"https:\/\/www.caritasne2.org.br\/site\/participacao-da-caritas-no-grito-mostra-o-compromisso-da-entidade-com-as-pautas-sociais\/\" data-counter=\"right\"><\/script><\/li><\/ul>","protected":false},"excerpt":{"rendered":"<p>Nos quatro estados que fazem a Regional Nordeste 2 integrantes da Rede C\u00e1ritas levantaram as bandeiras dos exclu\u00eddos Integrantes da C\u00e1ritas regional Nordeste 2 estiveram presentes em manifesta\u00e7\u00f5es de v\u00e1rias cidades durante a 25\u00aa edi\u00e7\u00e3o do Grito dos Exclu\u00eddos, que aconteceu no \u00faltimo s\u00e1bado 7 de Setembro. Ao todo, mais de 200 cidades brasileiras registraram atos em defesa da vida e da natureza, pela n\u00e3o [&hellip;]<\/p>\n<ul class=\"ssb_list_wrapper\"><li class=\"fb2\" style=\"width:135px\"><iframe src=\"\/\/www.facebook.com\/plugins\/like.php?href=https%3A%2F%2Fwww.caritasne2.org.br%2Fsite%2Fparticipacao-da-caritas-no-grito-mostra-o-compromisso-da-entidade-com-as-pautas-sociais%2F&amp;layout=button_count&amp;action=like&amp;show_faces=false&amp;share=true&amp;width=135&amp;height=21&amp;appId=307091639398582\" scrolling=\"no\" frameborder=\"0\" style=\"border:none; overflow:hidden;  width:150px; height:21px;\" allowTransparency=\"true\"><\/iframe><\/li><li class=\"twtr\" style=\"width:90px\"><a href=\"https:\/\/twitter.com\/share\" class=\"twitter-share-button\" data-url=\"https:\/\/www.caritasne2.org.br\/site\/participacao-da-caritas-no-grito-mostra-o-compromisso-da-entidade-com-as-pautas-sociais\/\">&nbsp;<\/a><script>!function(d,s,id){var js,fjs=d.getElementsByTagName(s)[0],p=\/^http:\/.test(d.location)?'http':'https';if(!d.getElementById(id)){js=d.createElement(s);js.id=id;js.src=p+':\/\/platform.twitter.com\/widgets.js';fjs.parentNode.insertBefore(js,fjs);}}(document, 'script', 'twitter-wjs');<\/script><\/li><li class=\"gplus\" style=\"width:68px\"><div class=\"g-plusone\" data-size=\"medium\" data-href=\"https:\/\/www.caritasne2.org.br\/site\/participacao-da-caritas-no-grito-mostra-o-compromisso-da-entidade-com-as-pautas-sociais\/\"><\/div><\/li><li class=\"ssb_linkedin\" style=\"width:64px\"><script src=\"\/\/platform.linkedin.com\/in.js\" type=\"text\/javascript\">lang: en_US<\/script><script type=\"IN\/Share\" data-url=\"https:\/\/www.caritasne2.org.br\/site\/participacao-da-caritas-no-grito-mostra-o-compromisso-da-entidade-com-as-pautas-sociais\/\" data-counter=\"right\"><\/script><\/li><\/ul>","protected":false},"author":4,"featured_media":5957,"comment_status":"open","ping_status":"open","sticky":false,"template":"","format":"standard","meta":[],"categories":[20],"tags":[],"_links":{"self":[{"href":"https:\/\/www.caritasne2.org.br\/site\/wp-json\/wp\/v2\/posts\/5956"}],"collection":[{"href":"https:\/\/www.caritasne2.org.br\/site\/wp-json\/wp\/v2\/posts"}],"about":[{"href":"https:\/\/www.caritasne2.org.br\/site\/wp-json\/wp\/v2\/types\/post"}],"author":[{"embeddable":true,"href":"https:\/\/www.caritasne2.org.br\/site\/wp-json\/wp\/v2\/users\/4"}],"replies":[{"embeddable":true,"href":"https:\/\/www.caritasne2.org.br\/site\/wp-json\/wp\/v2\/comments?post=5956"}],"version-history":[{"count":0,"href":"https:\/\/www.caritasne2.org.br\/site\/wp-json\/wp\/v2\/posts\/5956\/revisions"}],"wp:featuredmedia":[{"embeddable":true,"href":"https:\/\/www.caritasne2.org.br\/site\/wp-json\/wp\/v2\/media\/5957"}],"wp:attachment":[{"href":"https:\/\/www.caritasne2.org.br\/site\/wp-json\/wp\/v2\/media?parent=5956"}],"wp:term":[{"taxonomy":"category","embeddable":true,"href":"https:\/\/www.caritasne2.org.br\/site\/wp-json\/wp\/v2\/categories?post=5956"},{"taxonomy":"post_tag","embeddable":true,"href":"https:\/\/www.caritasne2.org.br\/site\/wp-json\/wp\/v2\/tags?post=5956"}],"curies":[{"name":"wp","href":"https:\/\/api.w.org\/{rel}","templated":true}]}}