{"id":5810,"date":"2019-08-09T17:29:44","date_gmt":"2019-08-09T20:29:44","guid":{"rendered":"http:\/\/www.caritasne2.org.br\/?p=5810"},"modified":"2019-08-09T17:29:45","modified_gmt":"2019-08-09T20:29:45","slug":"encontro-em-olinda-acolhe-os-novos-profissionais-da-caritas","status":"publish","type":"post","link":"https:\/\/www.caritasne2.org.br\/site\/encontro-em-olinda-acolhe-os-novos-profissionais-da-caritas\/","title":{"rendered":"Encontro em Olinda acolhe os novos profissionais da C\u00e1ritas"},"content":{"rendered":"<p style=\"text-align: center;\"><em>A integra\u00e7\u00e3o entre os estados que formam a Regional Nordeste 2 est\u00e1 entre as miss\u00f5es dos novos colaboradores<\/em><\/p>\n<p style=\"text-align: justify;\">N\u00e3o apenas contratar novos profissionais, mas acolher as pessoas que est\u00e3o chegando enquanto Entidade da Igreja Cat\u00f3lica, que dissemina o Evangelho segundo Jesus Cristo. Assim foi como a C\u00e1ritas Brasileira Regional Nordeste 2 recebeu, nessa quinta e sexta-feira (08 e 09), os novos profissionais que, a partir de agora, integram a institui\u00e7\u00e3o e atuar\u00e3o ligados ao Projeto de Promo\u00e7\u00e3o e Defesa de Direitos, na Perspectiva da Constru\u00e7\u00e3o de Sociedades do Bem Viver (Projeto Misereor).<\/p>\n<p style=\"text-align: justify;\">No encontro, os cinco novos colaboradores das \u00e1reas de Comunica\u00e7\u00e3o Social e de Articula\u00e7\u00e3o Pedag\u00f3gica do projeto, tiveram a oportunidade de aprender sobre a miss\u00e3o e estrutura da C\u00e1ritas, assim como das Entidades Membros que formam a Regional NE2 e englobam as C\u00e1ritas Diocesanas dos estados de Pernambuco, Para\u00edba, Rio Grande do Norte e Alagoas. Al\u00e9m da liga\u00e7\u00e3o dessas com as C\u00e1ritas Paroquiais que formam a Rede C\u00e1ritas da regi\u00e3o.<\/p>\n<p style=\"text-align: justify;\"><a href=\"http:\/\/www.caritasne2.org.br\/encontro-em-olinda-acolhe-os-novos-profissionais-da-caritas\/whatsapp-image-2019-08-09-at-17-23-22-1\/\" rel=\"attachment wp-att-5812\"><img decoding=\"async\" loading=\"lazy\" class=\"wp-image-5812 alignleft\" src=\"http:\/\/www.caritasne2.org.br\/wp-content\/uploads\/2019\/08\/WhatsApp-Image-2019-08-09-at-17.23.22-1-300x225.jpeg\" alt=\"\" width=\"183\" height=\"137\" srcset=\"https:\/\/www.caritasne2.org.br\/site\/wp-content\/uploads\/2019\/08\/WhatsApp-Image-2019-08-09-at-17.23.22-1-300x225.jpeg 300w, https:\/\/www.caritasne2.org.br\/site\/wp-content\/uploads\/2019\/08\/WhatsApp-Image-2019-08-09-at-17.23.22-1-768x576.jpeg 768w, https:\/\/www.caritasne2.org.br\/site\/wp-content\/uploads\/2019\/08\/WhatsApp-Image-2019-08-09-at-17.23.22-1-1024x768.jpeg 1024w, https:\/\/www.caritasne2.org.br\/site\/wp-content\/uploads\/2019\/08\/WhatsApp-Image-2019-08-09-at-17.23.22-1.jpeg 1152w\" sizes=\"(max-width: 183px) 100vw, 183px\" \/><\/a>O grupo conheceu tamb\u00e9m o que \u00e9 o projeto Misereor e como ser\u00e1 a nova estrat\u00e9gia de interven\u00e7\u00e3o e atua\u00e7\u00e3o da Regional NE2 atrav\u00e9s dos F\u00f3runs, para promover maior integra\u00e7\u00e3o, envolvimento e comunica\u00e7\u00e3o na Rede. Os novos articuladores pedag\u00f3gicos institucionais ser\u00e3o respons\u00e1veis pela anima\u00e7\u00e3o, monitoramento e sistematiza\u00e7\u00e3o nas devidas regi\u00f5es de atua\u00e7\u00e3o conforme cada edital. E ir\u00e3o ainda colaborar no fortalecimento dos processos de divulga\u00e7\u00e3o das a\u00e7\u00f5es da Rede C\u00e1ritas.<\/p>\n<p style=\"text-align: justify;\">Para o Secret\u00e1rio da Regional, Ant\u00f4nio Lisboa, as contrata\u00e7\u00f5es s\u00e3o fundamentais para o desenvolvimento do Projeto Misereor no regional, mas tamb\u00e9m para uma reestrutura\u00e7\u00e3o nas formas de atua\u00e7\u00e3o institucional. \u201cO momento atual pede uma C\u00e1ritas NE2 trabalhando de forma horizontalizada e fortalecida igualmente em todos os estados em que atuamos. E a comunica\u00e7\u00e3o e os articuladores ser\u00e3o muito importantes para a valida\u00e7\u00e3o dessas mudan\u00e7as\u201d, comenta.<\/p>\n<p>Os novos profissionais contratados foram:<\/p>\n<p><strong>Edital 003\/2019 \u2013 Comunica\u00e7\u00e3o Social<br \/>\n<\/strong>Rossana Ara\u00fajo da Fonseca<\/p>\n<p><strong>Edital 004\/2019 \u2013 <\/strong><strong>Articulador Pedag\u00f3gico Alagoas<br \/>\n<\/strong>Maria Aparecida Mafra Silva<br \/>\n<strong>Edital 005\/2019 \u2013 <\/strong><strong>Articulador Pedag\u00f3gico Pernambuco<br \/>\n<\/strong>Edmilson paulino da Silva<br \/>\n<strong>Edital 006\/2019 \u2013 <\/strong><strong>Articulador Pedag\u00f3gico Para\u00edba<br \/>\n<\/strong>Jos\u00e9 Wellington Barbosa da Silva<br \/>\n<strong>Edital 007\/2019 \u2013 <\/strong><strong>Articulador Pedag\u00f3gico Rio Grande do Norte<br \/>\n<\/strong>Ev\u00e2nia Rodrigues da Silva<\/p>\n<ul class=\"ssb_list_wrapper\"><li class=\"fb2\" style=\"width:135px\"><iframe src=\"\/\/www.facebook.com\/plugins\/like.php?href=https%3A%2F%2Fwww.caritasne2.org.br%2Fsite%2Fencontro-em-olinda-acolhe-os-novos-profissionais-da-caritas%2F&amp;layout=button_count&amp;action=like&amp;show_faces=false&amp;share=true&amp;width=135&amp;height=21&amp;appId=307091639398582\" scrolling=\"no\" frameborder=\"0\" style=\"border:none; overflow:hidden;  width:150px; height:21px;\" allowTransparency=\"true\"><\/iframe><\/li><li class=\"twtr\" style=\"width:90px\"><a href=\"https:\/\/twitter.com\/share\" class=\"twitter-share-button\" data-url=\"https:\/\/www.caritasne2.org.br\/site\/encontro-em-olinda-acolhe-os-novos-profissionais-da-caritas\/\">&nbsp;<\/a><script>!function(d,s,id){var js,fjs=d.getElementsByTagName(s)[0],p=\/^http:\/.test(d.location)?'http':'https';if(!d.getElementById(id)){js=d.createElement(s);js.id=id;js.src=p+':\/\/platform.twitter.com\/widgets.js';fjs.parentNode.insertBefore(js,fjs);}}(document, 'script', 'twitter-wjs');<\/script><\/li><li class=\"gplus\" style=\"width:68px\"><div class=\"g-plusone\" data-size=\"medium\" data-href=\"https:\/\/www.caritasne2.org.br\/site\/encontro-em-olinda-acolhe-os-novos-profissionais-da-caritas\/\"><\/div><\/li><li class=\"ssb_linkedin\" style=\"width:64px\"><script src=\"\/\/platform.linkedin.com\/in.js\" type=\"text\/javascript\">lang: en_US<\/script><script type=\"IN\/Share\" data-url=\"https:\/\/www.caritasne2.org.br\/site\/encontro-em-olinda-acolhe-os-novos-profissionais-da-caritas\/\" data-counter=\"right\"><\/script><\/li><\/ul>","protected":false},"excerpt":{"rendered":"<p>A integra\u00e7\u00e3o entre os estados que formam a Regional Nordeste 2 est\u00e1 entre as miss\u00f5es dos novos colaboradores N\u00e3o apenas contratar novos profissionais, mas acolher as pessoas que est\u00e3o chegando enquanto Entidade da Igreja Cat\u00f3lica, que dissemina o Evangelho segundo Jesus Cristo. Assim foi como a C\u00e1ritas Brasileira Regional Nordeste 2 recebeu, nessa quinta e sexta-feira (08 e 09), os novos profissionais que, a partir [&hellip;]<\/p>\n<ul class=\"ssb_list_wrapper\"><li class=\"fb2\" style=\"width:135px\"><iframe src=\"\/\/www.facebook.com\/plugins\/like.php?href=https%3A%2F%2Fwww.caritasne2.org.br%2Fsite%2Fencontro-em-olinda-acolhe-os-novos-profissionais-da-caritas%2F&amp;layout=button_count&amp;action=like&amp;show_faces=false&amp;share=true&amp;width=135&amp;height=21&amp;appId=307091639398582\" scrolling=\"no\" frameborder=\"0\" style=\"border:none; overflow:hidden;  width:150px; height:21px;\" allowTransparency=\"true\"><\/iframe><\/li><li class=\"twtr\" style=\"width:90px\"><a href=\"https:\/\/twitter.com\/share\" class=\"twitter-share-button\" data-url=\"https:\/\/www.caritasne2.org.br\/site\/encontro-em-olinda-acolhe-os-novos-profissionais-da-caritas\/\">&nbsp;<\/a><script>!function(d,s,id){var js,fjs=d.getElementsByTagName(s)[0],p=\/^http:\/.test(d.location)?'http':'https';if(!d.getElementById(id)){js=d.createElement(s);js.id=id;js.src=p+':\/\/platform.twitter.com\/widgets.js';fjs.parentNode.insertBefore(js,fjs);}}(document, 'script', 'twitter-wjs');<\/script><\/li><li class=\"gplus\" style=\"width:68px\"><div class=\"g-plusone\" data-size=\"medium\" data-href=\"https:\/\/www.caritasne2.org.br\/site\/encontro-em-olinda-acolhe-os-novos-profissionais-da-caritas\/\"><\/div><\/li><li class=\"ssb_linkedin\" style=\"width:64px\"><script src=\"\/\/platform.linkedin.com\/in.js\" type=\"text\/javascript\">lang: en_US<\/script><script type=\"IN\/Share\" data-url=\"https:\/\/www.caritasne2.org.br\/site\/encontro-em-olinda-acolhe-os-novos-profissionais-da-caritas\/\" data-counter=\"right\"><\/script><\/li><\/ul>","protected":false},"author":4,"featured_media":5811,"comment_status":"open","ping_status":"open","sticky":false,"template":"","format":"standard","meta":[],"categories":[21,20],"tags":[],"_links":{"self":[{"href":"https:\/\/www.caritasne2.org.br\/site\/wp-json\/wp\/v2\/posts\/5810"}],"collection":[{"href":"https:\/\/www.caritasne2.org.br\/site\/wp-json\/wp\/v2\/posts"}],"about":[{"href":"https:\/\/www.caritasne2.org.br\/site\/wp-json\/wp\/v2\/types\/post"}],"author":[{"embeddable":true,"href":"https:\/\/www.caritasne2.org.br\/site\/wp-json\/wp\/v2\/users\/4"}],"replies":[{"embeddable":true,"href":"https:\/\/www.caritasne2.org.br\/site\/wp-json\/wp\/v2\/comments?post=5810"}],"version-history":[{"count":0,"href":"https:\/\/www.caritasne2.org.br\/site\/wp-json\/wp\/v2\/posts\/5810\/revisions"}],"wp:featuredmedia":[{"embeddable":true,"href":"https:\/\/www.caritasne2.org.br\/site\/wp-json\/wp\/v2\/media\/5811"}],"wp:attachment":[{"href":"https:\/\/www.caritasne2.org.br\/site\/wp-json\/wp\/v2\/media?parent=5810"}],"wp:term":[{"taxonomy":"category","embeddable":true,"href":"https:\/\/www.caritasne2.org.br\/site\/wp-json\/wp\/v2\/categories?post=5810"},{"taxonomy":"post_tag","embeddable":true,"href":"https:\/\/www.caritasne2.org.br\/site\/wp-json\/wp\/v2\/tags?post=5810"}],"curies":[{"name":"wp","href":"https:\/\/api.w.org\/{rel}","templated":true}]}}