{"id":5804,"date":"2019-08-06T16:53:03","date_gmt":"2019-08-06T19:53:03","guid":{"rendered":"http:\/\/www.caritasne2.org.br\/?p=5804"},"modified":"2019-08-06T16:53:04","modified_gmt":"2019-08-06T19:53:04","slug":"gastronomia-venezuelana-e-mostrada-no-recife-com-apoio-do-pana","status":"publish","type":"post","link":"https:\/\/www.caritasne2.org.br\/site\/gastronomia-venezuelana-e-mostrada-no-recife-com-apoio-do-pana\/","title":{"rendered":"Gastronomia venezuelana \u00e9 mostrada no Recife com apoio do Pana"},"content":{"rendered":"<p style=\"text-align: justify;\">Os t\u00e9cnicos do Programa de Acolhimento a Migrantes e Refugiados (Pana) participaram, na noite desta segunda-feira (05), da aula show de gastronomia venezuelana, realizada pelo migrante Cezar Herrera, que aconteceu na cozinha escola do curso de gastronomia da Faculdade Metropolitana do Grande Recife. No card\u00e1pio, 10 formas de fazer risoto com um tempero do pa\u00eds vizinho, que guarda seus costumes, cultura e jeito pr\u00f3prio de cozinhar.<\/p>\n<p style=\"text-align: justify;\"><a href=\"http:\/\/www.caritasne2.org.br\/gastronomia-venezuelana-e-mostrada-no-recife-com-apoio-do-pana\/1-7\/\" rel=\"attachment wp-att-5806\"><img decoding=\"async\" loading=\"lazy\" class=\" wp-image-5806 alignright\" src=\"http:\/\/www.caritasne2.org.br\/wp-content\/uploads\/2019\/08\/1-300x201.png\" alt=\"\" width=\"245\" height=\"164\" srcset=\"https:\/\/www.caritasne2.org.br\/site\/wp-content\/uploads\/2019\/08\/1-300x200.png 300w, https:\/\/www.caritasne2.org.br\/site\/wp-content\/uploads\/2019\/08\/1-768x514.png 768w, https:\/\/www.caritasne2.org.br\/site\/wp-content\/uploads\/2019\/08\/1-1024x685.png 1024w, https:\/\/www.caritasne2.org.br\/site\/wp-content\/uploads\/2019\/08\/1.png 1036w\" sizes=\"(max-width: 245px) 100vw, 245px\" \/><\/a>A atividade marcou o primeiro dia de trabalho do chef como t\u00e9cnico de laborat\u00f3rio da cozinha universit\u00e1ria. Formado na Venezuela, Cezar \u00e9 um dos estrangeiros que chegaram ao Recife e encontraram apoio na Casa de Direitos, que funciona de 2\u00aa a 5\u00aa, no Bloco E da Universidade Cat\u00f3lica de Pernambuco e conta com a presen\u00e7a dos colaboradores do Pana, uma a\u00e7\u00e3o da C\u00e1ritas Nordeste 2, financiada pelo Departamento de Estado dos Estados Unidos.<\/p>\n<p style=\"text-align: justify;\">No Programa, a C\u00e1ritas Brasileira\/CNBB, atrav\u00e9s da Regional Nordeste 2 \u00e9 respons\u00e1vel pela estadia dos venezuelanos que vieram para Pernambuco pelo Plano de interioriza\u00e7\u00e3o do Governo brasileiro, por meio do Comit\u00ea Nacional para Refugiados e operacionalizado pelo Alto Comissariado das Na\u00e7\u00f5es Unidas. Al\u00e9m da acolhida, o Pana fornece alimenta\u00e7\u00e3o, apoio jur\u00eddico, psicossocial e outras necessidades como apoio para a empregabilidade e constru\u00e7\u00e3o da autonomia.<\/p>\n<p style=\"text-align: justify;\">O evento de ontem, tamb\u00e9m marcou a doa\u00e7\u00e3o de mais de 150 kg de alimentos que j\u00e1 est\u00e3o sendo distribu\u00eddos entre os migrantes venezuelanos que est\u00e3o vivendo no estado. Quem quiser fazer outras doa\u00e7\u00f5es, tamb\u00e9m pode se dirigir a Casa de Direitos, um espa\u00e7o aberto para migrantes e refugiados de qualquer nacionalidade, que buscam acesso \u00e0s politicas p\u00fablicas e ao sistema de garantia de direitos.<\/p>\n<ul class=\"ssb_list_wrapper\"><li class=\"fb2\" style=\"width:135px\"><iframe src=\"\/\/www.facebook.com\/plugins\/like.php?href=https%3A%2F%2Fwww.caritasne2.org.br%2Fsite%2Fgastronomia-venezuelana-e-mostrada-no-recife-com-apoio-do-pana%2F&amp;layout=button_count&amp;action=like&amp;show_faces=false&amp;share=true&amp;width=135&amp;height=21&amp;appId=307091639398582\" scrolling=\"no\" frameborder=\"0\" style=\"border:none; overflow:hidden;  width:150px; height:21px;\" allowTransparency=\"true\"><\/iframe><\/li><li class=\"twtr\" style=\"width:90px\"><a href=\"https:\/\/twitter.com\/share\" class=\"twitter-share-button\" data-url=\"https:\/\/www.caritasne2.org.br\/site\/gastronomia-venezuelana-e-mostrada-no-recife-com-apoio-do-pana\/\">&nbsp;<\/a><script>!function(d,s,id){var js,fjs=d.getElementsByTagName(s)[0],p=\/^http:\/.test(d.location)?'http':'https';if(!d.getElementById(id)){js=d.createElement(s);js.id=id;js.src=p+':\/\/platform.twitter.com\/widgets.js';fjs.parentNode.insertBefore(js,fjs);}}(document, 'script', 'twitter-wjs');<\/script><\/li><li class=\"gplus\" style=\"width:68px\"><div class=\"g-plusone\" data-size=\"medium\" data-href=\"https:\/\/www.caritasne2.org.br\/site\/gastronomia-venezuelana-e-mostrada-no-recife-com-apoio-do-pana\/\"><\/div><\/li><li class=\"ssb_linkedin\" style=\"width:64px\"><script src=\"\/\/platform.linkedin.com\/in.js\" type=\"text\/javascript\">lang: en_US<\/script><script type=\"IN\/Share\" data-url=\"https:\/\/www.caritasne2.org.br\/site\/gastronomia-venezuelana-e-mostrada-no-recife-com-apoio-do-pana\/\" data-counter=\"right\"><\/script><\/li><\/ul>","protected":false},"excerpt":{"rendered":"<p>Os t\u00e9cnicos do Programa de Acolhimento a Migrantes e Refugiados (Pana) participaram, na noite desta segunda-feira (05), da aula show de gastronomia venezuelana, realizada pelo migrante Cezar Herrera, que aconteceu na cozinha escola do curso de gastronomia da Faculdade Metropolitana do Grande Recife. No card\u00e1pio, 10 formas de fazer risoto com um tempero do pa\u00eds vizinho, que guarda seus costumes, cultura e jeito pr\u00f3prio de [&hellip;]<\/p>\n<ul class=\"ssb_list_wrapper\"><li class=\"fb2\" style=\"width:135px\"><iframe src=\"\/\/www.facebook.com\/plugins\/like.php?href=https%3A%2F%2Fwww.caritasne2.org.br%2Fsite%2Fgastronomia-venezuelana-e-mostrada-no-recife-com-apoio-do-pana%2F&amp;layout=button_count&amp;action=like&amp;show_faces=false&amp;share=true&amp;width=135&amp;height=21&amp;appId=307091639398582\" scrolling=\"no\" frameborder=\"0\" style=\"border:none; overflow:hidden;  width:150px; height:21px;\" allowTransparency=\"true\"><\/iframe><\/li><li class=\"twtr\" style=\"width:90px\"><a href=\"https:\/\/twitter.com\/share\" class=\"twitter-share-button\" data-url=\"https:\/\/www.caritasne2.org.br\/site\/gastronomia-venezuelana-e-mostrada-no-recife-com-apoio-do-pana\/\">&nbsp;<\/a><script>!function(d,s,id){var js,fjs=d.getElementsByTagName(s)[0],p=\/^http:\/.test(d.location)?'http':'https';if(!d.getElementById(id)){js=d.createElement(s);js.id=id;js.src=p+':\/\/platform.twitter.com\/widgets.js';fjs.parentNode.insertBefore(js,fjs);}}(document, 'script', 'twitter-wjs');<\/script><\/li><li class=\"gplus\" style=\"width:68px\"><div class=\"g-plusone\" data-size=\"medium\" data-href=\"https:\/\/www.caritasne2.org.br\/site\/gastronomia-venezuelana-e-mostrada-no-recife-com-apoio-do-pana\/\"><\/div><\/li><li class=\"ssb_linkedin\" style=\"width:64px\"><script src=\"\/\/platform.linkedin.com\/in.js\" type=\"text\/javascript\">lang: en_US<\/script><script type=\"IN\/Share\" data-url=\"https:\/\/www.caritasne2.org.br\/site\/gastronomia-venezuelana-e-mostrada-no-recife-com-apoio-do-pana\/\" data-counter=\"right\"><\/script><\/li><\/ul>","protected":false},"author":4,"featured_media":5805,"comment_status":"open","ping_status":"open","sticky":false,"template":"","format":"standard","meta":[],"categories":[21,20],"tags":[],"_links":{"self":[{"href":"https:\/\/www.caritasne2.org.br\/site\/wp-json\/wp\/v2\/posts\/5804"}],"collection":[{"href":"https:\/\/www.caritasne2.org.br\/site\/wp-json\/wp\/v2\/posts"}],"about":[{"href":"https:\/\/www.caritasne2.org.br\/site\/wp-json\/wp\/v2\/types\/post"}],"author":[{"embeddable":true,"href":"https:\/\/www.caritasne2.org.br\/site\/wp-json\/wp\/v2\/users\/4"}],"replies":[{"embeddable":true,"href":"https:\/\/www.caritasne2.org.br\/site\/wp-json\/wp\/v2\/comments?post=5804"}],"version-history":[{"count":0,"href":"https:\/\/www.caritasne2.org.br\/site\/wp-json\/wp\/v2\/posts\/5804\/revisions"}],"wp:featuredmedia":[{"embeddable":true,"href":"https:\/\/www.caritasne2.org.br\/site\/wp-json\/wp\/v2\/media\/5805"}],"wp:attachment":[{"href":"https:\/\/www.caritasne2.org.br\/site\/wp-json\/wp\/v2\/media?parent=5804"}],"wp:term":[{"taxonomy":"category","embeddable":true,"href":"https:\/\/www.caritasne2.org.br\/site\/wp-json\/wp\/v2\/categories?post=5804"},{"taxonomy":"post_tag","embeddable":true,"href":"https:\/\/www.caritasne2.org.br\/site\/wp-json\/wp\/v2\/tags?post=5804"}],"curies":[{"name":"wp","href":"https:\/\/api.w.org\/{rel}","templated":true}]}}