{"id":5691,"date":"2019-04-22T18:26:43","date_gmt":"2019-04-22T21:26:43","guid":{"rendered":"http:\/\/www.caritasne2.org.br\/?p=5691"},"modified":"2019-04-22T18:26:43","modified_gmt":"2019-04-22T21:26:43","slug":"processo-seletivo-preve-vaga-para-educador-social-no-recife","status":"publish","type":"post","link":"https:\/\/www.caritasne2.org.br\/site\/processo-seletivo-preve-vaga-para-educador-social-no-recife\/","title":{"rendered":"Processo seletivo prev\u00ea vaga para educador social no Recife"},"content":{"rendered":"<p>A C\u00e1ritas Brasileira lan\u00e7ou, na \u00faltima quinta-feira (18), <a href=\"http:\/\/www.caritasne2.org.br\/wp-content\/uploads\/2019\/04\/Processo-Seletivo-Simplificado-para-Contrata\u00e7\u00e3o-de-Educador-Social.pdf\">edital<\/a> para a sele\u00e7\u00e3o de educador social para atua\u00e7\u00e3o no projeto &#8220;Movimento Juvenil de Articula\u00e7\u00e3o Comunit\u00e1ria: Uma interven\u00e7\u00e3o urbana para a constru\u00e7\u00e3o de uma cultura de paz na Zona Norte do Recife (PE)&#8221;.<\/p>\n<p>Os interessados devem preencher os pr\u00e9-requisitos mencionados no edital e enviar o curr\u00edculo, at\u00e9 a pr\u00f3xima sexta-feira (26), para o endere\u00e7o eletr\u00f4nico caritasne2@caritasne2.org.br ou entregar o documento f\u00edsico na sede do escrit\u00f3rio Regional da C\u00e1ritas Brasileira Nordeste 2.<\/p>\n<p>O edital est\u00e1 dispon\u00edvel no link acima e no <a href=\"http:\/\/www.caritasne2.org.br\/editais\/processos-seletivos\/\">site da C\u00e1ritas NE2.<\/a><\/p>\n<p>&nbsp;<\/p>\n<ul class=\"ssb_list_wrapper\"><li class=\"fb2\" style=\"width:135px\"><iframe src=\"\/\/www.facebook.com\/plugins\/like.php?href=https%3A%2F%2Fwww.caritasne2.org.br%2Fsite%2Fprocesso-seletivo-preve-vaga-para-educador-social-no-recife%2F&amp;layout=button_count&amp;action=like&amp;show_faces=false&amp;share=true&amp;width=135&amp;height=21&amp;appId=307091639398582\" scrolling=\"no\" frameborder=\"0\" style=\"border:none; overflow:hidden;  width:150px; height:21px;\" allowTransparency=\"true\"><\/iframe><\/li><li class=\"twtr\" style=\"width:90px\"><a href=\"https:\/\/twitter.com\/share\" class=\"twitter-share-button\" data-url=\"https:\/\/www.caritasne2.org.br\/site\/processo-seletivo-preve-vaga-para-educador-social-no-recife\/\">&nbsp;<\/a><script>!function(d,s,id){var js,fjs=d.getElementsByTagName(s)[0],p=\/^http:\/.test(d.location)?'http':'https';if(!d.getElementById(id)){js=d.createElement(s);js.id=id;js.src=p+':\/\/platform.twitter.com\/widgets.js';fjs.parentNode.insertBefore(js,fjs);}}(document, 'script', 'twitter-wjs');<\/script><\/li><li class=\"gplus\" style=\"width:68px\"><div class=\"g-plusone\" data-size=\"medium\" data-href=\"https:\/\/www.caritasne2.org.br\/site\/processo-seletivo-preve-vaga-para-educador-social-no-recife\/\"><\/div><\/li><li class=\"ssb_linkedin\" style=\"width:64px\"><script src=\"\/\/platform.linkedin.com\/in.js\" type=\"text\/javascript\">lang: en_US<\/script><script type=\"IN\/Share\" data-url=\"https:\/\/www.caritasne2.org.br\/site\/processo-seletivo-preve-vaga-para-educador-social-no-recife\/\" data-counter=\"right\"><\/script><\/li><\/ul>","protected":false},"excerpt":{"rendered":"<p>A C\u00e1ritas Brasileira lan\u00e7ou, na \u00faltima quinta-feira (18), edital para a sele\u00e7\u00e3o de educador social para atua\u00e7\u00e3o no projeto &#8220;Movimento Juvenil de Articula\u00e7\u00e3o Comunit\u00e1ria: Uma interven\u00e7\u00e3o urbana para a constru\u00e7\u00e3o de uma cultura de paz na Zona Norte do Recife (PE)&#8221;. Os interessados devem preencher os pr\u00e9-requisitos mencionados no edital e enviar o curr\u00edculo, at\u00e9 a pr\u00f3xima sexta-feira (26), para o endere\u00e7o eletr\u00f4nico caritasne2@caritasne2.org.br ou [&hellip;]<\/p>\n<ul class=\"ssb_list_wrapper\"><li class=\"fb2\" style=\"width:135px\"><iframe src=\"\/\/www.facebook.com\/plugins\/like.php?href=https%3A%2F%2Fwww.caritasne2.org.br%2Fsite%2Fprocesso-seletivo-preve-vaga-para-educador-social-no-recife%2F&amp;layout=button_count&amp;action=like&amp;show_faces=false&amp;share=true&amp;width=135&amp;height=21&amp;appId=307091639398582\" scrolling=\"no\" frameborder=\"0\" style=\"border:none; overflow:hidden;  width:150px; height:21px;\" allowTransparency=\"true\"><\/iframe><\/li><li class=\"twtr\" style=\"width:90px\"><a href=\"https:\/\/twitter.com\/share\" class=\"twitter-share-button\" data-url=\"https:\/\/www.caritasne2.org.br\/site\/processo-seletivo-preve-vaga-para-educador-social-no-recife\/\">&nbsp;<\/a><script>!function(d,s,id){var js,fjs=d.getElementsByTagName(s)[0],p=\/^http:\/.test(d.location)?'http':'https';if(!d.getElementById(id)){js=d.createElement(s);js.id=id;js.src=p+':\/\/platform.twitter.com\/widgets.js';fjs.parentNode.insertBefore(js,fjs);}}(document, 'script', 'twitter-wjs');<\/script><\/li><li class=\"gplus\" style=\"width:68px\"><div class=\"g-plusone\" data-size=\"medium\" data-href=\"https:\/\/www.caritasne2.org.br\/site\/processo-seletivo-preve-vaga-para-educador-social-no-recife\/\"><\/div><\/li><li class=\"ssb_linkedin\" style=\"width:64px\"><script src=\"\/\/platform.linkedin.com\/in.js\" type=\"text\/javascript\">lang: en_US<\/script><script type=\"IN\/Share\" data-url=\"https:\/\/www.caritasne2.org.br\/site\/processo-seletivo-preve-vaga-para-educador-social-no-recife\/\" data-counter=\"right\"><\/script><\/li><\/ul>","protected":false},"author":4,"featured_media":5698,"comment_status":"open","ping_status":"open","sticky":false,"template":"","format":"standard","meta":[],"categories":[21,25,28],"tags":[1234,769],"_links":{"self":[{"href":"https:\/\/www.caritasne2.org.br\/site\/wp-json\/wp\/v2\/posts\/5691"}],"collection":[{"href":"https:\/\/www.caritasne2.org.br\/site\/wp-json\/wp\/v2\/posts"}],"about":[{"href":"https:\/\/www.caritasne2.org.br\/site\/wp-json\/wp\/v2\/types\/post"}],"author":[{"embeddable":true,"href":"https:\/\/www.caritasne2.org.br\/site\/wp-json\/wp\/v2\/users\/4"}],"replies":[{"embeddable":true,"href":"https:\/\/www.caritasne2.org.br\/site\/wp-json\/wp\/v2\/comments?post=5691"}],"version-history":[{"count":0,"href":"https:\/\/www.caritasne2.org.br\/site\/wp-json\/wp\/v2\/posts\/5691\/revisions"}],"wp:featuredmedia":[{"embeddable":true,"href":"https:\/\/www.caritasne2.org.br\/site\/wp-json\/wp\/v2\/media\/5698"}],"wp:attachment":[{"href":"https:\/\/www.caritasne2.org.br\/site\/wp-json\/wp\/v2\/media?parent=5691"}],"wp:term":[{"taxonomy":"category","embeddable":true,"href":"https:\/\/www.caritasne2.org.br\/site\/wp-json\/wp\/v2\/categories?post=5691"},{"taxonomy":"post_tag","embeddable":true,"href":"https:\/\/www.caritasne2.org.br\/site\/wp-json\/wp\/v2\/tags?post=5691"}],"curies":[{"name":"wp","href":"https:\/\/api.w.org\/{rel}","templated":true}]}}