{"id":5613,"date":"2018-07-27T12:17:26","date_gmt":"2018-07-27T15:17:26","guid":{"rendered":"http:\/\/www.caritasne2.org.br\/?p=5613"},"modified":"2018-07-31T14:27:00","modified_gmt":"2018-07-31T17:27:00","slug":"caritas-brasileira-e-fundacao-banco-do-brasil-atuam-em-projeto-de-revitalizacao-de-feiras-livres","status":"publish","type":"post","link":"https:\/\/www.caritasne2.org.br\/site\/caritas-brasileira-e-fundacao-banco-do-brasil-atuam-em-projeto-de-revitalizacao-de-feiras-livres\/","title":{"rendered":"C\u00e1ritas Brasileira e Funda\u00e7\u00e3o Banco do Brasil atuam em projeto de revitaliza\u00e7\u00e3o de feiras livres"},"content":{"rendered":"<p>\u00c0s margens do Rio Paragua\u00e7u est\u00e1 a centen\u00e1ria Cachoeira, distante 120 quil\u00f4metros da capital Baiana, Salvador. No munic\u00edpio de casario barroco, das suas igrejas e museus, cidade considerada monumento nacional pelo Instituto do Patrim\u00f4nio Hist\u00f3rico e Art\u00edstico Nacional (Iphan), vive Ileyldes dos Santos Concei\u00e7\u00e3o, presidente da Associa\u00e7\u00e3o de Feirantes do Mercado Municipal de Cachoeira (AFMMC), ou a Feira Livre de Cachoeira, em que cerca de 400 feirantes comercializam seus produtos.<\/p>\n<p>Entre sabores, saberes, cores, odores, sonoridades, tecidos e tessituras que comp\u00f5em \u00e0s rela\u00e7\u00f5es sociais e a organiza\u00e7\u00e3o do espa\u00e7o, h\u00e1 18 anos Ileyldes vive na feira e da feria. Inicia seu trabalho \u00e0s 6h da manh\u00e3 e encerra \u00e0s 17h. \u201cA Feira representa muito para mim; \u00e9 de onde tiro o sustento da minha fam\u00edlia. Onde criei meus filhos, mesmo em situa\u00e7\u00f5es de baixas vendas. Mas al\u00e9m do trabalho tem o envolvimento com pessoas e fa\u00e7o muitas amizades\u201d, conta a presidente.<\/p>\n<div id=\"attachment_39512\" class=\"wp-caption aligncenter\">\n<p class=\"wp-caption-text\">Ileyldes diz que est\u00e1 animada e esperan\u00e7osa com a chegada do\u00a0<em>Projeto<\/em>\u00a0<em>Nossa Feira popular e solid\u00e1ria,<\/em>um conv\u00eanio entre C\u00e1ritas Brasileira e a Funda\u00e7\u00e3o Banco do Brasil (FBB) que prop\u00f5em, em di\u00e1logo com a comunidade local, a revitaliza\u00e7\u00e3o e manuten\u00e7\u00e3o das feiras livres de 22 munic\u00edpios dos estados da Bahia, Piau\u00ed, Maranh\u00e3o e Para\u00edba. Aproximadamente 476.66 mil pessoas estar\u00e3o envolvidas nessa ciranda popular e solid\u00e1ria.<\/p>\n<\/div>\n<p>A proposta do projeto \u00e9 a revitaliza\u00e7\u00e3o de feiras livres, garantindo a melhoria da infraestrutura utilizada pelos feirantes, o acesso a tecnologias como tamb\u00e9m maior acessibilidade da popula\u00e7\u00e3o local aos espa\u00e7os. Ileyldes diz que com a chegada do\u00a0<em>Projeto Nossa Feira,\u00a0<\/em>\u201cteremos uma feira organizada. Organizando a feira, teremos novas barracas, feira limpa, estruturada isso nos dar\u00e1 possibilidade de melhoria e crescimento em nossa renda\u201d.<\/p>\n<p><img decoding=\"async\" loading=\"lazy\" class=\"size-medium wp-image-5615 alignleft\" src=\"http:\/\/www.caritasne2.org.br\/wp-content\/uploads\/2018\/07\/Nossa-Feira-300x300.jpg\" alt=\"\" width=\"300\" height=\"300\" srcset=\"https:\/\/www.caritasne2.org.br\/site\/wp-content\/uploads\/2018\/07\/Nossa-Feira-300x300.jpg 300w, https:\/\/www.caritasne2.org.br\/site\/wp-content\/uploads\/2018\/07\/Nossa-Feira-150x150.jpg 150w, https:\/\/www.caritasne2.org.br\/site\/wp-content\/uploads\/2018\/07\/Nossa-Feira-768x768.jpg 768w, https:\/\/www.caritasne2.org.br\/site\/wp-content\/uploads\/2018\/07\/Nossa-Feira-1024x1024.jpg 1024w, https:\/\/www.caritasne2.org.br\/site\/wp-content\/uploads\/2018\/07\/Nossa-Feira.jpg 1772w\" sizes=\"(max-width: 300px) 100vw, 300px\" \/>O projeto tamb\u00e9m vai trabalhar para minimizar a produ\u00e7\u00e3o de res\u00edduos s\u00f3lidos e organizar, de forma adequada, o que for produzido. A proposta \u00e9 que os res\u00edduos secos sejam encaminhados para organiza\u00e7\u00f5es que catam materiais recicl\u00e1veis e os res\u00edduos org\u00e2nicos para produ\u00e7\u00e3o de adubos que, posteriormente, dever\u00e3o ser distribu\u00eddos aos agricultores\/as rurais e urbanos dos munic\u00edpios. Para isso, o poder p\u00fablico tamb\u00e9m est\u00e1 envolvido no processo.<\/p>\n<p>Para fundamentar o processo ser\u00e1 empregada a Tecnologia Social Oasis, uma ferramenta de mobiliza\u00e7\u00e3o que visa favorecer o desenvolvimento comunit\u00e1rio atrav\u00e9s do protagonismo cidad\u00e3o e estimular comunidades na coopera\u00e7\u00e3o e empreendedorismo, ampliando sua capacidade de propor a\u00e7\u00f5es criativas para a resolu\u00e7\u00e3o de problemas, e assim criar bases para o sucesso de pol\u00edticas p\u00fablicas participativas.<\/p>\n<p>Para o gerente da Ag\u00eancia Banco do Brasil (BB) de Cachoeira, Raul Alexandre Teixeira Bispo, o\u00a0<em>Projeto Nossa Feira<\/em>\u00a0fortalece ainda mais a intera\u00e7\u00e3o do Banco com a sociedade, pois segundo ele a \u201ca\u00e7\u00e3o contribui para fortalecer o papel no BB como institui\u00e7\u00e3o provedora de desenvolvimento em Cachoeira e fortalece a miss\u00e3o de Banco P\u00fablico e o seu compromisso social\u201d, conta.<\/p>\n<p>Raul lembra que: \u201cO munic\u00edpio de Cachoeira e sua Feira Livre s\u00e3o tombados como Patrim\u00f4nio Hist\u00f3rico, percebe-se o tamanho da import\u00e2ncia que tem para toda a comunidade o desenvolvimento desse projeto com a colabora\u00e7\u00e3o de nossa Ag\u00eancia de Cachoeira\u201d. Por fim ele ressalta que o BB tem uma importante participa\u00e7\u00e3o no fortalecimento da agricultura familiar do mun\u00edcipio. \u201cAcreditamos estar diante de grande projeto, capitaneados pela Funda\u00e7\u00e3o Banco do Brasil, em parceria com a respeitada e experiente entidade que \u00e9 a C\u00e1ritas, imbu\u00eddos todos, no objetivo de dar uma nova vida e cara \u00e0 nossa Feira\u201d, finalizou o gerente.<\/p>\n<div id=\"attachment_39513\" class=\"wp-caption aligncenter\">\n<p class=\"wp-caption-text\">Dos 22 munic\u00edpios brasileiros que est\u00e3o recebendo o projeto, nove est\u00e3o no estado da Bahia. Gilmar dos Santos, agente C\u00e1ritas, articulador do\u00a0<em>Nossa Feira<\/em>\u00a0nas cidades Baianas de Cachoeira, S\u00e3o Felix e Cris\u00f3polis, conta sobre a chegada do projeto em seu estado: \u201cA Bahia recebeu com grande alegria e expectativa o\u00a0<em>Projeto Nossa Feira Popular e Solid\u00e1ria<\/em>, iniciativa da C\u00e1ritas Brasileira e da Funda\u00e7\u00e3o Banco do Brasil com o importante apoio e parceria do poder p\u00fablico local, das ger\u00eancias do BB e dos grupos de feirantes. O projeto visa \u00e0 revitaliza\u00e7\u00e3o das feiras livres a partir do reconhecimento e valoriza\u00e7\u00e3o dos saberes e sabores que existem nesses ambientes\u201d.<\/p>\n<\/div>\n<p>Gilmar observa que as Feiras Livres, existentes em quase todos os munic\u00edpios brasileiros, \u201cs\u00e3o muito mais do que espa\u00e7os de circula\u00e7\u00e3o de mercadorias, s\u00e3o espa\u00e7os de reprodu\u00e7\u00e3o f\u00edsica e cultural, lugar de encontros, solidariedade e vida. Por outro lado s\u00e3o espa\u00e7os que precisam de uma maior aten\u00e7\u00e3o dos \u00f3rg\u00e3os p\u00fablicos considerando que em muitos munic\u00edpios ainda persistem a desorganiza\u00e7\u00e3o do espa\u00e7o; aus\u00eancia de pol\u00edticas para viabilizar a coleta seletiva de res\u00edduos; a aus\u00eancia ou precariza\u00e7\u00e3o das barracas; a falta de acesso a novas tecnologias de comercializa\u00e7\u00e3o; a falta de integra\u00e7\u00e3o dos grupos culturais nos ambientes de feira; a aus\u00eancia de iniciativas de fundos rotativos solid\u00e1rios; a falta de pol\u00edticas de cr\u00e9ditos espec\u00edficas para os feirantes, bem como a falta de reconhecimento e valoriza\u00e7\u00e3o desses espa\u00e7os enquanto patrim\u00f4nio cultural material e imaterial do povo brasileiro\u201d, sublinha o agente C\u00e1ritas. Para Gilmar todos esses elementos se constituem como desafios e potencialidades para que o\u00a0<em>Projeto Nossa Feira<\/em>\u00a0contribua para que as Feiras Livres se tornem sempre mais prestigiadas, atraentes, din\u00e2micas, sustent\u00e1veis, populares e solid\u00e1rias.<\/p>\n<div id=\"attachment_39514\" class=\"wp-caption aligncenter\">\n<p class=\"wp-caption-text\">Dentre as atividades programadas para a implementa\u00e7\u00e3o do\u00a0<em>Projeto Nosso Feira<\/em>, os agentes da C\u00e1ritas Brasileira j\u00e1 realizaram reuni\u00f5es de articula\u00e7\u00e3o e mobiliza\u00e7\u00e3o para construir parcerias com o poder p\u00fablico e feirantes.\u00a0 E est\u00e1 em processo de conclus\u00e3o o diagn\u00f3stico da realidade local, o marco zero. Esse processo j\u00e1 envolveu 1.967 feirantes.<\/p>\n<\/div>\n<div id=\"attachment_39515\" class=\"wp-caption aligncenter\">\n<p class=\"wp-caption-text\"><em>Por Osnilda Lima|Rede de Comunicadores\/as da C\u00e1ritas Brasileira<\/em><\/p>\n<\/div>\n<ul class=\"ssb_list_wrapper\"><li class=\"fb2\" style=\"width:135px\"><iframe src=\"\/\/www.facebook.com\/plugins\/like.php?href=https%3A%2F%2Fwww.caritasne2.org.br%2Fsite%2Fcaritas-brasileira-e-fundacao-banco-do-brasil-atuam-em-projeto-de-revitalizacao-de-feiras-livres%2F&amp;layout=button_count&amp;action=like&amp;show_faces=false&amp;share=true&amp;width=135&amp;height=21&amp;appId=307091639398582\" scrolling=\"no\" frameborder=\"0\" style=\"border:none; overflow:hidden;  width:150px; height:21px;\" allowTransparency=\"true\"><\/iframe><\/li><li class=\"twtr\" style=\"width:90px\"><a href=\"https:\/\/twitter.com\/share\" class=\"twitter-share-button\" data-url=\"https:\/\/www.caritasne2.org.br\/site\/caritas-brasileira-e-fundacao-banco-do-brasil-atuam-em-projeto-de-revitalizacao-de-feiras-livres\/\">&nbsp;<\/a><script>!function(d,s,id){var js,fjs=d.getElementsByTagName(s)[0],p=\/^http:\/.test(d.location)?'http':'https';if(!d.getElementById(id)){js=d.createElement(s);js.id=id;js.src=p+':\/\/platform.twitter.com\/widgets.js';fjs.parentNode.insertBefore(js,fjs);}}(document, 'script', 'twitter-wjs');<\/script><\/li><li class=\"gplus\" style=\"width:68px\"><div class=\"g-plusone\" data-size=\"medium\" data-href=\"https:\/\/www.caritasne2.org.br\/site\/caritas-brasileira-e-fundacao-banco-do-brasil-atuam-em-projeto-de-revitalizacao-de-feiras-livres\/\"><\/div><\/li><li class=\"ssb_linkedin\" style=\"width:64px\"><script src=\"\/\/platform.linkedin.com\/in.js\" type=\"text\/javascript\">lang: en_US<\/script><script type=\"IN\/Share\" data-url=\"https:\/\/www.caritasne2.org.br\/site\/caritas-brasileira-e-fundacao-banco-do-brasil-atuam-em-projeto-de-revitalizacao-de-feiras-livres\/\" data-counter=\"right\"><\/script><\/li><\/ul>","protected":false},"excerpt":{"rendered":"<p>\u00c0s margens do Rio Paragua\u00e7u est\u00e1 a centen\u00e1ria Cachoeira, distante 120 quil\u00f4metros da capital Baiana, Salvador. No munic\u00edpio de casario barroco, das suas igrejas e museus, cidade considerada monumento nacional pelo Instituto do Patrim\u00f4nio Hist\u00f3rico e Art\u00edstico Nacional (Iphan), vive Ileyldes dos Santos Concei\u00e7\u00e3o, presidente da Associa\u00e7\u00e3o de Feirantes do Mercado Municipal de Cachoeira (AFMMC), ou a Feira Livre de Cachoeira, em que cerca de [&hellip;]<\/p>\n<ul class=\"ssb_list_wrapper\"><li class=\"fb2\" style=\"width:135px\"><iframe src=\"\/\/www.facebook.com\/plugins\/like.php?href=https%3A%2F%2Fwww.caritasne2.org.br%2Fsite%2Fcaritas-brasileira-e-fundacao-banco-do-brasil-atuam-em-projeto-de-revitalizacao-de-feiras-livres%2F&amp;layout=button_count&amp;action=like&amp;show_faces=false&amp;share=true&amp;width=135&amp;height=21&amp;appId=307091639398582\" scrolling=\"no\" frameborder=\"0\" style=\"border:none; overflow:hidden;  width:150px; height:21px;\" allowTransparency=\"true\"><\/iframe><\/li><li class=\"twtr\" style=\"width:90px\"><a href=\"https:\/\/twitter.com\/share\" class=\"twitter-share-button\" data-url=\"https:\/\/www.caritasne2.org.br\/site\/caritas-brasileira-e-fundacao-banco-do-brasil-atuam-em-projeto-de-revitalizacao-de-feiras-livres\/\">&nbsp;<\/a><script>!function(d,s,id){var js,fjs=d.getElementsByTagName(s)[0],p=\/^http:\/.test(d.location)?'http':'https';if(!d.getElementById(id)){js=d.createElement(s);js.id=id;js.src=p+':\/\/platform.twitter.com\/widgets.js';fjs.parentNode.insertBefore(js,fjs);}}(document, 'script', 'twitter-wjs');<\/script><\/li><li class=\"gplus\" style=\"width:68px\"><div class=\"g-plusone\" data-size=\"medium\" data-href=\"https:\/\/www.caritasne2.org.br\/site\/caritas-brasileira-e-fundacao-banco-do-brasil-atuam-em-projeto-de-revitalizacao-de-feiras-livres\/\"><\/div><\/li><li class=\"ssb_linkedin\" style=\"width:64px\"><script src=\"\/\/platform.linkedin.com\/in.js\" type=\"text\/javascript\">lang: en_US<\/script><script type=\"IN\/Share\" data-url=\"https:\/\/www.caritasne2.org.br\/site\/caritas-brasileira-e-fundacao-banco-do-brasil-atuam-em-projeto-de-revitalizacao-de-feiras-livres\/\" data-counter=\"right\"><\/script><\/li><\/ul>","protected":false},"author":4,"featured_media":5614,"comment_status":"open","ping_status":"open","sticky":false,"template":"","format":"standard","meta":[],"categories":[21,200],"tags":[46,1222,1220,1013,1221,1223],"_links":{"self":[{"href":"https:\/\/www.caritasne2.org.br\/site\/wp-json\/wp\/v2\/posts\/5613"}],"collection":[{"href":"https:\/\/www.caritasne2.org.br\/site\/wp-json\/wp\/v2\/posts"}],"about":[{"href":"https:\/\/www.caritasne2.org.br\/site\/wp-json\/wp\/v2\/types\/post"}],"author":[{"embeddable":true,"href":"https:\/\/www.caritasne2.org.br\/site\/wp-json\/wp\/v2\/users\/4"}],"replies":[{"embeddable":true,"href":"https:\/\/www.caritasne2.org.br\/site\/wp-json\/wp\/v2\/comments?post=5613"}],"version-history":[{"count":0,"href":"https:\/\/www.caritasne2.org.br\/site\/wp-json\/wp\/v2\/posts\/5613\/revisions"}],"wp:featuredmedia":[{"embeddable":true,"href":"https:\/\/www.caritasne2.org.br\/site\/wp-json\/wp\/v2\/media\/5614"}],"wp:attachment":[{"href":"https:\/\/www.caritasne2.org.br\/site\/wp-json\/wp\/v2\/media?parent=5613"}],"wp:term":[{"taxonomy":"category","embeddable":true,"href":"https:\/\/www.caritasne2.org.br\/site\/wp-json\/wp\/v2\/categories?post=5613"},{"taxonomy":"post_tag","embeddable":true,"href":"https:\/\/www.caritasne2.org.br\/site\/wp-json\/wp\/v2\/tags?post=5613"}],"curies":[{"name":"wp","href":"https:\/\/api.w.org\/{rel}","templated":true}]}}