{"id":5603,"date":"2018-07-03T09:50:56","date_gmt":"2018-07-03T12:50:56","guid":{"rendered":"http:\/\/www.caritasne2.org.br\/?p=5603"},"modified":"2018-07-06T11:56:12","modified_gmt":"2018-07-06T14:56:12","slug":"venezuelanos-chegam-a-paraiba-e-precisam-de-doacoes","status":"publish","type":"post","link":"https:\/\/www.caritasne2.org.br\/site\/venezuelanos-chegam-a-paraiba-e-precisam-de-doacoes\/","title":{"rendered":"Venezuelanos chegam \u00e0 Para\u00edba e precisam de doa\u00e7\u00f5es"},"content":{"rendered":"<p>Nesta ter\u00e7a-feira (3), o Servi\u00e7o Pastoral do Migrante (SPM) acolhe fam\u00edlias venezuelanas nas cidades do Conde, no Estado da Para\u00edba. No total, s\u00e3o aguardadas 45 pessoas, entre elas, oito crian\u00e7as. A iniciativa tem como objetivo oferecer condi\u00e7\u00f5es de alimenta\u00e7\u00e3o e moradia tempor\u00e1rias para os migrantes que, no primeiro momento, deslocaram-se para a cidade de Boa Vista, no Estado de Roraima (RR).<\/p>\n<p>O translado do grupo entre as regi\u00f5es Norte e Nordeste do pa\u00eds ser\u00e1 feito pelo avi\u00e3o do Ex\u00e9rcito Brasileiro, que tem atuado como parceiro na interioriza\u00e7\u00e3o dos migrantes. Eles desembarcar\u00e3o no Aeroporto Internacional do Recife e seguir\u00e3o para a Casa do Migrante, no munic\u00edpio do Conde.<\/p>\n<p>Para acolh\u00ea-los, a equipe respons\u00e1vel pede doa\u00e7\u00f5es de alimentos n\u00e3o perec\u00edveis que possam ser preparados e servidos. Entre os itens mais urgentes, est\u00e3o arroz, macarr\u00e3o, feij\u00e3o, caf\u00e9, a\u00e7\u00facar e farinha.<\/p>\n<p>Segundo Roberto Saraiva, da coordena\u00e7\u00e3o executiva nacional do SPM, houve, nos \u00faltimos meses, di\u00e1logos com a diocese de Roraima e com parceiros, para viabilizar um ambiente mais favor\u00e1vel aos migrantes que tem chegado \u00e0 regi\u00e3o, em fun\u00e7\u00e3o da crise econ\u00f4mica no pa\u00eds vizinho. \u201cA ideia \u00e9 que as casas sejam de passagem. Pelas experi\u00eancias, eles ficam tr\u00eas meses em m\u00e9dia. Na medida em que encontram seus caminhos, outros vir\u00e3o\u201d, destacou.<\/p>\n<p>A a\u00e7\u00e3o conta com o apoio da Rede C\u00e1ritas Brasileira \u2013 Regional Nordeste 2 e das Arquidioceses e dioceses do territ\u00f3rio. As doa\u00e7\u00f5es podem ser feitas nos locais (abaixo) e via dep\u00f3sito ou transfer\u00eancia banc\u00e1ria, para SPM Casa do Migrante, na ag\u00eancia do Banco do Brasil 1345-5, conta 25.470-3.<\/p>\n<p><strong>SPM \u2013 Casa do Migrante<\/strong><\/p>\n<p>Rua dos Tabajaras, s\/n, bairro Vilage Jacum\u00e3, Conde (PB)<\/p>\n<p><strong>Arquidiocese da Para\u00edba &#8211; C\u00faria<\/strong><\/p>\n<p>Pra\u00e7a Dom Adauto, s\/n, Centro, Jo\u00e3o Pessoa (PB)<\/p>\n<p><strong>Par\u00f3quia S\u00e3o Pedro Pescador <\/strong><\/p>\n<p>Avenida Maria Rosa, 1124, Mana\u00edra, Jo\u00e3o Pessoa (PB)<\/p>\n<p><strong>C\u00e1ritas Brasileira \u2013 Regional Nordeste 2<\/strong><\/p>\n<p>Rua Monte Castelo, 176, Boa Vista, Recife (PE)<\/p>\n<p><strong>C\u00e1ritas Diocesana de Caic\u00f3 &#8211; Centro Pastoral Dom Wagner<\/strong><\/p>\n<p>Rua Dom Manoel Tavares,19, Bairro Para\u00edba, Caic\u00f3 (RN).<\/p>\n<p><em>Por Wagner Cesario | Assessoria de Comunica\u00e7\u00e3o do Regional Nordeste 2<\/em><\/p>\n<p><em>Foto: Ant\u00f4nio Cruz\/Ag\u00eancia Brasil\u00a0<\/em><\/p>\n<p><em>Atualizado em 06\/07\/2018, \u00e0s 9h15.\u00a0\u00a0<\/em><\/p>\n<ul class=\"ssb_list_wrapper\"><li class=\"fb2\" style=\"width:135px\"><iframe src=\"\/\/www.facebook.com\/plugins\/like.php?href=https%3A%2F%2Fwww.caritasne2.org.br%2Fsite%2Fvenezuelanos-chegam-a-paraiba-e-precisam-de-doacoes%2F&amp;layout=button_count&amp;action=like&amp;show_faces=false&amp;share=true&amp;width=135&amp;height=21&amp;appId=307091639398582\" scrolling=\"no\" frameborder=\"0\" style=\"border:none; overflow:hidden;  width:150px; height:21px;\" allowTransparency=\"true\"><\/iframe><\/li><li class=\"twtr\" style=\"width:90px\"><a href=\"https:\/\/twitter.com\/share\" class=\"twitter-share-button\" data-url=\"https:\/\/www.caritasne2.org.br\/site\/venezuelanos-chegam-a-paraiba-e-precisam-de-doacoes\/\">&nbsp;<\/a><script>!function(d,s,id){var js,fjs=d.getElementsByTagName(s)[0],p=\/^http:\/.test(d.location)?'http':'https';if(!d.getElementById(id)){js=d.createElement(s);js.id=id;js.src=p+':\/\/platform.twitter.com\/widgets.js';fjs.parentNode.insertBefore(js,fjs);}}(document, 'script', 'twitter-wjs');<\/script><\/li><li class=\"gplus\" style=\"width:68px\"><div class=\"g-plusone\" data-size=\"medium\" data-href=\"https:\/\/www.caritasne2.org.br\/site\/venezuelanos-chegam-a-paraiba-e-precisam-de-doacoes\/\"><\/div><\/li><li class=\"ssb_linkedin\" style=\"width:64px\"><script src=\"\/\/platform.linkedin.com\/in.js\" type=\"text\/javascript\">lang: en_US<\/script><script type=\"IN\/Share\" data-url=\"https:\/\/www.caritasne2.org.br\/site\/venezuelanos-chegam-a-paraiba-e-precisam-de-doacoes\/\" data-counter=\"right\"><\/script><\/li><\/ul>","protected":false},"excerpt":{"rendered":"<p>Nesta ter\u00e7a-feira (3), o Servi\u00e7o Pastoral do Migrante (SPM) acolhe fam\u00edlias venezuelanas nas cidades do Conde, no Estado da Para\u00edba. No total, s\u00e3o aguardadas 45 pessoas, entre elas, oito crian\u00e7as. A iniciativa tem como objetivo oferecer condi\u00e7\u00f5es de alimenta\u00e7\u00e3o e moradia tempor\u00e1rias para os migrantes que, no primeiro momento, deslocaram-se para a cidade de Boa Vista, no Estado de Roraima (RR). O translado do grupo [&hellip;]<\/p>\n<ul class=\"ssb_list_wrapper\"><li class=\"fb2\" style=\"width:135px\"><iframe src=\"\/\/www.facebook.com\/plugins\/like.php?href=https%3A%2F%2Fwww.caritasne2.org.br%2Fsite%2Fvenezuelanos-chegam-a-paraiba-e-precisam-de-doacoes%2F&amp;layout=button_count&amp;action=like&amp;show_faces=false&amp;share=true&amp;width=135&amp;height=21&amp;appId=307091639398582\" scrolling=\"no\" frameborder=\"0\" style=\"border:none; overflow:hidden;  width:150px; height:21px;\" allowTransparency=\"true\"><\/iframe><\/li><li class=\"twtr\" style=\"width:90px\"><a href=\"https:\/\/twitter.com\/share\" class=\"twitter-share-button\" data-url=\"https:\/\/www.caritasne2.org.br\/site\/venezuelanos-chegam-a-paraiba-e-precisam-de-doacoes\/\">&nbsp;<\/a><script>!function(d,s,id){var js,fjs=d.getElementsByTagName(s)[0],p=\/^http:\/.test(d.location)?'http':'https';if(!d.getElementById(id)){js=d.createElement(s);js.id=id;js.src=p+':\/\/platform.twitter.com\/widgets.js';fjs.parentNode.insertBefore(js,fjs);}}(document, 'script', 'twitter-wjs');<\/script><\/li><li class=\"gplus\" style=\"width:68px\"><div class=\"g-plusone\" data-size=\"medium\" data-href=\"https:\/\/www.caritasne2.org.br\/site\/venezuelanos-chegam-a-paraiba-e-precisam-de-doacoes\/\"><\/div><\/li><li class=\"ssb_linkedin\" style=\"width:64px\"><script src=\"\/\/platform.linkedin.com\/in.js\" type=\"text\/javascript\">lang: en_US<\/script><script type=\"IN\/Share\" data-url=\"https:\/\/www.caritasne2.org.br\/site\/venezuelanos-chegam-a-paraiba-e-precisam-de-doacoes\/\" data-counter=\"right\"><\/script><\/li><\/ul>","protected":false},"author":4,"featured_media":5604,"comment_status":"open","ping_status":"open","sticky":false,"template":"","format":"standard","meta":[],"categories":[21,1187],"tags":[46,621,1188,1189,1219,1190,1218],"_links":{"self":[{"href":"https:\/\/www.caritasne2.org.br\/site\/wp-json\/wp\/v2\/posts\/5603"}],"collection":[{"href":"https:\/\/www.caritasne2.org.br\/site\/wp-json\/wp\/v2\/posts"}],"about":[{"href":"https:\/\/www.caritasne2.org.br\/site\/wp-json\/wp\/v2\/types\/post"}],"author":[{"embeddable":true,"href":"https:\/\/www.caritasne2.org.br\/site\/wp-json\/wp\/v2\/users\/4"}],"replies":[{"embeddable":true,"href":"https:\/\/www.caritasne2.org.br\/site\/wp-json\/wp\/v2\/comments?post=5603"}],"version-history":[{"count":0,"href":"https:\/\/www.caritasne2.org.br\/site\/wp-json\/wp\/v2\/posts\/5603\/revisions"}],"wp:featuredmedia":[{"embeddable":true,"href":"https:\/\/www.caritasne2.org.br\/site\/wp-json\/wp\/v2\/media\/5604"}],"wp:attachment":[{"href":"https:\/\/www.caritasne2.org.br\/site\/wp-json\/wp\/v2\/media?parent=5603"}],"wp:term":[{"taxonomy":"category","embeddable":true,"href":"https:\/\/www.caritasne2.org.br\/site\/wp-json\/wp\/v2\/categories?post=5603"},{"taxonomy":"post_tag","embeddable":true,"href":"https:\/\/www.caritasne2.org.br\/site\/wp-json\/wp\/v2\/tags?post=5603"}],"curies":[{"name":"wp","href":"https:\/\/api.w.org\/{rel}","templated":true}]}}