{"id":5592,"date":"2018-06-16T15:42:52","date_gmt":"2018-06-16T18:42:52","guid":{"rendered":"http:\/\/www.caritasne2.org.br\/?p=5592"},"modified":"2018-06-21T17:27:50","modified_gmt":"2018-06-21T20:27:50","slug":"delegacao-do-regional-ne2-participa-de-seminario-sobre-migracoes","status":"publish","type":"post","link":"https:\/\/www.caritasne2.org.br\/site\/delegacao-do-regional-ne2-participa-de-seminario-sobre-migracoes\/","title":{"rendered":"Delega\u00e7\u00e3o do Regional NE2 participa de semin\u00e1rio sobre migra\u00e7\u00f5es"},"content":{"rendered":"<p>Os tr\u00eas dias do Semin\u00e1rio Internacional de Migra\u00e7\u00f5es e Ref\u00fagio &#8211; Caminhos para a Cultura do Encontro foram\u00a0bastante intensos para os\u00a0agentes e migrantes do territ\u00f3rio da C\u00e1ritas Brasileira Regional Nordeste 2. Durante o evento, realizado de 12 a 14 de junho, no Centro Cultural Bras\u00edlia, na capital federal, foram discutidas quest\u00f5es relativas ao fluxo migrat\u00f3rio, partilhadas hist\u00f3rias dos pr\u00f3prios sujeitos envolvidos nesse processo e trazidas experi\u00eancias desenvolvidas pela Rede C\u00e1ritas e por parceiros no que diz respeito \u00e0s pr\u00e1ticas de solidariedade.<img decoding=\"async\" loading=\"lazy\" class=\" wp-image-5595 alignleft\" src=\"http:\/\/www.caritasne2.org.br\/wp-content\/uploads\/2018\/06\/IMG_20180613_090204968_LL-225x300.jpg\" alt=\"\" width=\"143\" height=\"191\" srcset=\"https:\/\/www.caritasne2.org.br\/site\/wp-content\/uploads\/2018\/06\/IMG_20180613_090204968_LL-225x300.jpg 225w, https:\/\/www.caritasne2.org.br\/site\/wp-content\/uploads\/2018\/06\/IMG_20180613_090204968_LL-768x1024.jpg 768w\" sizes=\"(max-width: 143px) 100vw, 143px\" \/><\/p>\n<p>O migrante haitiano Pierre Gerisma, residente\u00a0em Olinda (PE) h\u00e1 3 anos, foi um dos participantes do evento e destacou que, nessa ocasi\u00e3o, teve a oportunidade de conhecer a realidade de outros migrantes e refugiados e provar um pouco de suas culturas. &#8220;A iniciativa foi muito importante ao juntar diversas entidades nacionais e internacionais para instruir e, ao mesmo tempo, pensar em formas de oferecer bem-estar aos migrantes e refugiados. Consegui assimilar v\u00e1rias informa\u00e7\u00f5es essenciais como, por exemplo, a nova lei de migra\u00e7\u00f5es brasileira&#8221;, salienta.<\/p>\n<p>Dar relevo \u00e0\u00a0causa com a participa\u00e7\u00e3o dos pr\u00f3prios migrantes e refugiados foi outro aspecto p<img decoding=\"async\" loading=\"lazy\" class=\"wp-image-5598 alignright\" src=\"http:\/\/www.caritasne2.org.br\/wp-content\/uploads\/2018\/06\/42201959424_eb27e38a30_o-300x200.jpg\" alt=\"\" width=\"245\" height=\"163\" srcset=\"https:\/\/www.caritasne2.org.br\/site\/wp-content\/uploads\/2018\/06\/42201959424_eb27e38a30_o-300x200.jpg 300w, https:\/\/www.caritasne2.org.br\/site\/wp-content\/uploads\/2018\/06\/42201959424_eb27e38a30_o-768x513.jpg 768w, https:\/\/www.caritasne2.org.br\/site\/wp-content\/uploads\/2018\/06\/42201959424_eb27e38a30_o-1024x684.jpg 1024w\" sizes=\"(max-width: 245px) 100vw, 245px\" \/>ercebido pela angolana, Madalena Cassinda, que mora na capital pernambucana. &#8220;\u00c9 magn\u00edfico tratar do assunto dos migrantes e refugiados juntos. Ouvir e poder sentir a dor, assim como celebrar a cultura do outro, valorizar, fazer pontes, no lugar de construir muros. Tratar de tudo isso de forma sincera, transparente, independente da religi\u00e3o, cor ou na\u00e7\u00e3o. Tudo debaixo do amor fraterno&#8221;, considerou.<\/p>\n<p>O senegal\u00eas\u00a0Mame Mangnigue esteve, no evento, e ressaltou que, al\u00e9m dos debates importantes, o semin\u00e1rio foi uma oportunidade de reencontro com pessoas de sua terra natal e de outros pa\u00edses africanos. Ele, inclusive, contribuiu nas vendas de outro senegal\u00eas, na feira de artigos culturais, espa\u00e7o que os migrantes e refugiados tiveram para comercializar seus produtos. &#8220;Trouxe uma mala cheia de ideias que vou compartilhar com meus amigos que precisam de apoio&#8221;, ressaltou.\u00a0 <img decoding=\"async\" loading=\"lazy\" class=\"wp-image-5600 alignright\" src=\"http:\/\/www.caritasne2.org.br\/wp-content\/uploads\/2018\/06\/42201994044_22ed7294a5_o-1-200x300.jpg\" alt=\"\" width=\"159\" height=\"239\" srcset=\"https:\/\/www.caritasne2.org.br\/site\/wp-content\/uploads\/2018\/06\/42201994044_22ed7294a5_o-1-200x300.jpg 200w, https:\/\/www.caritasne2.org.br\/site\/wp-content\/uploads\/2018\/06\/42201994044_22ed7294a5_o-1-768x1150.jpg 768w, https:\/\/www.caritasne2.org.br\/site\/wp-content\/uploads\/2018\/06\/42201994044_22ed7294a5_o-1-684x1024.jpg 684w\" sizes=\"(max-width: 159px) 100vw, 159px\" \/><\/p>\n<p>Para o secret\u00e1rio regional da C\u00e1ritas Brasileira NE2, Angelo Zanr\u00e9, o evento aproxima toda a Rede da complexidade do fen\u00f4meno migrat\u00f3rio. &#8220;\u00c9 bom enfatizar que essa\u00a0foi uma oportunidade\u00a0riqu\u00edssima\u00a0para os agentes que atuam ou n\u00e3o nesse campo trocarem\u00a0informa\u00e7\u00f5es e pensarem em\u00a0caminhos para\u00a0articular a\u00e7\u00f5es e incid\u00eancia pol\u00edtica junto \u00e0s diversas inst\u00e2ncias do poder p\u00fablico&#8221;, disse.<\/p>\n<p>Tamb\u00e9m participaram do encontro a agente pastoral da A\u00e7\u00e3o Social Arquidiocesana da Para\u00edba, Maria Julliana Gomes, e o comunicador do escrit\u00f3rio regional da C\u00e1ritas Brasileira, Wagner Cesario.<\/p>\n<p><em>Por Wagner Cesario | Assessoria de Comunica\u00e7\u00e3o do Regional Nordeste 2\u00a0\u00a0<\/em><\/p>\n<ul class=\"ssb_list_wrapper\"><li class=\"fb2\" style=\"width:135px\"><iframe src=\"\/\/www.facebook.com\/plugins\/like.php?href=https%3A%2F%2Fwww.caritasne2.org.br%2Fsite%2Fdelegacao-do-regional-ne2-participa-de-seminario-sobre-migracoes%2F&amp;layout=button_count&amp;action=like&amp;show_faces=false&amp;share=true&amp;width=135&amp;height=21&amp;appId=307091639398582\" scrolling=\"no\" frameborder=\"0\" style=\"border:none; overflow:hidden;  width:150px; height:21px;\" allowTransparency=\"true\"><\/iframe><\/li><li class=\"twtr\" style=\"width:90px\"><a href=\"https:\/\/twitter.com\/share\" class=\"twitter-share-button\" data-url=\"https:\/\/www.caritasne2.org.br\/site\/delegacao-do-regional-ne2-participa-de-seminario-sobre-migracoes\/\">&nbsp;<\/a><script>!function(d,s,id){var js,fjs=d.getElementsByTagName(s)[0],p=\/^http:\/.test(d.location)?'http':'https';if(!d.getElementById(id)){js=d.createElement(s);js.id=id;js.src=p+':\/\/platform.twitter.com\/widgets.js';fjs.parentNode.insertBefore(js,fjs);}}(document, 'script', 'twitter-wjs');<\/script><\/li><li class=\"gplus\" style=\"width:68px\"><div class=\"g-plusone\" data-size=\"medium\" data-href=\"https:\/\/www.caritasne2.org.br\/site\/delegacao-do-regional-ne2-participa-de-seminario-sobre-migracoes\/\"><\/div><\/li><li class=\"ssb_linkedin\" style=\"width:64px\"><script src=\"\/\/platform.linkedin.com\/in.js\" type=\"text\/javascript\">lang: en_US<\/script><script type=\"IN\/Share\" data-url=\"https:\/\/www.caritasne2.org.br\/site\/delegacao-do-regional-ne2-participa-de-seminario-sobre-migracoes\/\" data-counter=\"right\"><\/script><\/li><\/ul>","protected":false},"excerpt":{"rendered":"<p>Os tr\u00eas dias do Semin\u00e1rio Internacional de Migra\u00e7\u00f5es e Ref\u00fagio &#8211; Caminhos para a Cultura do Encontro foram\u00a0bastante intensos para os\u00a0agentes e migrantes do territ\u00f3rio da C\u00e1ritas Brasileira Regional Nordeste 2. Durante o evento, realizado de 12 a 14 de junho, no Centro Cultural Bras\u00edlia, na capital federal, foram discutidas quest\u00f5es relativas ao fluxo migrat\u00f3rio, partilhadas hist\u00f3rias dos pr\u00f3prios sujeitos envolvidos nesse processo e trazidas [&hellip;]<\/p>\n<ul class=\"ssb_list_wrapper\"><li class=\"fb2\" style=\"width:135px\"><iframe src=\"\/\/www.facebook.com\/plugins\/like.php?href=https%3A%2F%2Fwww.caritasne2.org.br%2Fsite%2Fdelegacao-do-regional-ne2-participa-de-seminario-sobre-migracoes%2F&amp;layout=button_count&amp;action=like&amp;show_faces=false&amp;share=true&amp;width=135&amp;height=21&amp;appId=307091639398582\" scrolling=\"no\" frameborder=\"0\" style=\"border:none; overflow:hidden;  width:150px; height:21px;\" allowTransparency=\"true\"><\/iframe><\/li><li class=\"twtr\" style=\"width:90px\"><a href=\"https:\/\/twitter.com\/share\" class=\"twitter-share-button\" data-url=\"https:\/\/www.caritasne2.org.br\/site\/delegacao-do-regional-ne2-participa-de-seminario-sobre-migracoes\/\">&nbsp;<\/a><script>!function(d,s,id){var js,fjs=d.getElementsByTagName(s)[0],p=\/^http:\/.test(d.location)?'http':'https';if(!d.getElementById(id)){js=d.createElement(s);js.id=id;js.src=p+':\/\/platform.twitter.com\/widgets.js';fjs.parentNode.insertBefore(js,fjs);}}(document, 'script', 'twitter-wjs');<\/script><\/li><li class=\"gplus\" style=\"width:68px\"><div class=\"g-plusone\" data-size=\"medium\" data-href=\"https:\/\/www.caritasne2.org.br\/site\/delegacao-do-regional-ne2-participa-de-seminario-sobre-migracoes\/\"><\/div><\/li><li class=\"ssb_linkedin\" style=\"width:64px\"><script src=\"\/\/platform.linkedin.com\/in.js\" type=\"text\/javascript\">lang: en_US<\/script><script type=\"IN\/Share\" data-url=\"https:\/\/www.caritasne2.org.br\/site\/delegacao-do-regional-ne2-participa-de-seminario-sobre-migracoes\/\" data-counter=\"right\"><\/script><\/li><\/ul>","protected":false},"author":4,"featured_media":5594,"comment_status":"open","ping_status":"open","sticky":false,"template":"","format":"standard","meta":[],"categories":[21,1187],"tags":[46,1206,1188,670,1189,401],"_links":{"self":[{"href":"https:\/\/www.caritasne2.org.br\/site\/wp-json\/wp\/v2\/posts\/5592"}],"collection":[{"href":"https:\/\/www.caritasne2.org.br\/site\/wp-json\/wp\/v2\/posts"}],"about":[{"href":"https:\/\/www.caritasne2.org.br\/site\/wp-json\/wp\/v2\/types\/post"}],"author":[{"embeddable":true,"href":"https:\/\/www.caritasne2.org.br\/site\/wp-json\/wp\/v2\/users\/4"}],"replies":[{"embeddable":true,"href":"https:\/\/www.caritasne2.org.br\/site\/wp-json\/wp\/v2\/comments?post=5592"}],"version-history":[{"count":0,"href":"https:\/\/www.caritasne2.org.br\/site\/wp-json\/wp\/v2\/posts\/5592\/revisions"}],"wp:featuredmedia":[{"embeddable":true,"href":"https:\/\/www.caritasne2.org.br\/site\/wp-json\/wp\/v2\/media\/5594"}],"wp:attachment":[{"href":"https:\/\/www.caritasne2.org.br\/site\/wp-json\/wp\/v2\/media?parent=5592"}],"wp:term":[{"taxonomy":"category","embeddable":true,"href":"https:\/\/www.caritasne2.org.br\/site\/wp-json\/wp\/v2\/categories?post=5592"},{"taxonomy":"post_tag","embeddable":true,"href":"https:\/\/www.caritasne2.org.br\/site\/wp-json\/wp\/v2\/tags?post=5592"}],"curies":[{"name":"wp","href":"https:\/\/api.w.org\/{rel}","templated":true}]}}