{"id":5589,"date":"2018-06-18T11:45:47","date_gmt":"2018-06-18T14:45:47","guid":{"rendered":"http:\/\/www.caritasne2.org.br\/?p=5589"},"modified":"2018-06-18T15:49:20","modified_gmt":"2018-06-18T18:49:20","slug":"inscricoes-abertas-para-o-curso-de-formacao-politica-e-participacao-social","status":"publish","type":"post","link":"https:\/\/www.caritasne2.org.br\/site\/inscricoes-abertas-para-o-curso-de-formacao-politica-e-participacao-social\/","title":{"rendered":"Inscri\u00e7\u00f5es abertas para o curso de forma\u00e7\u00e3o pol\u00edtica e participa\u00e7\u00e3o social"},"content":{"rendered":"<p>A C\u00e1ritas Diocesana de Pesqueira, em parceria com a Universidade Cat\u00f3lica de Pernambuco (Unicap), abre inscri\u00e7\u00f5es para a quarta turma do\u00a0Curso de Extens\u00e3o em Forma\u00e7\u00e3o Pol\u00edtica e Participa\u00e7\u00e3o Social.\u00a0O curso nasceu da vontade de contribuir para\u00a0a forma\u00e7\u00e3o de crist\u00e3os, leigos e leigas, para a miss\u00e3o pol\u00edtica, despertando para uma participa\u00e7\u00e3o ativa na discuss\u00e3o e controle social das pol\u00edticas p\u00fablicas, visando \u00e0 constru\u00e7\u00e3o de uma sociedade justa e solid\u00e1ria.<\/p>\n<p>Sua finalidade \u00e9 contribuir com a forma\u00e7\u00e3o de lideran\u00e7as crist\u00e3s para as fun\u00e7\u00f5es p\u00fablicas, eletivas ou n\u00e3o, no campo da pol\u00edtica e das organiza\u00e7\u00f5es comunit\u00e1rias; aprimorar a pr\u00e1tica pol\u00edtica dos crist\u00e3os no exerc\u00edcio da cidadania e do bem comum; e investir na forma\u00e7\u00e3o do sujeito evangelizador para torn\u00e1-lo apto a influenciar na constru\u00e7\u00e3o de uma nova cultura pol\u00edtica.<\/p>\n<p>Destinado \u00e0s lideran\u00e7as das comunidades, pastorais sociais, movimentos e organismos eclesiais; ou pessoas com responsabilidades em organiza\u00e7\u00f5es e movimentos sociais; ou que j\u00e1 assumem ou pretendem assumir cargos em inst\u00e2ncias partid\u00e1rias, as inscri\u00e7\u00f5es\u00a0podem ser feitas\u00a0de\u00a011 a 20 de junho, com vagas limitadas, e turmas compostas por 25 alunos.<\/p>\n<p>O Curso \u00e9 dividido em tr\u00eas m\u00f3dulos que ir\u00e3o abordar diversas tem\u00e1ticas como: Metodologia para an\u00e1lise de conjuntura; Hist\u00f3ria da\u00a0forma\u00e7\u00e3o social, econ\u00f4mica, pol\u00edtica e cultural do Brasil; Cidadania e Direitos Humanos; Or\u00e7amento participativo e controle social; Gest\u00e3o p\u00fablica; Cidadania: reflexo da participa\u00e7\u00e3o pol\u00edtica; Perfil pol\u00edtico cidad\u00e3o, dentre outras.<\/p>\n<p>Com carga hor\u00e1ria de 105 horas\/aulas, o primeiro m\u00f3dulo ocorre de 06 a 08 de julho, com aulas na\u00a0sexta-feira no hor\u00e1rio noturno, e s\u00e1bado e domingo no hor\u00e1rio diurno na sede da C\u00e1ritas Diocesana de Pesqueira.\u00a0A previs\u00e3o de conclus\u00e3o ser\u00e1 em novembro de 2018, com certificado de conclus\u00e3o reconhecido pela Universidade Cat\u00f3lica de Pernambuco (Unicap). O investimento para matr\u00edcula\u00a0\u00e9 de R$ 50 (cinquenta reais).<\/p>\n<p><u>Servi\u00e7o<\/u><\/p>\n<p>Mais informa\u00e7\u00f5es atrav\u00e9s do email:\u00a0<a href=\"mailto:cursodeformacaopolitica@caritasdepesqueira.org.br\" target=\"_blank\" rel=\"noopener noreferrer\">cursodeformacaopolitica@<wbr \/>caritasdepesqueira.org.br<\/a>;\u00a0ou pelo telefone (87) 3835.2646;<\/p>\n<p>No site e rede sociais da\u00a0<a href=\"http:\/\/caritasdepesqueira.org.br\/\" target=\"_blank\" rel=\"noopener noreferrer\" data-saferedirecturl=\"https:\/\/www.google.com\/url?q=http:\/\/caritasdepesqueira.org.br\/&amp;source=gmail&amp;ust=1529415103704000&amp;usg=AFQjCNG96q78qKZ_gZz-8ro9IToTZUW8Fw\">C\u00e1ritas Diocesana de Pesqueira<\/a>;<\/p>\n<p>Ou na sede da C\u00e1ritas \u00a0Diocesana de Pesqueira, localizada na Pra\u00e7a Comendador Jos\u00e9 Didier, s\/n, Centro, Pesqueira.<\/p>\n<p><em>Por Fabiana Francelino | Comunicadora da C\u00e1ritas Diocesana de Pesqueira<\/em><\/p>\n<ul class=\"ssb_list_wrapper\"><li class=\"fb2\" style=\"width:135px\"><iframe src=\"\/\/www.facebook.com\/plugins\/like.php?href=https%3A%2F%2Fwww.caritasne2.org.br%2Fsite%2Finscricoes-abertas-para-o-curso-de-formacao-politica-e-participacao-social%2F&amp;layout=button_count&amp;action=like&amp;show_faces=false&amp;share=true&amp;width=135&amp;height=21&amp;appId=307091639398582\" scrolling=\"no\" frameborder=\"0\" style=\"border:none; overflow:hidden;  width:150px; height:21px;\" allowTransparency=\"true\"><\/iframe><\/li><li class=\"twtr\" style=\"width:90px\"><a href=\"https:\/\/twitter.com\/share\" class=\"twitter-share-button\" data-url=\"https:\/\/www.caritasne2.org.br\/site\/inscricoes-abertas-para-o-curso-de-formacao-politica-e-participacao-social\/\">&nbsp;<\/a><script>!function(d,s,id){var js,fjs=d.getElementsByTagName(s)[0],p=\/^http:\/.test(d.location)?'http':'https';if(!d.getElementById(id)){js=d.createElement(s);js.id=id;js.src=p+':\/\/platform.twitter.com\/widgets.js';fjs.parentNode.insertBefore(js,fjs);}}(document, 'script', 'twitter-wjs');<\/script><\/li><li class=\"gplus\" style=\"width:68px\"><div class=\"g-plusone\" data-size=\"medium\" data-href=\"https:\/\/www.caritasne2.org.br\/site\/inscricoes-abertas-para-o-curso-de-formacao-politica-e-participacao-social\/\"><\/div><\/li><li class=\"ssb_linkedin\" style=\"width:64px\"><script src=\"\/\/platform.linkedin.com\/in.js\" type=\"text\/javascript\">lang: en_US<\/script><script type=\"IN\/Share\" data-url=\"https:\/\/www.caritasne2.org.br\/site\/inscricoes-abertas-para-o-curso-de-formacao-politica-e-participacao-social\/\" data-counter=\"right\"><\/script><\/li><\/ul>","protected":false},"excerpt":{"rendered":"<p>A C\u00e1ritas Diocesana de Pesqueira, em parceria com a Universidade Cat\u00f3lica de Pernambuco (Unicap), abre inscri\u00e7\u00f5es para a quarta turma do\u00a0Curso de Extens\u00e3o em Forma\u00e7\u00e3o Pol\u00edtica e Participa\u00e7\u00e3o Social.\u00a0O curso nasceu da vontade de contribuir para\u00a0a forma\u00e7\u00e3o de crist\u00e3os, leigos e leigas, para a miss\u00e3o pol\u00edtica, despertando para uma participa\u00e7\u00e3o ativa na discuss\u00e3o e controle social das pol\u00edticas p\u00fablicas, visando \u00e0 constru\u00e7\u00e3o de uma sociedade [&hellip;]<\/p>\n<ul class=\"ssb_list_wrapper\"><li class=\"fb2\" style=\"width:135px\"><iframe src=\"\/\/www.facebook.com\/plugins\/like.php?href=https%3A%2F%2Fwww.caritasne2.org.br%2Fsite%2Finscricoes-abertas-para-o-curso-de-formacao-politica-e-participacao-social%2F&amp;layout=button_count&amp;action=like&amp;show_faces=false&amp;share=true&amp;width=135&amp;height=21&amp;appId=307091639398582\" scrolling=\"no\" frameborder=\"0\" style=\"border:none; overflow:hidden;  width:150px; height:21px;\" allowTransparency=\"true\"><\/iframe><\/li><li class=\"twtr\" style=\"width:90px\"><a href=\"https:\/\/twitter.com\/share\" class=\"twitter-share-button\" data-url=\"https:\/\/www.caritasne2.org.br\/site\/inscricoes-abertas-para-o-curso-de-formacao-politica-e-participacao-social\/\">&nbsp;<\/a><script>!function(d,s,id){var js,fjs=d.getElementsByTagName(s)[0],p=\/^http:\/.test(d.location)?'http':'https';if(!d.getElementById(id)){js=d.createElement(s);js.id=id;js.src=p+':\/\/platform.twitter.com\/widgets.js';fjs.parentNode.insertBefore(js,fjs);}}(document, 'script', 'twitter-wjs');<\/script><\/li><li class=\"gplus\" style=\"width:68px\"><div class=\"g-plusone\" data-size=\"medium\" data-href=\"https:\/\/www.caritasne2.org.br\/site\/inscricoes-abertas-para-o-curso-de-formacao-politica-e-participacao-social\/\"><\/div><\/li><li class=\"ssb_linkedin\" style=\"width:64px\"><script src=\"\/\/platform.linkedin.com\/in.js\" type=\"text\/javascript\">lang: en_US<\/script><script type=\"IN\/Share\" data-url=\"https:\/\/www.caritasne2.org.br\/site\/inscricoes-abertas-para-o-curso-de-formacao-politica-e-participacao-social\/\" data-counter=\"right\"><\/script><\/li><\/ul>","protected":false},"author":4,"featured_media":5590,"comment_status":"open","ping_status":"open","sticky":false,"template":"","format":"standard","meta":[],"categories":[21,937],"tags":[811,268,1216,567,897,1217],"_links":{"self":[{"href":"https:\/\/www.caritasne2.org.br\/site\/wp-json\/wp\/v2\/posts\/5589"}],"collection":[{"href":"https:\/\/www.caritasne2.org.br\/site\/wp-json\/wp\/v2\/posts"}],"about":[{"href":"https:\/\/www.caritasne2.org.br\/site\/wp-json\/wp\/v2\/types\/post"}],"author":[{"embeddable":true,"href":"https:\/\/www.caritasne2.org.br\/site\/wp-json\/wp\/v2\/users\/4"}],"replies":[{"embeddable":true,"href":"https:\/\/www.caritasne2.org.br\/site\/wp-json\/wp\/v2\/comments?post=5589"}],"version-history":[{"count":0,"href":"https:\/\/www.caritasne2.org.br\/site\/wp-json\/wp\/v2\/posts\/5589\/revisions"}],"wp:featuredmedia":[{"embeddable":true,"href":"https:\/\/www.caritasne2.org.br\/site\/wp-json\/wp\/v2\/media\/5590"}],"wp:attachment":[{"href":"https:\/\/www.caritasne2.org.br\/site\/wp-json\/wp\/v2\/media?parent=5589"}],"wp:term":[{"taxonomy":"category","embeddable":true,"href":"https:\/\/www.caritasne2.org.br\/site\/wp-json\/wp\/v2\/categories?post=5589"},{"taxonomy":"post_tag","embeddable":true,"href":"https:\/\/www.caritasne2.org.br\/site\/wp-json\/wp\/v2\/tags?post=5589"}],"curies":[{"name":"wp","href":"https:\/\/api.w.org\/{rel}","templated":true}]}}