{"id":5585,"date":"2018-06-06T10:46:01","date_gmt":"2018-06-06T13:46:01","guid":{"rendered":"http:\/\/www.caritasne2.org.br\/?p=5585"},"modified":"2018-06-18T11:22:55","modified_gmt":"2018-06-18T14:22:55","slug":"caritas-de-pesqueira-realiza-campanha-do-agasalho","status":"publish","type":"post","link":"https:\/\/www.caritasne2.org.br\/site\/caritas-de-pesqueira-realiza-campanha-do-agasalho\/","title":{"rendered":"C\u00e1ritas de Pesqueira (PE) realiza Campanha do Agasalho"},"content":{"rendered":"<p>A partir a ideia de que nem sempre se desfazer de uma pe\u00e7a de roupa significa do\u00e1-la, e sim, o sentimento de afeto ao doar \u00e9 o que faz a diferen\u00e7a, a\u00a0C\u00e1ritas Diocesana de Pesqueira promove at\u00e9 o dia\u00a017 de junho, a quinta edi\u00e7\u00e3o da\u00a0Campanha do Agasalho.<\/p>\n<p>Com o tema\u00a0\u201cDoe amor em forma de agasalho\u201d, a Campanha que foi lan\u00e7ada no \u00faltimo dia 22 de maio, espera nesta edi\u00e7\u00e3o arrecadar mais de 2.000 pe\u00e7as para doa\u00e7\u00f5es.<\/p>\n<p>A novidade deste ano \u00e9 que al\u00e9m das doa\u00e7\u00f5es serem feitas na sede da C\u00e1ritas Diocesana de Pesqueira, as par\u00f3quias dos\u00a013 munic\u00edpios que compreendem o territ\u00f3rio da Diocese de Pesqueira, e\/ou C\u00e1ritas (Inter) Paroquiais\u00a0tamb\u00e9m poder\u00e3o receber as doa\u00e7\u00f5es de\u00a0mantas, cobertores, agasalhos, luvas, gorros, meias, casacos e moletons.<\/p>\n<p>Para o coordenador de Articula\u00e7\u00e3o da C\u00e1ritas Diocesana e da Campanha do Agasalho, Itamar de Carvalho,\u00a0&#8220;essa \u00e9 uma importante campanha que a C\u00e1ritas Diocesana busca fazer todos os anos sempre \u200bobjetivando sensibilizar as pessoas a\u00a0doarem,\u00a0para as pessoas que passam frio, que necessitam de agasalho\u00a0 e ou est\u00e3o em situa\u00e7\u00e3o de vulnerabilidade social&#8221;, comenta.<\/p>\n<p>A Campanha ao longo dos anos j\u00e1 arrecadou mais de 10 mil pe\u00e7as que foram\u00a0doadas a asilos, pres\u00eddios, comunidades carentes e desabrigados.<\/p>\n<p><u>Servi\u00e7o<\/u><\/p>\n<p><u>Campanha do Agasalho.\u00a0\u201cDoe amor em forma de agasalho\u201d<\/u><\/p>\n<p>De 22 de maio a 17 de junho<\/p>\n<p>Locais: Par\u00f3quias dos\u00a013 munic\u00edpios da Diocese de Pesqueira, e\/ou nas C\u00e1ritas (Inter) Paroquiais<\/p>\n<p><em>Por Fabiana Francelino\u00a0| Comunicadora da C\u00e1ritas Diocesana de Pesqueira<\/em><\/p>\n<ul class=\"ssb_list_wrapper\"><li class=\"fb2\" style=\"width:135px\"><iframe src=\"\/\/www.facebook.com\/plugins\/like.php?href=https%3A%2F%2Fwww.caritasne2.org.br%2Fsite%2Fcaritas-de-pesqueira-realiza-campanha-do-agasalho%2F&amp;layout=button_count&amp;action=like&amp;show_faces=false&amp;share=true&amp;width=135&amp;height=21&amp;appId=307091639398582\" scrolling=\"no\" frameborder=\"0\" style=\"border:none; overflow:hidden;  width:150px; height:21px;\" allowTransparency=\"true\"><\/iframe><\/li><li class=\"twtr\" style=\"width:90px\"><a href=\"https:\/\/twitter.com\/share\" class=\"twitter-share-button\" data-url=\"https:\/\/www.caritasne2.org.br\/site\/caritas-de-pesqueira-realiza-campanha-do-agasalho\/\">&nbsp;<\/a><script>!function(d,s,id){var js,fjs=d.getElementsByTagName(s)[0],p=\/^http:\/.test(d.location)?'http':'https';if(!d.getElementById(id)){js=d.createElement(s);js.id=id;js.src=p+':\/\/platform.twitter.com\/widgets.js';fjs.parentNode.insertBefore(js,fjs);}}(document, 'script', 'twitter-wjs');<\/script><\/li><li class=\"gplus\" style=\"width:68px\"><div class=\"g-plusone\" data-size=\"medium\" data-href=\"https:\/\/www.caritasne2.org.br\/site\/caritas-de-pesqueira-realiza-campanha-do-agasalho\/\"><\/div><\/li><li class=\"ssb_linkedin\" style=\"width:64px\"><script src=\"\/\/platform.linkedin.com\/in.js\" type=\"text\/javascript\">lang: en_US<\/script><script type=\"IN\/Share\" data-url=\"https:\/\/www.caritasne2.org.br\/site\/caritas-de-pesqueira-realiza-campanha-do-agasalho\/\" data-counter=\"right\"><\/script><\/li><\/ul>","protected":false},"excerpt":{"rendered":"<p>A partir a ideia de que nem sempre se desfazer de uma pe\u00e7a de roupa significa do\u00e1-la, e sim, o sentimento de afeto ao doar \u00e9 o que faz a diferen\u00e7a, a\u00a0C\u00e1ritas Diocesana de Pesqueira promove at\u00e9 o dia\u00a017 de junho, a quinta edi\u00e7\u00e3o da\u00a0Campanha do Agasalho. Com o tema\u00a0\u201cDoe amor em forma de agasalho\u201d, a Campanha que foi lan\u00e7ada no \u00faltimo dia 22 de [&hellip;]<\/p>\n<ul class=\"ssb_list_wrapper\"><li class=\"fb2\" style=\"width:135px\"><iframe src=\"\/\/www.facebook.com\/plugins\/like.php?href=https%3A%2F%2Fwww.caritasne2.org.br%2Fsite%2Fcaritas-de-pesqueira-realiza-campanha-do-agasalho%2F&amp;layout=button_count&amp;action=like&amp;show_faces=false&amp;share=true&amp;width=135&amp;height=21&amp;appId=307091639398582\" scrolling=\"no\" frameborder=\"0\" style=\"border:none; overflow:hidden;  width:150px; height:21px;\" allowTransparency=\"true\"><\/iframe><\/li><li class=\"twtr\" style=\"width:90px\"><a href=\"https:\/\/twitter.com\/share\" class=\"twitter-share-button\" data-url=\"https:\/\/www.caritasne2.org.br\/site\/caritas-de-pesqueira-realiza-campanha-do-agasalho\/\">&nbsp;<\/a><script>!function(d,s,id){var js,fjs=d.getElementsByTagName(s)[0],p=\/^http:\/.test(d.location)?'http':'https';if(!d.getElementById(id)){js=d.createElement(s);js.id=id;js.src=p+':\/\/platform.twitter.com\/widgets.js';fjs.parentNode.insertBefore(js,fjs);}}(document, 'script', 'twitter-wjs');<\/script><\/li><li class=\"gplus\" style=\"width:68px\"><div class=\"g-plusone\" data-size=\"medium\" data-href=\"https:\/\/www.caritasne2.org.br\/site\/caritas-de-pesqueira-realiza-campanha-do-agasalho\/\"><\/div><\/li><li class=\"ssb_linkedin\" style=\"width:64px\"><script src=\"\/\/platform.linkedin.com\/in.js\" type=\"text\/javascript\">lang: en_US<\/script><script type=\"IN\/Share\" data-url=\"https:\/\/www.caritasne2.org.br\/site\/caritas-de-pesqueira-realiza-campanha-do-agasalho\/\" data-counter=\"right\"><\/script><\/li><\/ul>","protected":false},"author":4,"featured_media":5586,"comment_status":"open","ping_status":"open","sticky":false,"template":"","format":"standard","meta":[],"categories":[36,21],"tags":[540,268,147,331],"_links":{"self":[{"href":"https:\/\/www.caritasne2.org.br\/site\/wp-json\/wp\/v2\/posts\/5585"}],"collection":[{"href":"https:\/\/www.caritasne2.org.br\/site\/wp-json\/wp\/v2\/posts"}],"about":[{"href":"https:\/\/www.caritasne2.org.br\/site\/wp-json\/wp\/v2\/types\/post"}],"author":[{"embeddable":true,"href":"https:\/\/www.caritasne2.org.br\/site\/wp-json\/wp\/v2\/users\/4"}],"replies":[{"embeddable":true,"href":"https:\/\/www.caritasne2.org.br\/site\/wp-json\/wp\/v2\/comments?post=5585"}],"version-history":[{"count":0,"href":"https:\/\/www.caritasne2.org.br\/site\/wp-json\/wp\/v2\/posts\/5585\/revisions"}],"wp:featuredmedia":[{"embeddable":true,"href":"https:\/\/www.caritasne2.org.br\/site\/wp-json\/wp\/v2\/media\/5586"}],"wp:attachment":[{"href":"https:\/\/www.caritasne2.org.br\/site\/wp-json\/wp\/v2\/media?parent=5585"}],"wp:term":[{"taxonomy":"category","embeddable":true,"href":"https:\/\/www.caritasne2.org.br\/site\/wp-json\/wp\/v2\/categories?post=5585"},{"taxonomy":"post_tag","embeddable":true,"href":"https:\/\/www.caritasne2.org.br\/site\/wp-json\/wp\/v2\/tags?post=5585"}],"curies":[{"name":"wp","href":"https:\/\/api.w.org\/{rel}","templated":true}]}}