{"id":5574,"date":"2018-06-17T09:54:06","date_gmt":"2018-06-17T12:54:06","guid":{"rendered":"http:\/\/www.caritasne2.org.br\/?p=5574"},"modified":"2018-06-17T09:54:06","modified_gmt":"2018-06-17T12:54:06","slug":"caritas-e-pastorais-promovem-33a-semana-do-migrante","status":"publish","type":"post","link":"https:\/\/www.caritasne2.org.br\/site\/caritas-e-pastorais-promovem-33a-semana-do-migrante\/","title":{"rendered":"C\u00e1ritas e pastorais promovem 33\u00aa Semana do Migrante"},"content":{"rendered":"<p>Come\u00e7a, neste domingo (17), a 33\u00aa Semana do Migrante, com o tema \u201cA vida \u00e9 feita de encontros\u201d e o lema \u201cBra\u00e7os abertos sem medo para acolher!\u201d. At\u00e9 o dia 24, espera-se, por meio de v\u00e1rias atividades,\u00a0promover a \u201ccultura do encontro\u201d, t\u00e3o motivada pelo papa Francisco, \u201cfazendo crescer os espa\u00e7os e as oportunidades para que os imigrantes e as comunidades locais possam se reunir, dialogar e passar \u00e0 a\u00e7\u00e3o\u201d, de acordo com a proposta divulgada.<\/p>\n<p>O bispo de Pesqueira e referencial do Setor Pastoral da Mobilidade Humana da CNBB, dom Jos\u00e9 Luiz Ferreira Sales, considera que, para a Igreja, \u00e9 muito importante refor\u00e7ar os direitos dos migrantes, refugiados e das diversas categorias migrat\u00f3rias: \u201cEsse dever-desafio encontra sentido quando denunciamos, por exemplo, o trabalho escravo e o tr\u00e1fico de pessoas, uma vez que, n\u00e3o podemos, em hip\u00f3tese alguma, permitir tais viola\u00e7\u00f5es\u201d.<\/p>\n<p>A edi\u00e7\u00e3o deste ano est\u00e1 em sintonia com a campanha mundial da C\u00e1ritas \u201c<a href=\"http:\/\/www.caritasne2.org.br\/campanhas\/abra-seu-coracao\/\">Compartilhe a viagem<\/a>\u201d, dedicada \u00e0 sensibiliza\u00e7\u00e3o e \u00e0 informa\u00e7\u00e3o sobre imigra\u00e7\u00e3o e ref\u00fagio. \u201cO convite \u00e9 para ir ao encontro, como gesto natural dos crentes que vivem uma f\u00e9 Igreja em sa\u00edda, para abra\u00e7ar, escutar, apoiar, dar a m\u00e3o, compartilhar trajet\u00f3rias, alegrias, dores e fazer-se pr\u00f3ximo\u201d, afirmam os organizadores.<\/p>\n<p>&#8220;A campanha \u2018Compartilhe a viagem\u2019 prop\u00f5e incentivar as pessoas, homens, mulheres, crian\u00e7as e jovens, de todos os credos e religi\u00f5es, para irem ao encontro dos migrantes, colaborando na constru\u00e7\u00e3o de uma cultura de Paz, a partir das hist\u00f3rias de vida e da diversidade cultural dos migrantes. Por isso, \u00e9 importante enxergar os migrantes como oportunidade no projeto de reconstru\u00e7\u00e3o das sociedades\u201d, situa o arcebispo de Aracaju e presidente da C\u00e1ritas Brasileira, dom Jo\u00e3o Jos\u00e9 Costa.<\/p>\n<p><strong>Subs\u00eddios<br \/>\n<\/strong><img decoding=\"async\" loading=\"lazy\" class=\"size-medium wp-image-195081 alignleft\" src=\"http:\/\/www.cnbb.org.br\/wp-content\/uploads\/sites\/32\/2018\/06\/Materiais-33a-Semana-migrante-300x192.png\" srcset=\"http:\/\/www.cnbb.org.br\/wp-content\/uploads\/sites\/32\/2018\/06\/Materiais-33a-Semana-migrante-300x192.png 300w, http:\/\/www.cnbb.org.br\/wp-content\/uploads\/sites\/32\/2018\/06\/Materiais-33a-Semana-migrante-768x490.png 768w, http:\/\/www.cnbb.org.br\/wp-content\/uploads\/sites\/32\/2018\/06\/Materiais-33a-Semana-migrante-1024x654.png 1024w, http:\/\/www.cnbb.org.br\/wp-content\/uploads\/sites\/32\/2018\/06\/Materiais-33a-Semana-migrante.png 1040w\" alt=\"\" width=\"300\" height=\"192\" \/>V\u00e1rios materiais foram preparados e distribu\u00eddos aos agentes que atuam no \u00e2mbito da Pastoral da Mobilidade Humana: o texto-base e roteiros para c\u00edrculos b\u00edblicos, roda de conversa e celebra\u00e7\u00e3o ecum\u00eanica.<\/p>\n<p>O <a href=\"http:\/\/www.caritasne2.org.br\/wp-content\/uploads\/2018\/06\/TEXTO-BASE-1.pdf\">texto-base<\/a> aborda a realidade migrat\u00f3ria atual, oferecendo reflex\u00f5es e apontando os desafios e oportunidades. O livreto com os <a href=\"http:\/\/www.caritasne2.org.br\/wp-content\/uploads\/2018\/06\/CIRCULO-B\u00cdBLICO-1.pdf\">c\u00edrculos b\u00edblicos<\/a> tem quatro encontros centrados na partilha. A <a href=\"http:\/\/www.caritasne2.org.br\/wp-content\/uploads\/2018\/06\/RODA-DE-CONVERSA-1.pdf\">roda de conversa<\/a> \u00e9 proposta a partir de dois encontros tendo como pauta a oferta de condi\u00e7\u00f5es dignas de acolhimento aos que passam por deslocamentos for\u00e7ados.<\/p>\n<p>Por fim, o <a href=\"http:\/\/www.caritasne2.org.br\/wp-content\/uploads\/2018\/06\/ROTEIRO-PARA-CELEBRA\u00c7\u00c3O.pdf\">roteiro de celebra\u00e7\u00e3o<\/a> ecum\u00eanica prop\u00f5e como itiner\u00e1rio b\u00edblico uma leitura do livro do profeta Isa\u00edas (49, 1-6), o Salmo 138 (139), uma segunda leitura extra\u00edda do Atos dos Ap\u00f3stolos (13, 22-26) e o Evangelho de S\u00e3o Lucas (1, 57-66.80).<\/p>\n<p><em>Fonte: CNBB<\/em><\/p>\n<p><em>Foto: Fabio Frustaci\/AP<\/em><\/p>\n<ul class=\"ssb_list_wrapper\"><li class=\"fb2\" style=\"width:135px\"><iframe src=\"\/\/www.facebook.com\/plugins\/like.php?href=https%3A%2F%2Fwww.caritasne2.org.br%2Fsite%2Fcaritas-e-pastorais-promovem-33a-semana-do-migrante%2F&amp;layout=button_count&amp;action=like&amp;show_faces=false&amp;share=true&amp;width=135&amp;height=21&amp;appId=307091639398582\" scrolling=\"no\" frameborder=\"0\" style=\"border:none; overflow:hidden;  width:150px; height:21px;\" allowTransparency=\"true\"><\/iframe><\/li><li class=\"twtr\" style=\"width:90px\"><a href=\"https:\/\/twitter.com\/share\" class=\"twitter-share-button\" data-url=\"https:\/\/www.caritasne2.org.br\/site\/caritas-e-pastorais-promovem-33a-semana-do-migrante\/\">&nbsp;<\/a><script>!function(d,s,id){var js,fjs=d.getElementsByTagName(s)[0],p=\/^http:\/.test(d.location)?'http':'https';if(!d.getElementById(id)){js=d.createElement(s);js.id=id;js.src=p+':\/\/platform.twitter.com\/widgets.js';fjs.parentNode.insertBefore(js,fjs);}}(document, 'script', 'twitter-wjs');<\/script><\/li><li class=\"gplus\" style=\"width:68px\"><div class=\"g-plusone\" data-size=\"medium\" data-href=\"https:\/\/www.caritasne2.org.br\/site\/caritas-e-pastorais-promovem-33a-semana-do-migrante\/\"><\/div><\/li><li class=\"ssb_linkedin\" style=\"width:64px\"><script src=\"\/\/platform.linkedin.com\/in.js\" type=\"text\/javascript\">lang: en_US<\/script><script type=\"IN\/Share\" data-url=\"https:\/\/www.caritasne2.org.br\/site\/caritas-e-pastorais-promovem-33a-semana-do-migrante\/\" data-counter=\"right\"><\/script><\/li><\/ul>","protected":false},"excerpt":{"rendered":"<p>Come\u00e7a, neste domingo (17), a 33\u00aa Semana do Migrante, com o tema \u201cA vida \u00e9 feita de encontros\u201d e o lema \u201cBra\u00e7os abertos sem medo para acolher!\u201d. At\u00e9 o dia 24, espera-se, por meio de v\u00e1rias atividades,\u00a0promover a \u201ccultura do encontro\u201d, t\u00e3o motivada pelo papa Francisco, \u201cfazendo crescer os espa\u00e7os e as oportunidades para que os imigrantes e as comunidades locais possam se reunir, dialogar [&hellip;]<\/p>\n<ul class=\"ssb_list_wrapper\"><li class=\"fb2\" style=\"width:135px\"><iframe src=\"\/\/www.facebook.com\/plugins\/like.php?href=https%3A%2F%2Fwww.caritasne2.org.br%2Fsite%2Fcaritas-e-pastorais-promovem-33a-semana-do-migrante%2F&amp;layout=button_count&amp;action=like&amp;show_faces=false&amp;share=true&amp;width=135&amp;height=21&amp;appId=307091639398582\" scrolling=\"no\" frameborder=\"0\" style=\"border:none; overflow:hidden;  width:150px; height:21px;\" allowTransparency=\"true\"><\/iframe><\/li><li class=\"twtr\" style=\"width:90px\"><a href=\"https:\/\/twitter.com\/share\" class=\"twitter-share-button\" data-url=\"https:\/\/www.caritasne2.org.br\/site\/caritas-e-pastorais-promovem-33a-semana-do-migrante\/\">&nbsp;<\/a><script>!function(d,s,id){var js,fjs=d.getElementsByTagName(s)[0],p=\/^http:\/.test(d.location)?'http':'https';if(!d.getElementById(id)){js=d.createElement(s);js.id=id;js.src=p+':\/\/platform.twitter.com\/widgets.js';fjs.parentNode.insertBefore(js,fjs);}}(document, 'script', 'twitter-wjs');<\/script><\/li><li class=\"gplus\" style=\"width:68px\"><div class=\"g-plusone\" data-size=\"medium\" data-href=\"https:\/\/www.caritasne2.org.br\/site\/caritas-e-pastorais-promovem-33a-semana-do-migrante\/\"><\/div><\/li><li class=\"ssb_linkedin\" style=\"width:64px\"><script src=\"\/\/platform.linkedin.com\/in.js\" type=\"text\/javascript\">lang: en_US<\/script><script type=\"IN\/Share\" data-url=\"https:\/\/www.caritasne2.org.br\/site\/caritas-e-pastorais-promovem-33a-semana-do-migrante\/\" data-counter=\"right\"><\/script><\/li><\/ul>","protected":false},"author":4,"featured_media":5583,"comment_status":"open","ping_status":"open","sticky":false,"template":"","format":"standard","meta":[],"categories":[21,1187],"tags":[46,48,1206,1188,254,1189,1215,1207],"_links":{"self":[{"href":"https:\/\/www.caritasne2.org.br\/site\/wp-json\/wp\/v2\/posts\/5574"}],"collection":[{"href":"https:\/\/www.caritasne2.org.br\/site\/wp-json\/wp\/v2\/posts"}],"about":[{"href":"https:\/\/www.caritasne2.org.br\/site\/wp-json\/wp\/v2\/types\/post"}],"author":[{"embeddable":true,"href":"https:\/\/www.caritasne2.org.br\/site\/wp-json\/wp\/v2\/users\/4"}],"replies":[{"embeddable":true,"href":"https:\/\/www.caritasne2.org.br\/site\/wp-json\/wp\/v2\/comments?post=5574"}],"version-history":[{"count":0,"href":"https:\/\/www.caritasne2.org.br\/site\/wp-json\/wp\/v2\/posts\/5574\/revisions"}],"wp:featuredmedia":[{"embeddable":true,"href":"https:\/\/www.caritasne2.org.br\/site\/wp-json\/wp\/v2\/media\/5583"}],"wp:attachment":[{"href":"https:\/\/www.caritasne2.org.br\/site\/wp-json\/wp\/v2\/media?parent=5574"}],"wp:term":[{"taxonomy":"category","embeddable":true,"href":"https:\/\/www.caritasne2.org.br\/site\/wp-json\/wp\/v2\/categories?post=5574"},{"taxonomy":"post_tag","embeddable":true,"href":"https:\/\/www.caritasne2.org.br\/site\/wp-json\/wp\/v2\/tags?post=5574"}],"curies":[{"name":"wp","href":"https:\/\/api.w.org\/{rel}","templated":true}]}}