{"id":5567,"date":"2018-06-15T13:31:00","date_gmt":"2018-06-15T16:31:00","guid":{"rendered":"http:\/\/www.caritasne2.org.br\/?p=5567"},"modified":"2018-06-16T13:34:55","modified_gmt":"2018-06-16T16:34:55","slug":"caritas-brasileira-firma-parceria-com-fbb-para-inclusao-de-migrantes-e-refugiados","status":"publish","type":"post","link":"https:\/\/www.caritasne2.org.br\/site\/caritas-brasileira-firma-parceria-com-fbb-para-inclusao-de-migrantes-e-refugiados\/","title":{"rendered":"C\u00e1ritas Brasileira firma parceria com FBB para inclus\u00e3o de migrantes e refugiados"},"content":{"rendered":"<p>Na tarde dessa quinta-feira (14), durante o Semin\u00e1rio Internacional de Migra\u00e7\u00f5es e Ref\u00fagio, a C\u00e1ritas Brasileira assinou conv\u00eanio com a Funda\u00e7\u00e3o Banco do Brasil, a proposta conta tamb\u00e9m com a parceria da Cisco Networking Academy Brasil.<\/p>\n<p>O conv\u00eanio assinado tem o objetivo de desenvolver a\u00e7\u00f5es educativas e de capacita\u00e7\u00e3o para ampliar as compet\u00eancias e potencializar novas oportunidades para migrantes e refugiados. A\u00e7\u00f5es como curso de l\u00edngua portuguesa e cultura brasileira, leis trabalhistas, economia solid\u00e1ria, empreendedorismo e inform\u00e1tica b\u00e1sica s\u00e3o conte\u00fados que estar\u00e3o dispon\u00edveis em uma plataforma desenvolvida pela parceria com a Cisco. O planejamento \u00e9 implantar um laborat\u00f3rio de tecnologia da informa\u00e7\u00e3o, em um espa\u00e7o f\u00edsico que ter\u00e1 m\u00f3veis, equipamentos de inform\u00e1tica e livros, al\u00e9m de acesso \u00e0 internet para apoiar os participantes durante o curso de Tecnologia da Informa\u00e7\u00e3o que ocorrer\u00e1 na plataforma.<\/p>\n<p>Ao abrir a cerim\u00f4nia de assinatura do conv\u00eanio, o coordenador da C\u00e1ritas Brasileira, Fernando Zamban lembrou as parcerias em andamento entre a C\u00e1ritas Brasileira e a Funda\u00e7\u00e3o Banco do Brasil, que j\u00e1 realizam juntas o projeto Nossa Feira, que tem o objetivo de revitalizar 22 feiras livres na regi\u00e3o Nordeste do Brasil e est\u00e3o em fase de implanta\u00e7\u00e3o de um novo projeto com foco no fortalecimento das redes de economia popular solid\u00e1ria em todo o pa\u00eds. \u201cEstamos nesse momento assinando um conv\u00eanio para tentar dar uma resposta mais efetiva aos anseios dos nossos irm\u00e3os e irm\u00e3s migrantes e refugiados que chegaram \u00e0 C\u00e1ritas Brasileira e \u00e0 outras organiza\u00e7\u00f5es parceiras dizendo que havia, quando da sua chegada ao pa\u00eds, uma grande dificuldade de adapta\u00e7\u00e3o com a l\u00edngua portuguesa, mas, sobretudo, dificuldade de acesso \u00e0 informa\u00e7\u00e3o ligada \u00e0 legisla\u00e7\u00e3o trabalhista, como buscar apoio do governo brasileiro ou de v\u00e1rias outras organiza\u00e7\u00f5es. Por isso, estamos muitos felizes em celebrar, dentro deste Semin\u00e1rio Internacional de Migra\u00e7\u00f5es e Ref\u00fagio este conv\u00eanio, que \u00e9 um gesto simb\u00f3lico neste lugar, e de tudo que vivemos nestes dois dias e meio de semin\u00e1rio\u201d, disse o coordenador da C\u00e1ritas Brasileira.<\/p>\n<p>O projeto prev\u00ea, al\u00e9m da capacita\u00e7\u00e3o hist\u00f3rica em conhecimentos da cultura e l\u00edngua portuguesa, apoio psicossocial e t\u00e9cnico para gest\u00e3o de projetos, que inclui planejar, monitorar e avaliar as a\u00e7\u00f5es desenvolvidas dentro de um projeto. \u201cN\u00e3o estamos falando apenas do ensino da l\u00edngua portuguesa, mas, a gente gostaria muito de possibilitar conhecimentos e acesso \u00e0 informa\u00e7\u00e3o de outras formas de viver economicamente em nosso pa\u00eds, que n\u00e3o \u00e9 s\u00f3 uma rela\u00e7\u00e3o trabalhista de CLT (Consolida\u00e7\u00e3o das Leis do Trabalho), mas tamb\u00e9m estimulando e potencializando o trabalho coletivo, associativo, cooperativado de migrantes e refugiados\u201d, disse Zamban.<\/p>\n<p>O presidente da Funda\u00e7\u00e3o Banco do Brasil, Asclepius Soares destacou que ao chegar ao audit\u00f3rio do Centro Cultural de Bras\u00edlia e perceber a ambienta\u00e7\u00e3o com os ip\u00eas, o fog\u00e3o \u00e0 lenha, o bule\u2026 e os verbos convocat\u00f3rios do papa Francisco, sentiu-se em casa. \u201cChegamos aqui e ficamos olhando para os verbos que voc\u00eas colocaram ai nas paredes: acolher, proteger, promover, integrar, que \u00e9 parte tamb\u00e9m daquilo que n\u00f3s nos propomos a fazer dentro da Funda\u00e7\u00e3o Banco do Brasil. O nosso instituidor, o Banco do Brasil declarou que tem como prop\u00f3sito cuidar daquilo que \u00e9 valioso para as pessoas, e n\u00f3s na Funda\u00e7\u00e3o queremos trabalhar, e no centro da nossa miss\u00e3o est\u00e1 justamente melhorar a vida das pessoas fazendo a inclus\u00e3o socioprodutiva, e esse projeto re\u00fane muito isso, o nosso compromisso \u00e9 com as pessoas. Somos todos irm\u00e3os e, se tivermos esse sentimento de fraternidade, muitos dos problemas que temos hoje, n\u00f3s temos a condi\u00e7\u00e3o de passar por cima deles. Infelizmente, a gente ainda vive num mundo de muita intransig\u00eancia, muita intoler\u00e2ncia, muita divis\u00e3o, e n\u00f3s estamos aqui num contra movimento, n\u00f3s n\u00e3o podemos aceitar isso, e por n\u00e3o aceitar, n\u00f3s estamos aqui firmando esse compromisso\u201d, destacou o presidente da Funda\u00e7\u00e3o Banco do Brasil.<\/p>\n<p><a href=\"http:\/\/caritas.org.br\/caritas-brasileira-firma-nova-parceria-com-fundacao-banco-do-brasil-para-projeto-de-inclusao-de-migrantes-e-refugiados\/39075\/assinatura-convenio-11\" rel=\"attachment wp-att-39082\"><img decoding=\"async\" loading=\"lazy\" class=\"alignleft wp-image-39082 size-full\" src=\"http:\/\/caritas.org.br\/wp-content\/uploads\/2018\/06\/Assinatura-conv%C3%AAnio-11.jpg\" sizes=\"(max-width: 448px) 100vw, 448px\" srcset=\"http:\/\/caritas.org.br\/wp-content\/uploads\/2018\/06\/Assinatura-conv\u00eanio-11.jpg 448w, http:\/\/caritas.org.br\/wp-content\/uploads\/2018\/06\/Assinatura-conv\u00eanio-11-300x200.jpg 300w\" alt=\"\" width=\"448\" height=\"299\" \/><\/a><\/p>\n<p>A iniciativa ter\u00e1 dura\u00e7\u00e3o de um ano e, ao final, espera-se que os migrantes e refugiados estejam capacitados em temas como a cultura brasileira, e com habilidades para utilizar as ferramentas digitais o que amplia as possibilidades de ingresso no concorrido mercado de trabalho.<\/p>\n<p>Na abertura do Semin\u00e1rio Internacional de Migra\u00e7\u00f5es e Ref\u00fagio que terminou nesta quinta-feira (14), o arcebispo de Manila e presidente da C\u00e1ritas Internacional, Cardeal Luis Antonio Tagle, levantou uma importante reflex\u00e3o sobre o cuidado com as pessoas de outros pa\u00edses que procuram ajuda e acolhimento no Brasil ou em outros pa\u00edses. Dizia o Cardeal que \u00e9 preciso que as pessoas em situa\u00e7\u00e3o de migra\u00e7\u00e3o ou ref\u00fagio respeitem a cultura do pa\u00eds onde est\u00e3o chegando e o pa\u00eds acolhedor respeite a cultura das pessoas que est\u00e3o pedindo acolhida. Esta troca de experi\u00eancias s\u00f3 ser\u00e1 poss\u00edvel com generosidade e solidariedade, mas, sobretudo, com a\u00e7\u00f5es concretas que possibilitem oportunidades para conhecimento de ambas as culturas.<\/p>\n<p>Al\u00e9m do presidente da Funda\u00e7\u00e3o Banco do Brasil, Asclepius Soares, estiveram presentes na solenidade, a gerente geral do Banco do Brasil, Concei\u00e7\u00e3o de Souza Damasceno, a representante do Programa de Responsabilidade Social Corporativa da Cisco no Brasil, Patr\u00edcia Viterbo e os Diretores Executivos da Funda\u00e7\u00e3o Banco do Brasil, Rogerio Biruel e Valter\u00a0Coelho de S\u00e1.<\/p>\n<p><em>Texto: Jucelene Rocha<\/em><\/p>\n<p><em>Fotos: Francielle Oliveira<\/em><\/p>\n<p><em>Rede de Comunicadores\/as da C\u00e1ritas Brasileira<\/em><\/p>\n<ul class=\"ssb_list_wrapper\"><li class=\"fb2\" style=\"width:135px\"><iframe src=\"\/\/www.facebook.com\/plugins\/like.php?href=https%3A%2F%2Fwww.caritasne2.org.br%2Fsite%2Fcaritas-brasileira-firma-parceria-com-fbb-para-inclusao-de-migrantes-e-refugiados%2F&amp;layout=button_count&amp;action=like&amp;show_faces=false&amp;share=true&amp;width=135&amp;height=21&amp;appId=307091639398582\" scrolling=\"no\" frameborder=\"0\" style=\"border:none; overflow:hidden;  width:150px; height:21px;\" allowTransparency=\"true\"><\/iframe><\/li><li class=\"twtr\" style=\"width:90px\"><a href=\"https:\/\/twitter.com\/share\" class=\"twitter-share-button\" data-url=\"https:\/\/www.caritasne2.org.br\/site\/caritas-brasileira-firma-parceria-com-fbb-para-inclusao-de-migrantes-e-refugiados\/\">&nbsp;<\/a><script>!function(d,s,id){var js,fjs=d.getElementsByTagName(s)[0],p=\/^http:\/.test(d.location)?'http':'https';if(!d.getElementById(id)){js=d.createElement(s);js.id=id;js.src=p+':\/\/platform.twitter.com\/widgets.js';fjs.parentNode.insertBefore(js,fjs);}}(document, 'script', 'twitter-wjs');<\/script><\/li><li class=\"gplus\" style=\"width:68px\"><div class=\"g-plusone\" data-size=\"medium\" data-href=\"https:\/\/www.caritasne2.org.br\/site\/caritas-brasileira-firma-parceria-com-fbb-para-inclusao-de-migrantes-e-refugiados\/\"><\/div><\/li><li class=\"ssb_linkedin\" style=\"width:64px\"><script src=\"\/\/platform.linkedin.com\/in.js\" type=\"text\/javascript\">lang: en_US<\/script><script type=\"IN\/Share\" data-url=\"https:\/\/www.caritasne2.org.br\/site\/caritas-brasileira-firma-parceria-com-fbb-para-inclusao-de-migrantes-e-refugiados\/\" data-counter=\"right\"><\/script><\/li><\/ul>","protected":false},"excerpt":{"rendered":"<p>Na tarde dessa quinta-feira (14), durante o Semin\u00e1rio Internacional de Migra\u00e7\u00f5es e Ref\u00fagio, a C\u00e1ritas Brasileira assinou conv\u00eanio com a Funda\u00e7\u00e3o Banco do Brasil, a proposta conta tamb\u00e9m com a parceria da Cisco Networking Academy Brasil. O conv\u00eanio assinado tem o objetivo de desenvolver a\u00e7\u00f5es educativas e de capacita\u00e7\u00e3o para ampliar as compet\u00eancias e potencializar novas oportunidades para migrantes e refugiados. A\u00e7\u00f5es como curso de [&hellip;]<\/p>\n<ul class=\"ssb_list_wrapper\"><li class=\"fb2\" style=\"width:135px\"><iframe src=\"\/\/www.facebook.com\/plugins\/like.php?href=https%3A%2F%2Fwww.caritasne2.org.br%2Fsite%2Fcaritas-brasileira-firma-parceria-com-fbb-para-inclusao-de-migrantes-e-refugiados%2F&amp;layout=button_count&amp;action=like&amp;show_faces=false&amp;share=true&amp;width=135&amp;height=21&amp;appId=307091639398582\" scrolling=\"no\" frameborder=\"0\" style=\"border:none; overflow:hidden;  width:150px; height:21px;\" allowTransparency=\"true\"><\/iframe><\/li><li class=\"twtr\" style=\"width:90px\"><a href=\"https:\/\/twitter.com\/share\" class=\"twitter-share-button\" data-url=\"https:\/\/www.caritasne2.org.br\/site\/caritas-brasileira-firma-parceria-com-fbb-para-inclusao-de-migrantes-e-refugiados\/\">&nbsp;<\/a><script>!function(d,s,id){var js,fjs=d.getElementsByTagName(s)[0],p=\/^http:\/.test(d.location)?'http':'https';if(!d.getElementById(id)){js=d.createElement(s);js.id=id;js.src=p+':\/\/platform.twitter.com\/widgets.js';fjs.parentNode.insertBefore(js,fjs);}}(document, 'script', 'twitter-wjs');<\/script><\/li><li class=\"gplus\" style=\"width:68px\"><div class=\"g-plusone\" data-size=\"medium\" data-href=\"https:\/\/www.caritasne2.org.br\/site\/caritas-brasileira-firma-parceria-com-fbb-para-inclusao-de-migrantes-e-refugiados\/\"><\/div><\/li><li class=\"ssb_linkedin\" style=\"width:64px\"><script src=\"\/\/platform.linkedin.com\/in.js\" type=\"text\/javascript\">lang: en_US<\/script><script type=\"IN\/Share\" data-url=\"https:\/\/www.caritasne2.org.br\/site\/caritas-brasileira-firma-parceria-com-fbb-para-inclusao-de-migrantes-e-refugiados\/\" data-counter=\"right\"><\/script><\/li><\/ul>","protected":false},"author":4,"featured_media":5568,"comment_status":"open","ping_status":"open","sticky":false,"template":"","format":"standard","meta":[],"categories":[21,1187],"tags":[46,1206,1013,1214,1188,1213,1189,401],"_links":{"self":[{"href":"https:\/\/www.caritasne2.org.br\/site\/wp-json\/wp\/v2\/posts\/5567"}],"collection":[{"href":"https:\/\/www.caritasne2.org.br\/site\/wp-json\/wp\/v2\/posts"}],"about":[{"href":"https:\/\/www.caritasne2.org.br\/site\/wp-json\/wp\/v2\/types\/post"}],"author":[{"embeddable":true,"href":"https:\/\/www.caritasne2.org.br\/site\/wp-json\/wp\/v2\/users\/4"}],"replies":[{"embeddable":true,"href":"https:\/\/www.caritasne2.org.br\/site\/wp-json\/wp\/v2\/comments?post=5567"}],"version-history":[{"count":0,"href":"https:\/\/www.caritasne2.org.br\/site\/wp-json\/wp\/v2\/posts\/5567\/revisions"}],"wp:featuredmedia":[{"embeddable":true,"href":"https:\/\/www.caritasne2.org.br\/site\/wp-json\/wp\/v2\/media\/5568"}],"wp:attachment":[{"href":"https:\/\/www.caritasne2.org.br\/site\/wp-json\/wp\/v2\/media?parent=5567"}],"wp:term":[{"taxonomy":"category","embeddable":true,"href":"https:\/\/www.caritasne2.org.br\/site\/wp-json\/wp\/v2\/categories?post=5567"},{"taxonomy":"post_tag","embeddable":true,"href":"https:\/\/www.caritasne2.org.br\/site\/wp-json\/wp\/v2\/tags?post=5567"}],"curies":[{"name":"wp","href":"https:\/\/api.w.org\/{rel}","templated":true}]}}