{"id":5562,"date":"2018-06-14T18:41:48","date_gmt":"2018-06-14T21:41:48","guid":{"rendered":"http:\/\/www.caritasne2.org.br\/?p=5562"},"modified":"2018-06-15T16:46:38","modified_gmt":"2018-06-15T19:46:38","slug":"carta-dos-participantes-do-seminario-internacional-de-migracoes-e-refugio","status":"publish","type":"post","link":"https:\/\/www.caritasne2.org.br\/site\/carta-dos-participantes-do-seminario-internacional-de-migracoes-e-refugio\/","title":{"rendered":"Carta dos participantes do Semin\u00e1rio Internacional de Migra\u00e7\u00f5es e Ref\u00fagio"},"content":{"rendered":"<p>Com verbos que indicam o compromisso, a percep\u00e7\u00e3o e o horizonte de desafios a serem enfrentados, assim como a beleza das possibilidades de trocas de saberes e experi\u00eancias, os participantes do Semin\u00e1rio Internacional de Migra\u00e7\u00f5es e Ref\u00fagio, publicaram nesta quinta-feira (14), a carta que traz uma s\u00edntese das experi\u00eancias compartilhadas pelo grupo, bem como as inquieta\u00e7\u00f5es e propostas para o fortalecimento da cultura do encontro.<\/p>\n<p>\u201cDENUNCIAMOS a criminaliza\u00e7\u00e3o das migra\u00e7\u00f5es, a xenofobia, o racismo, a linguagem discriminat\u00f3ria com estere\u00f3tipos e preconceitos, alarmismos infundados, o uso e a propaga\u00e7\u00e3o de informa\u00e7\u00f5es distorcidas sobre tem\u00e1ticas relacionadas com as migra\u00e7\u00f5es e o ref\u00fagio e, todas as viola\u00e7\u00f5es aos direitos humanos de migrantes e refugiados, incluindo o tr\u00e1fico de pessoas e o trabalho an\u00e1logo \u00e0 escravid\u00e3o\u201d, diz um trecho da carta.<\/p>\n<p>No texto, o grupo destaca ainda o potencial e protagonismo dos migrantes e refugiados. \u201cACREDITAMOS no potencial pessoal, comunit\u00e1rio e pol\u00edtico dos migrantes e refugiados e apostamos no protagonismo criativo e correspons\u00e1vel na constru\u00e7\u00e3o de rela\u00e7\u00f5es interculturais solid\u00e1rias e de viv\u00eancias nas comunidades com uma presen\u00e7a e contributo positivo\u201d.<\/p>\n<p><strong>Leia abaixo a carta na \u00edntegra:<\/strong><\/p>\n<p><a href=\"http:\/\/www.caritasne2.org.br\/wp-content\/uploads\/2018\/06\/Carta-Semin\u00e1rio-Internacional-de-Migra\u00e7\u00f5es-e-Ref\u00fagio.pdf\"><strong>Carta do Semin\u00e1rio Internacional de Migra\u00e7\u00f5es e Ref\u00fagio: Caminhos para a Cultura do Encontro<\/strong><\/a><\/p>\n<p>Podemos e devemos alimentar nossa esperan\u00e7a nos migrantes<\/p>\n<p>e refugiados. A cultura do encontro inclui o encontro das culturas.<\/p>\n<p>(Cardeal \u00a0Tagle)<\/p>\n<p>N\u00f3s, reunidos no Semin\u00e1rio Internacional de Migra\u00e7\u00f5es e Ref\u00fagio, Caminhos para a Cultura do Encontro, de 12 a 14 de junho de 2018, sob a lideran\u00e7a do cardeal Luis Antonio Tagle, presidente da C\u00e1ritas Internacional, com a participa\u00e7\u00e3o de migrantes e refugiados de v\u00e1rios pa\u00edses da \u00c1frica, Europa, \u00c1sia e Am\u00e9rica Latina, de representantes de pastorais, organismos eclesiais, institui\u00e7\u00f5es da sociedade civil, de organiza\u00e7\u00f5es internacionais e governo tivemos a b\u00ean\u00e7\u00e3o de construir uma reflex\u00e3o iluminada para a nossa a\u00e7\u00e3o de Igrejas, orientados pelas palavras do papa Francisco para acolher, proteger, promover e integrar os povos que migram ou buscam ref\u00fagio em nosso pa\u00eds e no mundo.<\/p>\n<p>ANUNCIAMOS que a presen\u00e7a dos migrantes e refugiados entre n\u00f3s \u00e9 uma valiosa oportunidade de desenvolvimento da nossa intelig\u00eancia cultural de rela\u00e7\u00f5es inter-religiosas, fundamentais ao nosso amadurecimento enquanto humanidade e comunidade que acredita que somos filhos e filhas de Deus.<\/p>\n<p>ACREDITAMOS que no Brasil, um pa\u00eds constitu\u00eddo e constru\u00eddo historicamente, tamb\u00e9m, com a participa\u00e7\u00e3o dos imigrantes, a cultura do encontro se forma, no dia a dia nas rela\u00e7\u00f5es interpessoais, nas rotinas de trabalho, nas partilhas entre vizinhos, e na solidariedade com o irm\u00e3o e a irm\u00e3, a partir da nossa consci\u00eancia e paci\u00eancia afetuosa para entender a cultura do outro e para sermos pontes de solidariedade e integra\u00e7\u00e3o.<\/p>\n<p>COMPREENDEMOS as caracter\u00edsticas do contexto migrat\u00f3rio global e regional, destacando o estado da migra\u00e7\u00e3o em crise, que requer um trabalho articulado, \u00e1gil e oportuno de todas as organiza\u00e7\u00f5es (Igreja, Sociedade Civil, Estado e Organismos Internacionais).<\/p>\n<p>DESAFIAMOS nossas comunidades religiosas, grupos e entidades ao exerc\u00edcio e viv\u00eancias interculturais nas v\u00e1rias formas de acolhida aos irm\u00e3os e irm\u00e3s migrantes e refugiados, com criatividade em promover sua integra\u00e7\u00e3o efetiva e plena na vida da comunidade.<\/p>\n<p>RECONHECEMOS que em muitas realidades ocorrem falhas e lacunas nos servi\u00e7os de atendimento e acolhimento, inclusive a falta de informa\u00e7\u00f5es e orienta\u00e7\u00f5es adequadas e oportunas, que ampliam a vulnerabilidade social dos migrantes e refugiados e que necessitamos aprimorar.<\/p>\n<p>DENUNCIAMOS a criminaliza\u00e7\u00e3o das migra\u00e7\u00f5es, a xenofobia, o racismo, a linguagem discriminat\u00f3ria com estere\u00f3tipos e preconceitos, alarmismos infundados, o uso e a propaga\u00e7\u00e3o de informa\u00e7\u00f5es distorcidas sobre tem\u00e1ticas relacionadas com as migra\u00e7\u00f5es e o ref\u00fagio e, todas as viola\u00e7\u00f5es aos direitos humanos de migrantes e refugiados, incluindo o tr\u00e1fico de pessoas e o trabalho an\u00e1logo \u00e0 escravid\u00e3o.<\/p>\n<p>ACREDITAMOS no potencial pessoal, comunit\u00e1rio e pol\u00edtico dos migrantes e refugiados e apostamos no protagonismo criativo e correspons\u00e1vel na constru\u00e7\u00e3o de rela\u00e7\u00f5es interculturais solid\u00e1rias e de viv\u00eancias nas comunidades com uma presen\u00e7a e contributo positivo.<\/p>\n<p>ENCORAJAMOS migrantes e refugiados, (crian\u00e7as, jovens e adultos) a acreditarem em si mesmos, em sua f\u00e9 e em sua for\u00e7a transformadora e de articula\u00e7\u00e3o e organiza\u00e7\u00e3o na busca de seus sonhos e projetos de vida.<\/p>\n<p>EXORTAMOS aos Estados, Igrejas e Sociedade Civil para continuar as reflex\u00f5es interculturais e inter-religiosas sobre o fen\u00f4meno migrat\u00f3rio na regi\u00e3o da Am\u00e9rica Latina, gerando an\u00e1lises de contextos que permitam compreender e abordar causas e tend\u00eancias, e projetar respostas coordenadas entre todos os atores.<\/p>\n<p>Frente a tudo que vimos, ouvimos, sentimos e refletimos, nestes dias, faz-se imprescind\u00edvel o compromisso pessoal, institucional e coletivo com:<\/p>\n<ul>\n<li>a amplia\u00e7\u00e3o de iniciativas solid\u00e1rias de interioriza\u00e7\u00e3o e integra\u00e7\u00e3o para migrantes e refugiados, envolvendo as comunidades e dioceses, especialmente frente as demandas do fluxo atual de venezuelanos e venezuelanas no Brasil;<\/li>\n<li>o fortalecimento e amplia\u00e7\u00e3o de parcerias solid\u00e1rias e estrat\u00e9gicas das institui\u00e7\u00f5es que atuam com migrantes e refugiados no pa\u00eds, para que se fortale\u00e7a o trabalho em rede e se multipliquem as oportunidades de forma\u00e7\u00e3o qualificada para o atendimento dessa popula\u00e7\u00e3o;<\/li>\n<li>o reconhecimento das necessidades de atendimento, acolhida, prote\u00e7\u00e3o e integra\u00e7\u00e3o diferenciada para mulheres, crian\u00e7as, comunidades ind\u00edgenas e popula\u00e7\u00e3o negra, LGBTQI+, pessoas com defici\u00eancia, para a constru\u00e7\u00e3o e atualiza\u00e7\u00e3o do enfoque de g\u00eanero e etnia;<\/li>\n<li>a qualifica\u00e7\u00e3o do atendimento e orienta\u00e7\u00e3o aos migrantes e refugiados que chegam ao pa\u00eds, atrav\u00e9s de servi\u00e7os de apoio socioassistencial, incluindo a colabora\u00e7\u00e3o de migrantes e refugiados, que j\u00e1 vivenciaram situa\u00e7\u00f5es semelhantes;<\/li>\n<li>a promo\u00e7\u00e3o de capacita\u00e7\u00f5es sobre conjuntura nacional e internacional e suas rela\u00e7\u00f5es com os fluxos migrat\u00f3rios atuais, sobre a hist\u00f3ria, a cultura e a realidade dos pa\u00edses de origem, transito e destino;<\/li>\n<li>o desenvolvimento e fortalecimento de a\u00e7\u00f5es de preven\u00e7\u00e3o e enfrentamento ao tr\u00e1fico humano, com olhar para a vulnerabilidade dos migrantes e refugiados neste contexto;<\/li>\n<li>o desenvolvimento de a\u00e7\u00f5es de empoderamento e fortalecimento da autonomia de migrantes e refugiados, atrav\u00e9s da organiza\u00e7\u00e3o e auto-gest\u00e3o destes;<\/li>\n<li>a elabora\u00e7\u00e3o e implementa\u00e7\u00e3o de uma Pol\u00edtica Nacional de Migra\u00e7\u00e3o, orientada nos direitos humanos e no direito de migrar, considerando em sua elabora\u00e7\u00e3o a participa\u00e7\u00e3o da sociedade civil e dos pr\u00f3prios migrantes;<\/li>\n<\/ul>\n<p>A humanidade que nos caracteriza, conforme nos ensina o cardeal Tagle, \u00e9 o ponto de encontro que nos irmana e nos conclama a um compromisso de amor e solidariedade contra a globaliza\u00e7\u00e3o da indiferen\u00e7a. Necessitamos de autocr\u00edtica e autoexame para renovar as mentalidades e gerar atitudes que promovam a comunh\u00e3o.<\/p>\n<p>Bras\u00edlia, 14 de junho de 2018<\/p>\n<p>Participantes do Semin\u00e1rio Internacional de Migra\u00e7\u00f5es e Ref\u00fagio<\/p>\n<ul class=\"ssb_list_wrapper\"><li class=\"fb2\" style=\"width:135px\"><iframe src=\"\/\/www.facebook.com\/plugins\/like.php?href=https%3A%2F%2Fwww.caritasne2.org.br%2Fsite%2Fcarta-dos-participantes-do-seminario-internacional-de-migracoes-e-refugio%2F&amp;layout=button_count&amp;action=like&amp;show_faces=false&amp;share=true&amp;width=135&amp;height=21&amp;appId=307091639398582\" scrolling=\"no\" frameborder=\"0\" style=\"border:none; overflow:hidden;  width:150px; height:21px;\" allowTransparency=\"true\"><\/iframe><\/li><li class=\"twtr\" style=\"width:90px\"><a href=\"https:\/\/twitter.com\/share\" class=\"twitter-share-button\" data-url=\"https:\/\/www.caritasne2.org.br\/site\/carta-dos-participantes-do-seminario-internacional-de-migracoes-e-refugio\/\">&nbsp;<\/a><script>!function(d,s,id){var js,fjs=d.getElementsByTagName(s)[0],p=\/^http:\/.test(d.location)?'http':'https';if(!d.getElementById(id)){js=d.createElement(s);js.id=id;js.src=p+':\/\/platform.twitter.com\/widgets.js';fjs.parentNode.insertBefore(js,fjs);}}(document, 'script', 'twitter-wjs');<\/script><\/li><li class=\"gplus\" style=\"width:68px\"><div class=\"g-plusone\" data-size=\"medium\" data-href=\"https:\/\/www.caritasne2.org.br\/site\/carta-dos-participantes-do-seminario-internacional-de-migracoes-e-refugio\/\"><\/div><\/li><li class=\"ssb_linkedin\" style=\"width:64px\"><script src=\"\/\/platform.linkedin.com\/in.js\" type=\"text\/javascript\">lang: en_US<\/script><script type=\"IN\/Share\" data-url=\"https:\/\/www.caritasne2.org.br\/site\/carta-dos-participantes-do-seminario-internacional-de-migracoes-e-refugio\/\" data-counter=\"right\"><\/script><\/li><\/ul>","protected":false},"excerpt":{"rendered":"<p>Com verbos que indicam o compromisso, a percep\u00e7\u00e3o e o horizonte de desafios a serem enfrentados, assim como a beleza das possibilidades de trocas de saberes e experi\u00eancias, os participantes do Semin\u00e1rio Internacional de Migra\u00e7\u00f5es e Ref\u00fagio, publicaram nesta quinta-feira (14), a carta que traz uma s\u00edntese das experi\u00eancias compartilhadas pelo grupo, bem como as inquieta\u00e7\u00f5es e propostas para o fortalecimento da cultura do encontro. [&hellip;]<\/p>\n<ul class=\"ssb_list_wrapper\"><li class=\"fb2\" style=\"width:135px\"><iframe src=\"\/\/www.facebook.com\/plugins\/like.php?href=https%3A%2F%2Fwww.caritasne2.org.br%2Fsite%2Fcarta-dos-participantes-do-seminario-internacional-de-migracoes-e-refugio%2F&amp;layout=button_count&amp;action=like&amp;show_faces=false&amp;share=true&amp;width=135&amp;height=21&amp;appId=307091639398582\" scrolling=\"no\" frameborder=\"0\" style=\"border:none; overflow:hidden;  width:150px; height:21px;\" allowTransparency=\"true\"><\/iframe><\/li><li class=\"twtr\" style=\"width:90px\"><a href=\"https:\/\/twitter.com\/share\" class=\"twitter-share-button\" data-url=\"https:\/\/www.caritasne2.org.br\/site\/carta-dos-participantes-do-seminario-internacional-de-migracoes-e-refugio\/\">&nbsp;<\/a><script>!function(d,s,id){var js,fjs=d.getElementsByTagName(s)[0],p=\/^http:\/.test(d.location)?'http':'https';if(!d.getElementById(id)){js=d.createElement(s);js.id=id;js.src=p+':\/\/platform.twitter.com\/widgets.js';fjs.parentNode.insertBefore(js,fjs);}}(document, 'script', 'twitter-wjs');<\/script><\/li><li class=\"gplus\" style=\"width:68px\"><div class=\"g-plusone\" data-size=\"medium\" data-href=\"https:\/\/www.caritasne2.org.br\/site\/carta-dos-participantes-do-seminario-internacional-de-migracoes-e-refugio\/\"><\/div><\/li><li class=\"ssb_linkedin\" style=\"width:64px\"><script src=\"\/\/platform.linkedin.com\/in.js\" type=\"text\/javascript\">lang: en_US<\/script><script type=\"IN\/Share\" data-url=\"https:\/\/www.caritasne2.org.br\/site\/carta-dos-participantes-do-seminario-internacional-de-migracoes-e-refugio\/\" data-counter=\"right\"><\/script><\/li><\/ul>","protected":false},"author":4,"featured_media":5564,"comment_status":"open","ping_status":"open","sticky":false,"template":"","format":"standard","meta":[],"categories":[21,1187],"tags":[46,1206,1188,1189,401,1207],"_links":{"self":[{"href":"https:\/\/www.caritasne2.org.br\/site\/wp-json\/wp\/v2\/posts\/5562"}],"collection":[{"href":"https:\/\/www.caritasne2.org.br\/site\/wp-json\/wp\/v2\/posts"}],"about":[{"href":"https:\/\/www.caritasne2.org.br\/site\/wp-json\/wp\/v2\/types\/post"}],"author":[{"embeddable":true,"href":"https:\/\/www.caritasne2.org.br\/site\/wp-json\/wp\/v2\/users\/4"}],"replies":[{"embeddable":true,"href":"https:\/\/www.caritasne2.org.br\/site\/wp-json\/wp\/v2\/comments?post=5562"}],"version-history":[{"count":0,"href":"https:\/\/www.caritasne2.org.br\/site\/wp-json\/wp\/v2\/posts\/5562\/revisions"}],"wp:featuredmedia":[{"embeddable":true,"href":"https:\/\/www.caritasne2.org.br\/site\/wp-json\/wp\/v2\/media\/5564"}],"wp:attachment":[{"href":"https:\/\/www.caritasne2.org.br\/site\/wp-json\/wp\/v2\/media?parent=5562"}],"wp:term":[{"taxonomy":"category","embeddable":true,"href":"https:\/\/www.caritasne2.org.br\/site\/wp-json\/wp\/v2\/categories?post=5562"},{"taxonomy":"post_tag","embeddable":true,"href":"https:\/\/www.caritasne2.org.br\/site\/wp-json\/wp\/v2\/tags?post=5562"}],"curies":[{"name":"wp","href":"https:\/\/api.w.org\/{rel}","templated":true}]}}