{"id":5559,"date":"2018-06-14T13:29:37","date_gmt":"2018-06-14T16:29:37","guid":{"rendered":"http:\/\/www.caritasne2.org.br\/?p=5559"},"modified":"2018-06-15T16:40:01","modified_gmt":"2018-06-15T19:40:01","slug":"dialogos-cultural-e-religioso-sao-pontes-para-estreitar-lacos-entre-as-pessoas","status":"publish","type":"post","link":"https:\/\/www.caritasne2.org.br\/site\/dialogos-cultural-e-religioso-sao-pontes-para-estreitar-lacos-entre-as-pessoas\/","title":{"rendered":"Di\u00e1logos cultural e religioso s\u00e3o pontes para estreitar la\u00e7os entre as pessoas"},"content":{"rendered":"<p>A programa\u00e7\u00e3o do \u00faltimo dia (14) do Semin\u00e1rio Internacional de Migra\u00e7\u00f5es e Ref\u00fagio \u2013 Caminhos para a Cultura do Encontro iniciou com a celebra\u00e7\u00e3o do divino e a reflex\u00e3o acerca da aproxima\u00e7\u00e3o entre os povos a partir das rela\u00e7\u00f5es interculturais e inter-religiosas<\/p>\n<p>O p\u00e3o foi o elemento trazido \u00e0 mesa por migrantes africanas, acompanhado de hinos religiosos aos ancestrais, para ser partilhado com os participantes do evento. Padre Joachim Andrade, um dos celebrantes do momento, salientou que cada realidade cultural-religiosa se manifesta, considerando um dos sentidos, como o paladar. \u201cA partir do p\u00e3o, elaboramos rela\u00e7\u00f5es \u00edntimas. Comendo juntos, o divino cuida de todos e consegue encontrar seu lugar em n\u00f3s\u201d, disse.<\/p>\n<p><a href=\"http:\/\/caritas.org.br\/construir-pontes-este-foi-o-apelo-do-cardeal-tagle-em-nome-de-migrantes-e-refugiados-do-mundo\/39025\/prudence\" rel=\"attachment wp-att-39027\"><img decoding=\"async\" loading=\"lazy\" class=\"wp-image-39027 size-medium alignleft\" src=\"http:\/\/caritas.org.br\/wp-content\/uploads\/2018\/06\/prudence-225x300.jpeg\" sizes=\"(max-width: 225px) 100vw, 225px\" srcset=\"http:\/\/caritas.org.br\/wp-content\/uploads\/2018\/06\/prudence-225x300.jpeg 225w, http:\/\/caritas.org.br\/wp-content\/uploads\/2018\/06\/prudence-768x1024.jpeg 768w, http:\/\/caritas.org.br\/wp-content\/uploads\/2018\/06\/prudence-300x400.jpeg 300w, http:\/\/caritas.org.br\/wp-content\/uploads\/2018\/06\/prudence.jpeg 864w\" alt=\"\" width=\"225\" height=\"300\" \/><\/a>Nessa perspectiva da partilha, padre Joachim, al\u00e9m da necessidade de estreitamento de rela\u00e7\u00f5es entre as pessoas, criando pontes no \u00e2mbito inter-religioso, destacou que os fen\u00f4menos migrat\u00f3rios sempre ocorreram, por diversos motivos, e provocaram o que hoje se costuma chamar de interculturalidade. \u201cDe fato, a diversidade \u00e9 divina e os povos, por sua vez, sempre migraram e tentam encontrar seu lugar. E, para isso, criamos conceitos que querem significar esse movimento de colocar debaixo do mesmo teto as diversas culturas\u201d, considerou.<\/p>\n<p>Ainda sobre os fen\u00f4menos migrat\u00f3rios, a pastora Romi Bencker rememorou que o Brasil teve a escravid\u00e3o como um dos principais pilares da economia. \u201cA escravid\u00e3o n\u00e3o pode ser resumida apenas ao trabalho for\u00e7ado, ela \u00e9 muito mais que isso. \u00c9 a nega\u00e7\u00e3o da humanidade e privou as pessoas da sua terra, dignidade, hist\u00f3ria, fam\u00edlia e religiosidade\u201d, afirmou. Bencker acredita que os di\u00e1logos\u00a0\u00a0intercultural e inter-religioso \u00e9 um caminho alternativo para cultura da paz e enfrentamento do capitalismo.\u00a0\u00a0\u201c O Deus da diversidade nos d\u00e1 esse direito. Ele se expressa nas mais diversas maneiras e comunica o que esse encontro de diversas culturas tem para nos trazer\u201d, disse.<\/p>\n<p>O cardeal Dom Ant\u00f4nio Tagle, presidente da C\u00e1ritas Internationalis e arcebispo de Manila, nas Filipinas, nesse campo dos di\u00e1logos entre manifesta\u00e7\u00f5es culturais e religiosas distintas, trouxe a necessidade de desenvolver uma habilidade humana espec\u00edfica. \u201cExistem diversas formas de intelig\u00eancia. A intelectual vem com a ajuda da escola, a emocional \u00e9 estimulada para lidarmos com desejos e pensamentos. Mas n\u00f3s precisamos tamb\u00e9m da intercultural e inter-religiosa\u201d, disse.<\/p>\n<p>E, para que esse processo se constitua, Dom Tagle indicou tr\u00eas passos necess\u00e1rios. \u201dO primeiro passo \u00e9 conhecer a pr\u00f3pria cultura. A segunda \u00e9 abrir-se, ter consci\u00eancia e paci\u00eancia para conhecer a do outro. E o terceiro \u00e9 construir uma ponte entre a minha e a do outro. Eu espero e rezo para que a Igreja e outros espa\u00e7os de f\u00e9 estejam dispostos a fazer isso\u201d, ressaltou.<\/p>\n<p>O Semin\u00e1rio Internacional de Migra\u00e7\u00f5es e Ref\u00fagio \u2013 Caminhos para a Cultura do Encontro inicia na tarde dessa ter\u00e7a-feira (12) e segue at\u00e9\u00a0a pr\u00f3xima quinta-feira (14), no Centro Cultural Bras\u00edlia. O evento \u00e9 organizado pela C\u00e1ritas Brasileira, Setor Pastoral da Mobilidade Humana da Confer\u00eancia Nacional dos Bispos do Brasil (SMH-CNBB), o Servi\u00e7o Jesu\u00edta a Migrantes e Refugiados (SJMR), o Servi\u00e7o Pastoral dos Migrantes (SPM), o Instituto de Migra\u00e7\u00f5es e Direitos Humanos (IMDH), o Centro Scalabriniano de Estudos Migrat\u00f3rios (CSEM) e a Miss\u00e3o Paz.<\/p>\n<p><a href=\"https:\/\/web.facebook.com\/caritasbrasileira\/videos\/2219729238069346\/\" data-saferedirecturl=\"https:\/\/www.google.com\/url?hl=pt-BR&amp;q=https:\/\/web.facebook.com\/caritasbrasileira\/videos\/2219729238069346\/&amp;source=gmail&amp;ust=1529090103725000&amp;usg=AFQjCNERoEjMK3S4pHacky9NnvIZN0sDIQ\">ASSISTA O V\u00cdDEO COMPLETO DA MESA PARTILHADA: DI\u00c1LOGO INTERCULTURAL E INTER-RELIGIOSO<\/a><\/p>\n<p><em>Por\u00a0Morgana Dam\u00e1sio e Wagner Cesario<\/em><\/p>\n<p><em>Fotos: Wagner Ces\u00e1rio e Francielle Oliveira<\/em><\/p>\n<p><em>Rede de Comunicadores da C\u00e1ritas Brasileira<\/em><\/p>\n<ul class=\"ssb_list_wrapper\"><li class=\"fb2\" style=\"width:135px\"><iframe src=\"\/\/www.facebook.com\/plugins\/like.php?href=https%3A%2F%2Fwww.caritasne2.org.br%2Fsite%2Fdialogos-cultural-e-religioso-sao-pontes-para-estreitar-lacos-entre-as-pessoas%2F&amp;layout=button_count&amp;action=like&amp;show_faces=false&amp;share=true&amp;width=135&amp;height=21&amp;appId=307091639398582\" scrolling=\"no\" frameborder=\"0\" style=\"border:none; overflow:hidden;  width:150px; height:21px;\" allowTransparency=\"true\"><\/iframe><\/li><li class=\"twtr\" style=\"width:90px\"><a href=\"https:\/\/twitter.com\/share\" class=\"twitter-share-button\" data-url=\"https:\/\/www.caritasne2.org.br\/site\/dialogos-cultural-e-religioso-sao-pontes-para-estreitar-lacos-entre-as-pessoas\/\">&nbsp;<\/a><script>!function(d,s,id){var js,fjs=d.getElementsByTagName(s)[0],p=\/^http:\/.test(d.location)?'http':'https';if(!d.getElementById(id)){js=d.createElement(s);js.id=id;js.src=p+':\/\/platform.twitter.com\/widgets.js';fjs.parentNode.insertBefore(js,fjs);}}(document, 'script', 'twitter-wjs');<\/script><\/li><li class=\"gplus\" style=\"width:68px\"><div class=\"g-plusone\" data-size=\"medium\" data-href=\"https:\/\/www.caritasne2.org.br\/site\/dialogos-cultural-e-religioso-sao-pontes-para-estreitar-lacos-entre-as-pessoas\/\"><\/div><\/li><li class=\"ssb_linkedin\" style=\"width:64px\"><script src=\"\/\/platform.linkedin.com\/in.js\" type=\"text\/javascript\">lang: en_US<\/script><script type=\"IN\/Share\" data-url=\"https:\/\/www.caritasne2.org.br\/site\/dialogos-cultural-e-religioso-sao-pontes-para-estreitar-lacos-entre-as-pessoas\/\" data-counter=\"right\"><\/script><\/li><\/ul>","protected":false},"excerpt":{"rendered":"<p>A programa\u00e7\u00e3o do \u00faltimo dia (14) do Semin\u00e1rio Internacional de Migra\u00e7\u00f5es e Ref\u00fagio \u2013 Caminhos para a Cultura do Encontro iniciou com a celebra\u00e7\u00e3o do divino e a reflex\u00e3o acerca da aproxima\u00e7\u00e3o entre os povos a partir das rela\u00e7\u00f5es interculturais e inter-religiosas O p\u00e3o foi o elemento trazido \u00e0 mesa por migrantes africanas, acompanhado de hinos religiosos aos ancestrais, para ser partilhado com os participantes [&hellip;]<\/p>\n<ul class=\"ssb_list_wrapper\"><li class=\"fb2\" style=\"width:135px\"><iframe src=\"\/\/www.facebook.com\/plugins\/like.php?href=https%3A%2F%2Fwww.caritasne2.org.br%2Fsite%2Fdialogos-cultural-e-religioso-sao-pontes-para-estreitar-lacos-entre-as-pessoas%2F&amp;layout=button_count&amp;action=like&amp;show_faces=false&amp;share=true&amp;width=135&amp;height=21&amp;appId=307091639398582\" scrolling=\"no\" frameborder=\"0\" style=\"border:none; overflow:hidden;  width:150px; height:21px;\" allowTransparency=\"true\"><\/iframe><\/li><li class=\"twtr\" style=\"width:90px\"><a href=\"https:\/\/twitter.com\/share\" class=\"twitter-share-button\" data-url=\"https:\/\/www.caritasne2.org.br\/site\/dialogos-cultural-e-religioso-sao-pontes-para-estreitar-lacos-entre-as-pessoas\/\">&nbsp;<\/a><script>!function(d,s,id){var js,fjs=d.getElementsByTagName(s)[0],p=\/^http:\/.test(d.location)?'http':'https';if(!d.getElementById(id)){js=d.createElement(s);js.id=id;js.src=p+':\/\/platform.twitter.com\/widgets.js';fjs.parentNode.insertBefore(js,fjs);}}(document, 'script', 'twitter-wjs');<\/script><\/li><li class=\"gplus\" style=\"width:68px\"><div class=\"g-plusone\" data-size=\"medium\" data-href=\"https:\/\/www.caritasne2.org.br\/site\/dialogos-cultural-e-religioso-sao-pontes-para-estreitar-lacos-entre-as-pessoas\/\"><\/div><\/li><li class=\"ssb_linkedin\" style=\"width:64px\"><script src=\"\/\/platform.linkedin.com\/in.js\" type=\"text\/javascript\">lang: en_US<\/script><script type=\"IN\/Share\" data-url=\"https:\/\/www.caritasne2.org.br\/site\/dialogos-cultural-e-religioso-sao-pontes-para-estreitar-lacos-entre-as-pessoas\/\" data-counter=\"right\"><\/script><\/li><\/ul>","protected":false},"author":4,"featured_media":5561,"comment_status":"open","ping_status":"open","sticky":false,"template":"","format":"standard","meta":[],"categories":[21,1187],"tags":[46,1206,1188,1189,401,1207],"_links":{"self":[{"href":"https:\/\/www.caritasne2.org.br\/site\/wp-json\/wp\/v2\/posts\/5559"}],"collection":[{"href":"https:\/\/www.caritasne2.org.br\/site\/wp-json\/wp\/v2\/posts"}],"about":[{"href":"https:\/\/www.caritasne2.org.br\/site\/wp-json\/wp\/v2\/types\/post"}],"author":[{"embeddable":true,"href":"https:\/\/www.caritasne2.org.br\/site\/wp-json\/wp\/v2\/users\/4"}],"replies":[{"embeddable":true,"href":"https:\/\/www.caritasne2.org.br\/site\/wp-json\/wp\/v2\/comments?post=5559"}],"version-history":[{"count":0,"href":"https:\/\/www.caritasne2.org.br\/site\/wp-json\/wp\/v2\/posts\/5559\/revisions"}],"wp:featuredmedia":[{"embeddable":true,"href":"https:\/\/www.caritasne2.org.br\/site\/wp-json\/wp\/v2\/media\/5561"}],"wp:attachment":[{"href":"https:\/\/www.caritasne2.org.br\/site\/wp-json\/wp\/v2\/media?parent=5559"}],"wp:term":[{"taxonomy":"category","embeddable":true,"href":"https:\/\/www.caritasne2.org.br\/site\/wp-json\/wp\/v2\/categories?post=5559"},{"taxonomy":"post_tag","embeddable":true,"href":"https:\/\/www.caritasne2.org.br\/site\/wp-json\/wp\/v2\/tags?post=5559"}],"curies":[{"name":"wp","href":"https:\/\/api.w.org\/{rel}","templated":true}]}}