{"id":5547,"date":"2018-06-13T16:48:01","date_gmt":"2018-06-13T19:48:01","guid":{"rendered":"http:\/\/www.caritasne2.org.br\/?p=5547"},"modified":"2018-06-15T15:03:19","modified_gmt":"2018-06-15T18:03:19","slug":"um-lar-para-todos-sem-excecoes-o-mundo-e-a-nossa-casa-comum","status":"publish","type":"post","link":"https:\/\/www.caritasne2.org.br\/site\/um-lar-para-todos-sem-excecoes-o-mundo-e-a-nossa-casa-comum\/","title":{"rendered":"Um lar para todos, sem exce\u00e7\u00f5es, o mundo \u00e9 a nossa casa comum"},"content":{"rendered":"<p>Cheguem, a mesa est\u00e1 posta. H\u00e1 lugar para todos. Tem comida e aconchego. Seus direitos est\u00e3o assegurados. Voc\u00ea \u00e9 um de n\u00f3s. Vamos juntos assumir nossos deveres e continuar cuidando de nossa casa comum. N\u00e3o h\u00e1 muros nem barreiras. A casa \u00e9 nossa.<\/p>\n<p><img decoding=\"async\" loading=\"lazy\" class=\"size-medium wp-image-5551 alignleft\" src=\"http:\/\/www.caritasne2.org.br\/wp-content\/uploads\/2018\/06\/cenario12-225x300-225x300.jpeg\" alt=\"\" width=\"225\" height=\"300\" \/>Entre flores de ip\u00eas, num painel, j\u00e1 na porta de entrada, os participantes do \u201cSemin\u00e1rio Internacional de Migra\u00e7\u00f5es e Ref\u00fagio: Caminhos para a cultura do encontro\u201d, que est\u00e1 sendo realizado em Bras\u00edlia (DF) de 12 a 14 de junho de 2018, s\u00e3o convidados a estreitar la\u00e7os alargar o cora\u00e7\u00e3o e abrir os bra\u00e7os em meio a tantas culturas, hist\u00f3rias, lutas, resist\u00eancias e protagonismo de migrantes e refugiados que vivem no Brasil e aos que est\u00e3o chegando.<\/p>\n<p>Nas laterais do audit\u00f3rio, cartazes \u2013 cuidadosamente finalizados com rendas, franjas trabalhadas a m\u00e3o \u2013 com os verbos:\u00a0 acolher, proteger, promover e integrar sugeridas pelo papa Francisco para fortalecer a cultura do encontro com os migrantes refugiados.<\/p>\n<p>Ao esticar um pouco mais o olhar, at\u00e9 o palco, um grande quintal, quatro ip\u00eas amarelo e no centro uma mesa que\u00a0convida a sentar-se, puxar uma prosa sem pressa, a ali debulhar a vida, os sonhos, as dores, as alegrias, as conquistas, os medos, as angustias, as preocupa\u00e7\u00f5es e a solidariedade.<\/p>\n<p>N\u00e3o \u00e9 \u00e0 toa que o ip\u00ea est\u00e1 t\u00e3o presente neste Semin\u00e1rio, \u00e9 a \u00e1rvore da resist\u00eancia e da ousadia, se despe de todas as folhas para florir, no inverno. Diz a lenda que o Criador deu liberdade \u00e0s \u00e1rvores para escolherem seu tempo de flores. Durante o inverno ningu\u00e9m havia escolhido.<\/p>\n<p>\u2013 \u00a0Eu preciso de pelo menos uma \u00e1rvore, que embeleze o inverno, que seja corajosa, para enfrentar o frio, a seca e as queimadas.<\/p>\n<p>Todas ficaram em sil\u00eancio. Foi ent\u00e3o que uma \u00e1rvore silenciosa, l\u00e1 no fundo, balan\u00e7ou as folhas e disse:<\/p>\n<p>\u2013 Eu vou.<\/p>\n<p>O Criador perguntou:<\/p>\n<p>\u2013 Qual seu nome?!<\/p>\n<p>\u2013 Me chamo Ip\u00ea!<\/p>\n<p>As outras \u00e1rvores ficaram espantadas com a coragem em querer florescer no inverno.<br \/>\nO criador respondeu:<img decoding=\"async\" loading=\"lazy\" class=\"size-medium wp-image-5550 alignright\" src=\"http:\/\/www.caritasne2.org.br\/wp-content\/uploads\/2018\/06\/cenario11-300x225-300x225.jpeg\" alt=\"\" width=\"300\" height=\"225\" \/><\/p>\n<p>\u2013 Por atender meu pedido farei com que voc\u00ea flores\u00e7a no inverno n\u00e3o s\u00f3 com uma cor, como agradecimento, ter\u00e1s diferentes cores e texturas, sua linhagem ser\u00e1 enorme. Para que tamb\u00e9m no inverno o mundo seja colorido.<\/p>\n<p>H\u00e1 um texto que circula nas redes sociais, \u2013 n\u00e3o consegui encontrar a autoria \u2013, referente ao tronco de um ip\u00ea que foi cortado para ser usado como poste na cidade de Porto Velho (RO) para suportar as linhas que transportam eletricidade. O texto diz assim: \u201cNa guerra pelo progresso, o homem n\u00e3o mede esfor\u00e7os e as consequ\u00eancias dos seus atos. O importante \u00e9 avan\u00e7ar. Numa batalha desigual, destr\u00f3i insanamente os recursos naturais, essenciais \u00e0 sobreviv\u00eancia. A resposta da natureza pode at\u00e9 demorar, mas n\u00e3o falha. \u00c0s vezes, \u00e9 imediata, intrigante ou mesmo desafiadora. S\u00f3 precisamos interpret\u00e1-la.<\/p>\n<p>Num ato silencioso e inusitado, ela respondeu aos afiados machados e \u00e0s violentas motosserras, maiores formas do desrespeito destruidor. Insistiu e exigiu seu espa\u00e7o para expor a beleza de suas flores e a generosa sombra de sua copada, numa grande demonstra\u00e7\u00e3o de energia e desejo de viver.<\/p>\n<p>Derrubado e transformado em poste para suporte dos fios da rede el\u00e9trica, o Ip\u00ea amarelo n\u00e3o se entregou. Com uma rea\u00e7\u00e3o estupenda, recuperou sua pompa e reinado de \u00e1rvore s\u00edmbolo nacional. Rebelou-se \u00e0 condena\u00e7\u00e3o injusta, criou suas ra\u00edzes no solo e voltou a reinar absoluto, esbanjando alegria e beleza com sua identidade marcante.<\/p>\n<p>Reconsiderando o seu ato, o homem decidiu transferir a rede el\u00e9trica a um poste de concreto instalado ao lado. Agora o Ip\u00ea reina livre dos fios\u201d. Que assim consigam os migrantes e refugiados que chegam ao Brasil. Mesmo com suas ra\u00edzes arrancadas da p\u00e1tria-m\u00e3e, possam encontrar espa\u00e7os favor\u00e1veis e flores\u00e7am com suas cores multiculturais e sejam integrados, misturados com cores da cultura brasileira.<\/p>\n<p><img decoding=\"async\" loading=\"lazy\" class=\"size-medium wp-image-5549 alignleft\" src=\"http:\/\/www.caritasne2.org.br\/wp-content\/uploads\/2018\/06\/cenario8-225x300-225x300.jpeg\" alt=\"\" width=\"225\" height=\"300\" \/>O Papa Francisco j\u00e1 nos disse em v\u00e1rias ocasi\u00f5es, em clara mensagem de fraternidade e de toler\u00e2ncia para com outras culturas e religi\u00f5es. \u201cOs imigrantes n\u00e3o s\u00e3o um perigo, est\u00e3o em perigo\u201d. Somos a ra\u00e7a humana. E se mergulharmos em nossa ancestralidade vamos descobrir que temos em nossas veias sangue migrante. H\u00e1 um migrante em n\u00f3s! Todos somos migrante!<\/p>\n<p>E assim seguimos nossa viagem pelo cen\u00e1rio do Congresso Internacional de Migra\u00e7\u00f5es e Ref\u00fagio que tem a assinatura de Patr\u00edcia Antunes e Grupo Arte em Movimento. \u201cN\u00f3s quisemos trazer a cozinha de um quintal, onde todos sentam, conversam, falam de coisas que importam ou n\u00e3o, riem, choram\u2026 A chegada dos refugiados [cartaz do congresso que traz a chegada de muitas pessoas, e uma crian\u00e7a em primeiro plano] na frente uma crian\u00e7a que abre os bra\u00e7os para quebrar a dureza e tristeza que est\u00e1 presente no processo de ter que deixar o seu lugar, romper com suas ra\u00edzes\u2026 A crian\u00e7a traz essa esperan\u00e7a\u2026 E onde queremos acolher os migrantes e refugiados? Em nosso quintal, perto no fog\u00e3o, sentado em nossas cadeiras em meio as flores do cerrado o ip\u00ea\u201d, conta Patr\u00edcia.<\/p>\n<p>Tamb\u00e9m no cen\u00e1rio est\u00e1 presente algumas malas de viagem, com o convite: \u201cCompartilhe a Viagem\u201d. Os inter-regionais da C\u00e1ritas Brasileira, que s\u00e3o: Internordeste, Internorte, Intersul e Intersudeste e Centro-Oeste receber\u00e3o uma dessas malas com a miss\u00e3o de reunir hist\u00f3rias de migrantes e refugiados em todo o pa\u00eds que posteriormente ser\u00e3o publicadas. Os migrantes e refugiados tamb\u00e9m s\u00e3o sujeitos na hist\u00f3ria do Brasil.<\/p>\n<p>&nbsp;<\/p>\n<p><em>Por\u00a0Osnilda Lima<\/em><\/p>\n<p><em>Fotos: Francielle Oliveria<\/em><\/p>\n<p><em>Rede de Comunicadores\/as da C\u00e1ritas Brasileira<\/em><\/p>\n<ul class=\"ssb_list_wrapper\"><li class=\"fb2\" style=\"width:135px\"><iframe src=\"\/\/www.facebook.com\/plugins\/like.php?href=https%3A%2F%2Fwww.caritasne2.org.br%2Fsite%2Fum-lar-para-todos-sem-excecoes-o-mundo-e-a-nossa-casa-comum%2F&amp;layout=button_count&amp;action=like&amp;show_faces=false&amp;share=true&amp;width=135&amp;height=21&amp;appId=307091639398582\" scrolling=\"no\" frameborder=\"0\" style=\"border:none; overflow:hidden;  width:150px; height:21px;\" allowTransparency=\"true\"><\/iframe><\/li><li class=\"twtr\" style=\"width:90px\"><a href=\"https:\/\/twitter.com\/share\" class=\"twitter-share-button\" data-url=\"https:\/\/www.caritasne2.org.br\/site\/um-lar-para-todos-sem-excecoes-o-mundo-e-a-nossa-casa-comum\/\">&nbsp;<\/a><script>!function(d,s,id){var js,fjs=d.getElementsByTagName(s)[0],p=\/^http:\/.test(d.location)?'http':'https';if(!d.getElementById(id)){js=d.createElement(s);js.id=id;js.src=p+':\/\/platform.twitter.com\/widgets.js';fjs.parentNode.insertBefore(js,fjs);}}(document, 'script', 'twitter-wjs');<\/script><\/li><li class=\"gplus\" style=\"width:68px\"><div class=\"g-plusone\" data-size=\"medium\" data-href=\"https:\/\/www.caritasne2.org.br\/site\/um-lar-para-todos-sem-excecoes-o-mundo-e-a-nossa-casa-comum\/\"><\/div><\/li><li class=\"ssb_linkedin\" style=\"width:64px\"><script src=\"\/\/platform.linkedin.com\/in.js\" type=\"text\/javascript\">lang: en_US<\/script><script type=\"IN\/Share\" data-url=\"https:\/\/www.caritasne2.org.br\/site\/um-lar-para-todos-sem-excecoes-o-mundo-e-a-nossa-casa-comum\/\" data-counter=\"right\"><\/script><\/li><\/ul>","protected":false},"excerpt":{"rendered":"<p>Cheguem, a mesa est\u00e1 posta. H\u00e1 lugar para todos. Tem comida e aconchego. Seus direitos est\u00e3o assegurados. Voc\u00ea \u00e9 um de n\u00f3s. Vamos juntos assumir nossos deveres e continuar cuidando de nossa casa comum. N\u00e3o h\u00e1 muros nem barreiras. A casa \u00e9 nossa. Entre flores de ip\u00eas, num painel, j\u00e1 na porta de entrada, os participantes do \u201cSemin\u00e1rio Internacional de Migra\u00e7\u00f5es e Ref\u00fagio: Caminhos para [&hellip;]<\/p>\n<ul class=\"ssb_list_wrapper\"><li class=\"fb2\" style=\"width:135px\"><iframe src=\"\/\/www.facebook.com\/plugins\/like.php?href=https%3A%2F%2Fwww.caritasne2.org.br%2Fsite%2Fum-lar-para-todos-sem-excecoes-o-mundo-e-a-nossa-casa-comum%2F&amp;layout=button_count&amp;action=like&amp;show_faces=false&amp;share=true&amp;width=135&amp;height=21&amp;appId=307091639398582\" scrolling=\"no\" frameborder=\"0\" style=\"border:none; overflow:hidden;  width:150px; height:21px;\" allowTransparency=\"true\"><\/iframe><\/li><li class=\"twtr\" style=\"width:90px\"><a href=\"https:\/\/twitter.com\/share\" class=\"twitter-share-button\" data-url=\"https:\/\/www.caritasne2.org.br\/site\/um-lar-para-todos-sem-excecoes-o-mundo-e-a-nossa-casa-comum\/\">&nbsp;<\/a><script>!function(d,s,id){var js,fjs=d.getElementsByTagName(s)[0],p=\/^http:\/.test(d.location)?'http':'https';if(!d.getElementById(id)){js=d.createElement(s);js.id=id;js.src=p+':\/\/platform.twitter.com\/widgets.js';fjs.parentNode.insertBefore(js,fjs);}}(document, 'script', 'twitter-wjs');<\/script><\/li><li class=\"gplus\" style=\"width:68px\"><div class=\"g-plusone\" data-size=\"medium\" data-href=\"https:\/\/www.caritasne2.org.br\/site\/um-lar-para-todos-sem-excecoes-o-mundo-e-a-nossa-casa-comum\/\"><\/div><\/li><li class=\"ssb_linkedin\" style=\"width:64px\"><script src=\"\/\/platform.linkedin.com\/in.js\" type=\"text\/javascript\">lang: en_US<\/script><script type=\"IN\/Share\" data-url=\"https:\/\/www.caritasne2.org.br\/site\/um-lar-para-todos-sem-excecoes-o-mundo-e-a-nossa-casa-comum\/\" data-counter=\"right\"><\/script><\/li><\/ul>","protected":false},"author":4,"featured_media":5548,"comment_status":"open","ping_status":"open","sticky":false,"template":"","format":"standard","meta":[],"categories":[21,1187],"tags":[1208,46,1206,1205,1211,1188,1210,1209,1189,401,1207],"_links":{"self":[{"href":"https:\/\/www.caritasne2.org.br\/site\/wp-json\/wp\/v2\/posts\/5547"}],"collection":[{"href":"https:\/\/www.caritasne2.org.br\/site\/wp-json\/wp\/v2\/posts"}],"about":[{"href":"https:\/\/www.caritasne2.org.br\/site\/wp-json\/wp\/v2\/types\/post"}],"author":[{"embeddable":true,"href":"https:\/\/www.caritasne2.org.br\/site\/wp-json\/wp\/v2\/users\/4"}],"replies":[{"embeddable":true,"href":"https:\/\/www.caritasne2.org.br\/site\/wp-json\/wp\/v2\/comments?post=5547"}],"version-history":[{"count":0,"href":"https:\/\/www.caritasne2.org.br\/site\/wp-json\/wp\/v2\/posts\/5547\/revisions"}],"wp:featuredmedia":[{"embeddable":true,"href":"https:\/\/www.caritasne2.org.br\/site\/wp-json\/wp\/v2\/media\/5548"}],"wp:attachment":[{"href":"https:\/\/www.caritasne2.org.br\/site\/wp-json\/wp\/v2\/media?parent=5547"}],"wp:term":[{"taxonomy":"category","embeddable":true,"href":"https:\/\/www.caritasne2.org.br\/site\/wp-json\/wp\/v2\/categories?post=5547"},{"taxonomy":"post_tag","embeddable":true,"href":"https:\/\/www.caritasne2.org.br\/site\/wp-json\/wp\/v2\/tags?post=5547"}],"curies":[{"name":"wp","href":"https:\/\/api.w.org\/{rel}","templated":true}]}}