{"id":5540,"date":"2018-06-12T16:30:00","date_gmt":"2018-06-12T19:30:00","guid":{"rendered":"http:\/\/www.caritasne2.org.br\/?p=5540"},"modified":"2018-06-15T13:59:55","modified_gmt":"2018-06-15T16:59:55","slug":"abertura-de-seminario-e-prestigiada-por-autoridades-e-parceiros","status":"publish","type":"post","link":"https:\/\/www.caritasne2.org.br\/site\/abertura-de-seminario-e-prestigiada-por-autoridades-e-parceiros\/","title":{"rendered":"Abertura de semin\u00e1rio \u00e9 prestigiada por autoridades e parceiros"},"content":{"rendered":"<p>Esp\u00edrito de acolhida, alegria, musicalidade, partilha e diversidade. Foi assim que teve in\u00edcio, nesta ter\u00e7a-feira (12), o Semin\u00e1rio Internacional de Migra\u00e7\u00f5es e Ref\u00fagio &#8211; Caminhos para a Cultura do Encontro, no Centro Cultural Bras\u00edlia (CCB), em Bras\u00edlia (DF).\u00a0A solenidade de abertura foi animada pelo Grupo Cultural Abaecatu, do Paran\u00e1, que trouxe m\u00fasicas e poesia para a acolhida das delega\u00e7\u00f5es, exaltando as caracter\u00edsticas culturais das regi\u00f5es do Brasil, da Am\u00e9rica Latina e do mundo presentes.<\/p>\n<p>Para receber os convidados, o palco do audit\u00f3rio ganhou objetos que o transformaram em um ambiente familiar: a cozinha, representando o local do grande encontro e tornando-se o espa\u00e7o de partilha para a mesa de abertura composta por homens e mulheres que com suas vidas e a\u00e7\u00f5es motivam a cultura do encontro.\u00a0Participaram da cerim\u00f4nia de abertura do Semin\u00e1rio o arcebispo de Bras\u00edlia e presidente da Confer\u00eancia Nacional dos Bispos do Brasil (CNBB), dom S\u00e9rgio da Rocha, o arcebispo de Aracaju e presidente da C\u00e1ritas Brasileira, dom Jo\u00e3o Jos\u00e9 da Costa, a diretora de Incid\u00eancia Pol\u00edtica da C\u00e1ritas Internacionalis, Martina Liebsch, as migrantes Myria Tokmaji e Mayra Alejandra e representa\u00e7\u00f5es institucionais e governamentais, como o Alto Comissariado das Na\u00e7\u00f5es Unidas para Refugiados (ACNUR), Organiza\u00e7\u00e3o Internacional para as Migra\u00e7\u00f5es (OIM), Comit\u00ea Nacional para os Refugiados (CONARE), Minist\u00e9rio Publico do Trabalho (MPT).<\/p>\n<p>A secret\u00e1ria geral do CONIC, pastora Romi Bencke,\u00a0ressaltou que deve existir um olhar especial \u00e0s pessoas que s\u00e3o expulsas de seus pa\u00edses e n\u00e3o t\u00eam o direito de decidir se querem ou n\u00e3o ficar em seu local de origem. \u201cElas precisam ser acolhidas e encontrar as nossas portas abertas. O Papa Francisco, ao falar da cultura do encontro, sentiu a necessidade de difundir uma cultura em que as pessoas e as rela\u00e7\u00f5es fossem de proximidade, solidariedade e simplicidade,\u201d pontuou Romi.<\/p>\n<p>O fluxo migrat\u00f3rio e de ref\u00fagio no Brasil \u00e9 constitu\u00eddo por pessoas de diferentes regi\u00f5es geogr\u00e1ficas, quest\u00f5es econ\u00f4micas e culturais, em busca de melhores condi\u00e7\u00f5es de vida e em fuga das mazelas sociais, por vezes ambientais, que enfrentam em seu local de origem. \u201cO Brasil foi o \u00fanico pa\u00eds que aceitou me acolher legalmente,\u201d disse Myria Tokmaji, refugiada S\u00edria que vive h\u00e1 quatro anos no Brasil e partilhou a dificuldades encontradas ao chegar em um novo pa\u00eds. Entre os desafios, Myria citou o desconhecimento do idioma, o preconceito, o choque cultural e a dificuldade de inser\u00e7\u00e3o no mercado de trabalho mesmo tendo uma forma\u00e7\u00e3o profissional e universit\u00e1ria.<\/p>\n<p>Fazendo refer\u00eancias \u00e0s reformas trabalhista e previdenci\u00e1ria, a procuradora do trabalho, do Minist\u00e9rio P\u00fablico do Trabalho (MPF), Cristiane Maria Sbalqueiro enfatizou a necessidade de continuar lutando por direitos, inclusive dos migrantes e refugiados. \u201cVivemos uma situa\u00e7\u00e3o em que nos foi roubada a cren\u00e7a de que juntos, como sociedade, poderemos evoluir e produzir o suficiente para todos. Ideologia, amplamente difundida por aqueles que det\u00eam o poder, n\u00e3o s\u00e3o os imigrantes que roubam os direitos dos brasileiros,\u201d afirmou.<\/p>\n<p>O Semin\u00e1rio Internacional de Migra\u00e7\u00f5es e Ref\u00fagio \u2013 Caminhos para a Cultura do Encontro segue at\u00e9\u00a0a pr\u00f3xima quinta-feira (14), no Centro Cultural Bras\u00edlia. O evento \u00e9 organizado pela C\u00e1ritas Brasileira, Setor Pastoral da Mobilidade Humana da Confer\u00eancia Nacional dos Bispos do Brasil (SMH-CNBB), o Servi\u00e7o Jesu\u00edta a Migrantes e Refugiados (SJMR), o Servi\u00e7o Pastoral dos Migrantes (SPM), o Instituto de Migra\u00e7\u00f5es e Direitos Humanos (IMDH), o Centro Scalabriniano de Estudos Migrat\u00f3rios (CSEM) e a Miss\u00e3o Paz.<\/p>\n<p><em>Por Ana Paula Andrade e Krisla\u00a0Domingos<\/em><\/p>\n<p><em>Foto: Francielle Oliveira<\/em><\/p>\n<p><em>Rede de Comunicadores\/as da C\u00e1ritas Brasileira<\/em><\/p>\n<ul class=\"ssb_list_wrapper\"><li class=\"fb2\" style=\"width:135px\"><iframe src=\"\/\/www.facebook.com\/plugins\/like.php?href=https%3A%2F%2Fwww.caritasne2.org.br%2Fsite%2Fabertura-de-seminario-e-prestigiada-por-autoridades-e-parceiros%2F&amp;layout=button_count&amp;action=like&amp;show_faces=false&amp;share=true&amp;width=135&amp;height=21&amp;appId=307091639398582\" scrolling=\"no\" frameborder=\"0\" style=\"border:none; overflow:hidden;  width:150px; height:21px;\" allowTransparency=\"true\"><\/iframe><\/li><li class=\"twtr\" style=\"width:90px\"><a href=\"https:\/\/twitter.com\/share\" class=\"twitter-share-button\" data-url=\"https:\/\/www.caritasne2.org.br\/site\/abertura-de-seminario-e-prestigiada-por-autoridades-e-parceiros\/\">&nbsp;<\/a><script>!function(d,s,id){var js,fjs=d.getElementsByTagName(s)[0],p=\/^http:\/.test(d.location)?'http':'https';if(!d.getElementById(id)){js=d.createElement(s);js.id=id;js.src=p+':\/\/platform.twitter.com\/widgets.js';fjs.parentNode.insertBefore(js,fjs);}}(document, 'script', 'twitter-wjs');<\/script><\/li><li class=\"gplus\" style=\"width:68px\"><div class=\"g-plusone\" data-size=\"medium\" data-href=\"https:\/\/www.caritasne2.org.br\/site\/abertura-de-seminario-e-prestigiada-por-autoridades-e-parceiros\/\"><\/div><\/li><li class=\"ssb_linkedin\" style=\"width:64px\"><script src=\"\/\/platform.linkedin.com\/in.js\" type=\"text\/javascript\">lang: en_US<\/script><script type=\"IN\/Share\" data-url=\"https:\/\/www.caritasne2.org.br\/site\/abertura-de-seminario-e-prestigiada-por-autoridades-e-parceiros\/\" data-counter=\"right\"><\/script><\/li><\/ul>","protected":false},"excerpt":{"rendered":"<p>Esp\u00edrito de acolhida, alegria, musicalidade, partilha e diversidade. Foi assim que teve in\u00edcio, nesta ter\u00e7a-feira (12), o Semin\u00e1rio Internacional de Migra\u00e7\u00f5es e Ref\u00fagio &#8211; Caminhos para a Cultura do Encontro, no Centro Cultural Bras\u00edlia (CCB), em Bras\u00edlia (DF).\u00a0A solenidade de abertura foi animada pelo Grupo Cultural Abaecatu, do Paran\u00e1, que trouxe m\u00fasicas e poesia para a acolhida das delega\u00e7\u00f5es, exaltando as caracter\u00edsticas culturais das regi\u00f5es [&hellip;]<\/p>\n<ul class=\"ssb_list_wrapper\"><li class=\"fb2\" style=\"width:135px\"><iframe src=\"\/\/www.facebook.com\/plugins\/like.php?href=https%3A%2F%2Fwww.caritasne2.org.br%2Fsite%2Fabertura-de-seminario-e-prestigiada-por-autoridades-e-parceiros%2F&amp;layout=button_count&amp;action=like&amp;show_faces=false&amp;share=true&amp;width=135&amp;height=21&amp;appId=307091639398582\" scrolling=\"no\" frameborder=\"0\" style=\"border:none; overflow:hidden;  width:150px; height:21px;\" allowTransparency=\"true\"><\/iframe><\/li><li class=\"twtr\" style=\"width:90px\"><a href=\"https:\/\/twitter.com\/share\" class=\"twitter-share-button\" data-url=\"https:\/\/www.caritasne2.org.br\/site\/abertura-de-seminario-e-prestigiada-por-autoridades-e-parceiros\/\">&nbsp;<\/a><script>!function(d,s,id){var js,fjs=d.getElementsByTagName(s)[0],p=\/^http:\/.test(d.location)?'http':'https';if(!d.getElementById(id)){js=d.createElement(s);js.id=id;js.src=p+':\/\/platform.twitter.com\/widgets.js';fjs.parentNode.insertBefore(js,fjs);}}(document, 'script', 'twitter-wjs');<\/script><\/li><li class=\"gplus\" style=\"width:68px\"><div class=\"g-plusone\" data-size=\"medium\" data-href=\"https:\/\/www.caritasne2.org.br\/site\/abertura-de-seminario-e-prestigiada-por-autoridades-e-parceiros\/\"><\/div><\/li><li class=\"ssb_linkedin\" style=\"width:64px\"><script src=\"\/\/platform.linkedin.com\/in.js\" type=\"text\/javascript\">lang: en_US<\/script><script type=\"IN\/Share\" data-url=\"https:\/\/www.caritasne2.org.br\/site\/abertura-de-seminario-e-prestigiada-por-autoridades-e-parceiros\/\" data-counter=\"right\"><\/script><\/li><\/ul>","protected":false},"author":4,"featured_media":5541,"comment_status":"open","ping_status":"open","sticky":false,"template":"","format":"standard","meta":[],"categories":[21,1187],"tags":[46,1206,1205,1188,1189,401,1207],"_links":{"self":[{"href":"https:\/\/www.caritasne2.org.br\/site\/wp-json\/wp\/v2\/posts\/5540"}],"collection":[{"href":"https:\/\/www.caritasne2.org.br\/site\/wp-json\/wp\/v2\/posts"}],"about":[{"href":"https:\/\/www.caritasne2.org.br\/site\/wp-json\/wp\/v2\/types\/post"}],"author":[{"embeddable":true,"href":"https:\/\/www.caritasne2.org.br\/site\/wp-json\/wp\/v2\/users\/4"}],"replies":[{"embeddable":true,"href":"https:\/\/www.caritasne2.org.br\/site\/wp-json\/wp\/v2\/comments?post=5540"}],"version-history":[{"count":0,"href":"https:\/\/www.caritasne2.org.br\/site\/wp-json\/wp\/v2\/posts\/5540\/revisions"}],"wp:featuredmedia":[{"embeddable":true,"href":"https:\/\/www.caritasne2.org.br\/site\/wp-json\/wp\/v2\/media\/5541"}],"wp:attachment":[{"href":"https:\/\/www.caritasne2.org.br\/site\/wp-json\/wp\/v2\/media?parent=5540"}],"wp:term":[{"taxonomy":"category","embeddable":true,"href":"https:\/\/www.caritasne2.org.br\/site\/wp-json\/wp\/v2\/categories?post=5540"},{"taxonomy":"post_tag","embeddable":true,"href":"https:\/\/www.caritasne2.org.br\/site\/wp-json\/wp\/v2\/tags?post=5540"}],"curies":[{"name":"wp","href":"https:\/\/api.w.org\/{rel}","templated":true}]}}