{"id":5536,"date":"2018-06-12T13:04:49","date_gmt":"2018-06-12T16:04:49","guid":{"rendered":"http:\/\/www.caritasne2.org.br\/?p=5536"},"modified":"2018-06-15T14:47:59","modified_gmt":"2018-06-15T17:47:59","slug":"secretarios-regionais-e-agentes-caritas-recepcionam-cardeal-tagle-em-brasilia","status":"publish","type":"post","link":"https:\/\/www.caritasne2.org.br\/site\/secretarios-regionais-e-agentes-caritas-recepcionam-cardeal-tagle-em-brasilia\/","title":{"rendered":"Secret\u00e1rios regionais e agentes C\u00e1ritas recepcionam Cardeal Tagle em Bras\u00edlia"},"content":{"rendered":"<p>Na manh\u00e3 desta ter\u00e7a-feira (12), a movimenta\u00e7\u00e3o de chegada dos participantes do Semin\u00e1rio Internacional de Migra\u00e7\u00f5es e Ref\u00fagio &#8211; Caminhos para a Cultura do Encontro foi acompanhada de uma programa\u00e7\u00e3o extraordin\u00e1ria. Os\u00a0secret\u00e1rios regionais e agentes C\u00e1ritas de v\u00e1rias partes do pa\u00eds e do mundo tiveram a oportunidade de participar da Celebra\u00e7\u00e3o Eucar\u00edstica, presidida pelo presidente da C\u00e1ritas Brasileira e arcebispo de Aracaju, Dom Jo\u00e3o Costa, e co-presidida pelo presidente da C\u00e1ritas Internacional, Cardeal Dom Ant\u00f4nio Tagle, e padres e di\u00e1cono presentes, na capela do Centro Cultural Bras\u00edlia (CCB), na capital federal.<\/p>\n<p>Na homilia, Dom Jo\u00e3o refletiu sobre os diversos povos que chegam ao Brasil em busca de acolhida e ref\u00fagio e destacou o Ano do Laicato, proposto pela Igreja do Brasil, que desperta sobre o papel do leigo\/a na Igreja e sociedade. \u201cO crist\u00e3o leigo \u00e9 t\u00e3o importante quanto o cardeal, o bispo, o padre, cada um com uma fun\u00e7\u00e3o. Mas todos muito importantes, v\u00f3s sois sal e luz a do mundo\u201d, disse o bispo que, tamb\u00e9m,\u00a0em seguida, ressaltou que acolher bem tamb\u00e9m \u00e9 uma forma de evangeliza\u00e7\u00e3o e ir ao encontro dos migrantes e refugiado \u00e9 uma forma de expressar o amor de Cristo.<\/p>\n<p>Ainda, durante a manh\u00e3, o cardeal Tagle teve um momento de di\u00e1logo com os presentes, falando sobre sua trajet\u00f3ria \u00e0 frente da C\u00e1ritas e em rela\u00e7\u00e3o \u00e0 import\u00e2ncia do semin\u00e1rio.\u00a0\u201cN\u00e3o seremos crist\u00e3os se n\u00e3o abrirmos os bra\u00e7os para acolher as pessoas que precisam desse abra\u00e7o, que batem \u00e0 porta dos pa\u00edses procurando acolhida. A C\u00e1ritas n\u00e3o \u00e9 uma atividade extracurricular. \u00c9 a parte essencial da identidade e cora\u00e7\u00e3o da Igreja\u201d.<\/p>\n<p>O Semin\u00e1rio Internacional de Migra\u00e7\u00f5es e Ref\u00fagio &#8211; Caminhos para a Cultura do Encontro inicia na tarde desta ter\u00e7a-feira e segue at\u00e9\u00a0a pr\u00f3xima quinta-feira (14), no Centro Cultural Bras\u00edlia. O evento \u00e9 organizado pela C\u00e1ritas Brasileira, Setor Pastoral da Mobilidade Humana da Confer\u00eancia Nacional dos Bispos do Brasil (SMH-CNBB), o Servi\u00e7o Jesu\u00edta a Migrantes e Refugiados (SJMR), o Servi\u00e7o Pastoral dos Migrantes (SPM), o Instituto de Migra\u00e7\u00f5es e Direitos Humanos (IMDH), o Centro Scalabriniano de Estudos Migrat\u00f3rios (CSEM) e a Miss\u00e3o Paz.<\/p>\n<p><em>Por\u00a0Ana Paula Andrade e Krisla Domingos\u00a0<\/em><\/p>\n<p><em>Fotos:\u00a0Morgana Dam\u00e1sio<\/em><\/p>\n<p><em>Rede de Comunicadores\/as da C\u00e1ritas Brasileira<\/em><\/p>\n<ul class=\"ssb_list_wrapper\"><li class=\"fb2\" style=\"width:135px\"><iframe src=\"\/\/www.facebook.com\/plugins\/like.php?href=https%3A%2F%2Fwww.caritasne2.org.br%2Fsite%2Fsecretarios-regionais-e-agentes-caritas-recepcionam-cardeal-tagle-em-brasilia%2F&amp;layout=button_count&amp;action=like&amp;show_faces=false&amp;share=true&amp;width=135&amp;height=21&amp;appId=307091639398582\" scrolling=\"no\" frameborder=\"0\" style=\"border:none; overflow:hidden;  width:150px; height:21px;\" allowTransparency=\"true\"><\/iframe><\/li><li class=\"twtr\" style=\"width:90px\"><a href=\"https:\/\/twitter.com\/share\" class=\"twitter-share-button\" data-url=\"https:\/\/www.caritasne2.org.br\/site\/secretarios-regionais-e-agentes-caritas-recepcionam-cardeal-tagle-em-brasilia\/\">&nbsp;<\/a><script>!function(d,s,id){var js,fjs=d.getElementsByTagName(s)[0],p=\/^http:\/.test(d.location)?'http':'https';if(!d.getElementById(id)){js=d.createElement(s);js.id=id;js.src=p+':\/\/platform.twitter.com\/widgets.js';fjs.parentNode.insertBefore(js,fjs);}}(document, 'script', 'twitter-wjs');<\/script><\/li><li class=\"gplus\" style=\"width:68px\"><div class=\"g-plusone\" data-size=\"medium\" data-href=\"https:\/\/www.caritasne2.org.br\/site\/secretarios-regionais-e-agentes-caritas-recepcionam-cardeal-tagle-em-brasilia\/\"><\/div><\/li><li class=\"ssb_linkedin\" style=\"width:64px\"><script src=\"\/\/platform.linkedin.com\/in.js\" type=\"text\/javascript\">lang: en_US<\/script><script type=\"IN\/Share\" data-url=\"https:\/\/www.caritasne2.org.br\/site\/secretarios-regionais-e-agentes-caritas-recepcionam-cardeal-tagle-em-brasilia\/\" data-counter=\"right\"><\/script><\/li><\/ul>","protected":false},"excerpt":{"rendered":"<p>Na manh\u00e3 desta ter\u00e7a-feira (12), a movimenta\u00e7\u00e3o de chegada dos participantes do Semin\u00e1rio Internacional de Migra\u00e7\u00f5es e Ref\u00fagio &#8211; Caminhos para a Cultura do Encontro foi acompanhada de uma programa\u00e7\u00e3o extraordin\u00e1ria. Os\u00a0secret\u00e1rios regionais e agentes C\u00e1ritas de v\u00e1rias partes do pa\u00eds e do mundo tiveram a oportunidade de participar da Celebra\u00e7\u00e3o Eucar\u00edstica, presidida pelo presidente da C\u00e1ritas Brasileira e arcebispo de Aracaju, Dom Jo\u00e3o Costa, [&hellip;]<\/p>\n<ul class=\"ssb_list_wrapper\"><li class=\"fb2\" style=\"width:135px\"><iframe src=\"\/\/www.facebook.com\/plugins\/like.php?href=https%3A%2F%2Fwww.caritasne2.org.br%2Fsite%2Fsecretarios-regionais-e-agentes-caritas-recepcionam-cardeal-tagle-em-brasilia%2F&amp;layout=button_count&amp;action=like&amp;show_faces=false&amp;share=true&amp;width=135&amp;height=21&amp;appId=307091639398582\" scrolling=\"no\" frameborder=\"0\" style=\"border:none; overflow:hidden;  width:150px; height:21px;\" allowTransparency=\"true\"><\/iframe><\/li><li class=\"twtr\" style=\"width:90px\"><a href=\"https:\/\/twitter.com\/share\" class=\"twitter-share-button\" data-url=\"https:\/\/www.caritasne2.org.br\/site\/secretarios-regionais-e-agentes-caritas-recepcionam-cardeal-tagle-em-brasilia\/\">&nbsp;<\/a><script>!function(d,s,id){var js,fjs=d.getElementsByTagName(s)[0],p=\/^http:\/.test(d.location)?'http':'https';if(!d.getElementById(id)){js=d.createElement(s);js.id=id;js.src=p+':\/\/platform.twitter.com\/widgets.js';fjs.parentNode.insertBefore(js,fjs);}}(document, 'script', 'twitter-wjs');<\/script><\/li><li class=\"gplus\" style=\"width:68px\"><div class=\"g-plusone\" data-size=\"medium\" data-href=\"https:\/\/www.caritasne2.org.br\/site\/secretarios-regionais-e-agentes-caritas-recepcionam-cardeal-tagle-em-brasilia\/\"><\/div><\/li><li class=\"ssb_linkedin\" style=\"width:64px\"><script src=\"\/\/platform.linkedin.com\/in.js\" type=\"text\/javascript\">lang: en_US<\/script><script type=\"IN\/Share\" data-url=\"https:\/\/www.caritasne2.org.br\/site\/secretarios-regionais-e-agentes-caritas-recepcionam-cardeal-tagle-em-brasilia\/\" data-counter=\"right\"><\/script><\/li><\/ul>","protected":false},"author":4,"featured_media":5539,"comment_status":"open","ping_status":"open","sticky":false,"template":"","format":"standard","meta":[],"categories":[21,1187],"tags":[1204,46,1206,1205,1188,1189,401,1207],"_links":{"self":[{"href":"https:\/\/www.caritasne2.org.br\/site\/wp-json\/wp\/v2\/posts\/5536"}],"collection":[{"href":"https:\/\/www.caritasne2.org.br\/site\/wp-json\/wp\/v2\/posts"}],"about":[{"href":"https:\/\/www.caritasne2.org.br\/site\/wp-json\/wp\/v2\/types\/post"}],"author":[{"embeddable":true,"href":"https:\/\/www.caritasne2.org.br\/site\/wp-json\/wp\/v2\/users\/4"}],"replies":[{"embeddable":true,"href":"https:\/\/www.caritasne2.org.br\/site\/wp-json\/wp\/v2\/comments?post=5536"}],"version-history":[{"count":0,"href":"https:\/\/www.caritasne2.org.br\/site\/wp-json\/wp\/v2\/posts\/5536\/revisions"}],"wp:featuredmedia":[{"embeddable":true,"href":"https:\/\/www.caritasne2.org.br\/site\/wp-json\/wp\/v2\/media\/5539"}],"wp:attachment":[{"href":"https:\/\/www.caritasne2.org.br\/site\/wp-json\/wp\/v2\/media?parent=5536"}],"wp:term":[{"taxonomy":"category","embeddable":true,"href":"https:\/\/www.caritasne2.org.br\/site\/wp-json\/wp\/v2\/categories?post=5536"},{"taxonomy":"post_tag","embeddable":true,"href":"https:\/\/www.caritasne2.org.br\/site\/wp-json\/wp\/v2\/tags?post=5536"}],"curies":[{"name":"wp","href":"https:\/\/api.w.org\/{rel}","templated":true}]}}