{"id":5497,"date":"2018-04-17T15:14:29","date_gmt":"2018-04-17T18:14:29","guid":{"rendered":"http:\/\/www.caritasne2.org.br\/?p=5497"},"modified":"2018-04-17T15:36:59","modified_gmt":"2018-04-17T18:36:59","slug":"morre-paul-singer-icone-da-economia-solidaria-no-brasil","status":"publish","type":"post","link":"https:\/\/www.caritasne2.org.br\/site\/morre-paul-singer-icone-da-economia-solidaria-no-brasil\/","title":{"rendered":"Morre Paul Singer, \u00edcone da Economia Solid\u00e1ria no Brasil"},"content":{"rendered":"<p>A Economia Solid\u00e1ria perdeu, na noite da \u00faltima segunda-feira (16), em S\u00e3o Paulo, um dos principais referenciais do pa\u00eds na tem\u00e1tica. Aos 86 anos, o economista Paul Israel Singer faleceu em decorr\u00eancia de uma infec\u00e7\u00e3o generalizada. O enterro ser\u00e1 realizado na tarde desta ter\u00e7a-feira (17), no Cemit\u00e9rio Israelita do Butant\u00e3, localizado na capital paulista.\u00a0Vi\u00favo, ele deixa tr\u00eas filhos.<\/p>\n<p>Singer \u00e9 considerado como um dos mais importantes colaboradores na constru\u00e7\u00e3o do conceito de Economia Solid\u00e1ria, que contempla uma organiza\u00e7\u00e3o produtiva, comercial, financeira e de consumo, baseada no associativismo, na autogest\u00e3o e na valoriza\u00e7\u00e3o da pessoa humana, sem distin\u00e7\u00e3o de patr\u00f5es e empregados.<\/p>\n<p>A assessora regional das a\u00e7\u00f5es de Economia Popular Solid\u00e1ria (EPS) da C\u00e1ritas Nordeste 2, Maria Aparecida Mafra, que teve a oportunidade de encontr\u00e1-lo, em 2012, em um dos eventos sobre o tema, na cidade de Santa Maria (RS), lamentou o falecimento. \u201cPerdemos um \u00edcone que nos ensinou muito sobre uma economia democr\u00e1tica, que defende a justa distribui\u00e7\u00e3o de renda e se contrap\u00f5e ao modelo capitalista. Singer era, acima de tudo, um defensor da EPS e, sem d\u00favida, a morte dele \u00e9 uma grande perda para toda a sociedade brasileira\u201d.<\/p>\n<p>De origem austr\u00edaca, Paul veio com a fam\u00edlia para o Brasil ainda crian\u00e7a, em 1940, para fugir do Nazismo. No ano de\u00a01953, ele liderou a hist\u00f3rica greve dos metal\u00fargicos, integrada por\u00a0300 mil trabalhadores, e, no ano seguinte, naturalizou-se brasileiro. Formou-se,\u00a0em 1959, no curso de Economia pela Universidade de S\u00e3o Paulo (USP) e, em 1964, obteve o grau de doutor em Sociologia\u00a0pela mesma institui\u00e7\u00e3o.\u00a0Desde ent\u00e3o, al\u00e9m de contribuir com as discuss\u00f5es no campo acad\u00eamico, por meio da publica\u00e7\u00e3o de livros, Singer tamb\u00e9m atuou ativamente como militante pol\u00edtico, sendo um dos fundadores do Partido dos Trabalhadores, em 1980, e uma refer\u00eancia em assuntos no \u00e2mbito da esquerda.<\/p>\n<p>Em 2003, ele assumiu a Secretaria Nacional de Economia Solid\u00e1ria (SENAES), ligada ao Minist\u00e9rio do Trabalho e Emprego, e permaneceu na fun\u00e7\u00e3o at\u00e9 2016, quando entregou o cargo devido ao <em>impeachment<\/em> da presidenta Dilma Rousseff. Durante o per\u00edodo que esteve na fun\u00e7\u00e3o, Singer defendeu a cria\u00e7\u00e3o de bancos comunit\u00e1rios como um instrumento para erradicar a mis\u00e9ria no pa\u00eds.<\/p>\n<p><em>Por Lidiane Santos | Assessoria de Comunica\u00e7\u00e3o do Regional NE2<br \/>\nFoto: Reprodu\u00e7\u00e3o | Fernando Fraz\u00e3o, da Ag\u00eancia Brasil\u00a0<\/em><\/p>\n<ul class=\"ssb_list_wrapper\"><li class=\"fb2\" style=\"width:135px\"><iframe src=\"\/\/www.facebook.com\/plugins\/like.php?href=https%3A%2F%2Fwww.caritasne2.org.br%2Fsite%2Fmorre-paul-singer-icone-da-economia-solidaria-no-brasil%2F&amp;layout=button_count&amp;action=like&amp;show_faces=false&amp;share=true&amp;width=135&amp;height=21&amp;appId=307091639398582\" scrolling=\"no\" frameborder=\"0\" style=\"border:none; overflow:hidden;  width:150px; height:21px;\" allowTransparency=\"true\"><\/iframe><\/li><li class=\"twtr\" style=\"width:90px\"><a href=\"https:\/\/twitter.com\/share\" class=\"twitter-share-button\" data-url=\"https:\/\/www.caritasne2.org.br\/site\/morre-paul-singer-icone-da-economia-solidaria-no-brasil\/\">&nbsp;<\/a><script>!function(d,s,id){var js,fjs=d.getElementsByTagName(s)[0],p=\/^http:\/.test(d.location)?'http':'https';if(!d.getElementById(id)){js=d.createElement(s);js.id=id;js.src=p+':\/\/platform.twitter.com\/widgets.js';fjs.parentNode.insertBefore(js,fjs);}}(document, 'script', 'twitter-wjs');<\/script><\/li><li class=\"gplus\" style=\"width:68px\"><div class=\"g-plusone\" data-size=\"medium\" data-href=\"https:\/\/www.caritasne2.org.br\/site\/morre-paul-singer-icone-da-economia-solidaria-no-brasil\/\"><\/div><\/li><li class=\"ssb_linkedin\" style=\"width:64px\"><script src=\"\/\/platform.linkedin.com\/in.js\" type=\"text\/javascript\">lang: en_US<\/script><script type=\"IN\/Share\" data-url=\"https:\/\/www.caritasne2.org.br\/site\/morre-paul-singer-icone-da-economia-solidaria-no-brasil\/\" data-counter=\"right\"><\/script><\/li><\/ul>","protected":false},"excerpt":{"rendered":"<p>A Economia Solid\u00e1ria perdeu, na noite da \u00faltima segunda-feira (16), em S\u00e3o Paulo, um dos principais referenciais do pa\u00eds na tem\u00e1tica. Aos 86 anos, o economista Paul Israel Singer faleceu em decorr\u00eancia de uma infec\u00e7\u00e3o generalizada. O enterro ser\u00e1 realizado na tarde desta ter\u00e7a-feira (17), no Cemit\u00e9rio Israelita do Butant\u00e3, localizado na capital paulista.\u00a0Vi\u00favo, ele deixa tr\u00eas filhos. Singer \u00e9 considerado como um dos mais [&hellip;]<\/p>\n<ul class=\"ssb_list_wrapper\"><li class=\"fb2\" style=\"width:135px\"><iframe src=\"\/\/www.facebook.com\/plugins\/like.php?href=https%3A%2F%2Fwww.caritasne2.org.br%2Fsite%2Fmorre-paul-singer-icone-da-economia-solidaria-no-brasil%2F&amp;layout=button_count&amp;action=like&amp;show_faces=false&amp;share=true&amp;width=135&amp;height=21&amp;appId=307091639398582\" scrolling=\"no\" frameborder=\"0\" style=\"border:none; overflow:hidden;  width:150px; height:21px;\" allowTransparency=\"true\"><\/iframe><\/li><li class=\"twtr\" style=\"width:90px\"><a href=\"https:\/\/twitter.com\/share\" class=\"twitter-share-button\" data-url=\"https:\/\/www.caritasne2.org.br\/site\/morre-paul-singer-icone-da-economia-solidaria-no-brasil\/\">&nbsp;<\/a><script>!function(d,s,id){var js,fjs=d.getElementsByTagName(s)[0],p=\/^http:\/.test(d.location)?'http':'https';if(!d.getElementById(id)){js=d.createElement(s);js.id=id;js.src=p+':\/\/platform.twitter.com\/widgets.js';fjs.parentNode.insertBefore(js,fjs);}}(document, 'script', 'twitter-wjs');<\/script><\/li><li class=\"gplus\" style=\"width:68px\"><div class=\"g-plusone\" data-size=\"medium\" data-href=\"https:\/\/www.caritasne2.org.br\/site\/morre-paul-singer-icone-da-economia-solidaria-no-brasil\/\"><\/div><\/li><li class=\"ssb_linkedin\" style=\"width:64px\"><script src=\"\/\/platform.linkedin.com\/in.js\" type=\"text\/javascript\">lang: en_US<\/script><script type=\"IN\/Share\" data-url=\"https:\/\/www.caritasne2.org.br\/site\/morre-paul-singer-icone-da-economia-solidaria-no-brasil\/\" data-counter=\"right\"><\/script><\/li><\/ul>","protected":false},"author":4,"featured_media":5498,"comment_status":"open","ping_status":"open","sticky":false,"template":"","format":"standard","meta":[],"categories":[21,200],"tags":[837,84,997,585,220,1184],"_links":{"self":[{"href":"https:\/\/www.caritasne2.org.br\/site\/wp-json\/wp\/v2\/posts\/5497"}],"collection":[{"href":"https:\/\/www.caritasne2.org.br\/site\/wp-json\/wp\/v2\/posts"}],"about":[{"href":"https:\/\/www.caritasne2.org.br\/site\/wp-json\/wp\/v2\/types\/post"}],"author":[{"embeddable":true,"href":"https:\/\/www.caritasne2.org.br\/site\/wp-json\/wp\/v2\/users\/4"}],"replies":[{"embeddable":true,"href":"https:\/\/www.caritasne2.org.br\/site\/wp-json\/wp\/v2\/comments?post=5497"}],"version-history":[{"count":0,"href":"https:\/\/www.caritasne2.org.br\/site\/wp-json\/wp\/v2\/posts\/5497\/revisions"}],"wp:featuredmedia":[{"embeddable":true,"href":"https:\/\/www.caritasne2.org.br\/site\/wp-json\/wp\/v2\/media\/5498"}],"wp:attachment":[{"href":"https:\/\/www.caritasne2.org.br\/site\/wp-json\/wp\/v2\/media?parent=5497"}],"wp:term":[{"taxonomy":"category","embeddable":true,"href":"https:\/\/www.caritasne2.org.br\/site\/wp-json\/wp\/v2\/categories?post=5497"},{"taxonomy":"post_tag","embeddable":true,"href":"https:\/\/www.caritasne2.org.br\/site\/wp-json\/wp\/v2\/tags?post=5497"}],"curies":[{"name":"wp","href":"https:\/\/api.w.org\/{rel}","templated":true}]}}