{"id":5426,"date":"2018-03-12T10:21:25","date_gmt":"2018-03-12T13:21:25","guid":{"rendered":"http:\/\/www.caritasne2.org.br\/?p=5426"},"modified":"2018-03-20T11:36:59","modified_gmt":"2018-03-20T14:36:59","slug":"caritas-brasileira-no-forum-social-mundial","status":"publish","type":"post","link":"https:\/\/www.caritasne2.org.br\/site\/caritas-brasileira-no-forum-social-mundial\/","title":{"rendered":"C\u00e1ritas Brasileira no F\u00f3rum Social Mundial"},"content":{"rendered":"<p>Entre os dias 13 e 17 de mar\u00e7o Salvador recebe o F\u00f3rum Social Mundial (FSM). Nos cinco dias de evento os participantes, vindos de 120 pa\u00edses, podem escolher entre as mais de 1.300 atividades programadas. A maior parte vai acontecer no Campus de Ondina da Universidade Federal da Bahia (UFBA), mas tamb\u00e9m est\u00e3o distribu\u00eddas em espa\u00e7os como Est\u00e1dio de Pitua\u00e7u, Parque de Exposi\u00e7\u00f5es, Parque S\u00e3o Bartolomeu, Concha Ac\u00fastica, Biblioteca Central, Sala Walter Silveira, Palacete das Artes, Pelourinho, Centros Culturais de Alagados e Plataforma e Casa da M\u00fasica.<\/p>\n<p>Com o tema \u2018Resistir \u00e9 Criar, Resistir \u00e9 Transformar\u2019, o evento aborda 19 eixos tem\u00e1ticos entre os quais est\u00e3o Ancestralidade, Terra e Territorialidade; Comunica\u00e7\u00e3o, Tecnologias e M\u00eddias livres; Culturas de Resist\u00eancias; Democracias; Democratiza\u00e7\u00e3o da Economia; Desenvolvimento, Justi\u00e7a Social e Ambiental; Direito \u00e0 Cidade; Direitos Humanos; Educa\u00e7\u00e3o e Ci\u00eancia, para Emancipa\u00e7\u00e3o e Soberania dos Povos; Feminismos e Luta das Mulheres; Migra\u00e7\u00f5es; Mundo do Trabalho; Um Mundo sem Racismo, Intoler\u00e2ncia e Xenofobia e Povos Ind\u00edgenas, entre outros.<\/p>\n<p>Em meio a tantos retrocessos, perda de direitos, garantias democr\u00e1ticas e liberdades pelo mundo, a proposta deste FSM \u00e9 pensar sa\u00eddas comuns para a humanidade num encontro que se d\u00e1 na \u00f3tica solid\u00e1ria, democr\u00e1tica e de respeito \u00e0s diversidades, para enfrentar as causas das v\u00e1rias formas de viol\u00eancia e desigualdades sociais.<\/p>\n<p>A C\u00e1ritas Brasileira participa ativamente do F\u00f3rum Social Mundial propondo atividades ou sendo co-proponente. Veja a Programa\u00e7\u00e3o da C\u00e1ritas no FSM:<\/p>\n<p><strong>Viv\u00eancia Comunidade Rio dos Macacos: Povos, \u00c1gua e Territ\u00f3rios: Lutas e Resist\u00eancias<\/strong><\/p>\n<p><strong>Objetivo<\/strong>: Refletir as quest\u00f5es agr\u00e1rias, do direito a \u00e1gua e aos territ\u00f3rios no Brasil, a partir do caso emblem\u00e1tico da Comunidade de Rio dos Macacos e do testemunho das comunidades quilombolas, ind\u00edgenas, pescadores\/as, ribeirinhos e urbanos que encontram-se em processo de resist\u00eancia as impactos provocados pelo atual modelo de desenvolvimento que mata e viola direitos.<\/p>\n<p><strong>Dia<\/strong>: 13 de Mar\u00e7o de 2018<br \/>\n<strong>Hor\u00e1rio<\/strong>: 10h \u00e1s 15h<br \/>\n<strong>Local da Atividade<\/strong>: Comunidade de Rio dos Macacos\/ Sim\u00f5es Filho-BA<\/p>\n<p>Entidades Proponentes: Comunidade de Rio dos Macacos, Articula\u00e7\u00e3o Nacional das Pastorais do Campo, C\u00e1ritas Brasileira, Comiss\u00e3o Pastoral dos Pescadores(CPP), Comiss\u00e3o Pastoral da Terra (CPT), Conselho Indigenista Mission\u00e1rio (CIMI)<\/p>\n<p><strong>Semin\u00e1rio Internacional: O rosto da mulher na migra\u00e7\u00e3o atual<\/strong><\/p>\n<p><strong>Objetivo<\/strong>: Refletir sobre a realidade de vulnerabilidade a que est\u00e3o sujeitas as mulheres em situa\u00e7\u00e3o de migra\u00e7\u00e3o e discutir formas de assist\u00eancia e solidariedade. O momento vai contar com a presen\u00e7a e o depoimento de tr\u00eas mulheres imigrantes vindas da S\u00edria, do Congo e da Venezuela.<\/p>\n<p><strong>Dia<\/strong>: 14 de Mar\u00e7o<br \/>\n<strong>Hor\u00e1rio<\/strong>: 9h \u00e0s 12h<br \/>\n<strong>Local<\/strong>: Audit\u00f3rio do Convento de S\u00e3o Francisco &#8211;\u00a0Largo do Cruzeiro de S\u00e3o Francsico, s\/n &#8211;\u00a0Centro Hist\u00f3rico \u2013 Salvador \u2013 BA<\/p>\n<p><strong>Painel: Conflitos Socioambientais, e a perspectiva da constru\u00e7\u00e3o do Bem Viver<\/strong><\/p>\n<p><strong>Objetivo<\/strong>: Explicitar a cr\u00edtica ao modelo de desenvolvimento capitalista que viola a vida e destr\u00f3i o meio ambiente, apontando estrat\u00e9gias de enfrentamento e de constru\u00e7\u00e3o de alternativas do Bem Viver.<\/p>\n<p>Entre os convidados para o painel est\u00e3o os seguintes representantes:<\/p>\n<p>Ruben Siqueira (Comiss\u00e3o Pastoral da Terra \u2013 CPT);<br \/>\nCarolina dos Anjos (Professora da Universidade Federal do Paran\u00e1);<br \/>\nRosivaldo Ferreira da Silva (Cacique Babau \u2013 Tupinamb\u00e1);<br \/>\nCl\u00f3vis Amorim (Pescadora \u2013 Movimento Nacional dos Pescadores\/as);<br \/>\nF\u00e1tima Barros (Quilombola \u2013Tocantins);<br \/>\nAgricultura Familiar (Movimento de Pequenos Agricultores \u2013 MPA);<br \/>\nMagno Luz (Movimento por Soberania Popular na Minera\u00e7\u00e3o);<br \/>\nMovimento do Povo em Situa\u00e7\u00e3o de Rua (Aurora da Rua \/ Projeto Levanta-te Anda);<br \/>\nRosenilda Greg\u00f3rio dos Santos (Movimento Interestadual de Quebradeiras de Coco Baba\u00e7u \u2013Territ\u00f3rio do Povo Gamela).<\/p>\n<p><strong>Dia<\/strong>: 14 de Mar\u00e7o de 2018<br \/>\n<strong>Hor\u00e1rio<\/strong>: 14h \u00e1s 16h<br \/>\n<strong>Local<\/strong>: Universidade Federal da Bahia (UFBA) \u2013 Pavilh\u00e3o de Aula da Federa\u00e7\u00e3o (PAF 1) \u2013 Ondina<\/p>\n<p><strong>Painel Ecum\u00eanico: As Igrejas na resist\u00eancia aos cen\u00e1rios de golpe na Am\u00e9rica Latina<\/strong><\/p>\n<p><strong>Objetivo<\/strong>: Refletir qual o papel das igrejas, organiza\u00e7\u00f5es, pastorais sociais diante do cen\u00e1rio de golpes na Am\u00e9rica Latina. O momento contar\u00e1 com a presen\u00e7a de Frei Marcelo Barros (Escritor e te\u00f3logo, Monge Beneditino), Pastora Cibele Kuss (Coordena\u00e7\u00e3o do F\u00f3rum Ecum\u00eanico Brasil; Secret\u00e1ria Executiva da FLOD e pastora Luterana), Pastora Odja Barros (Te\u00f3loga Batista, Biblista feminista),Te\u00f3logo Junior Aquino (Fil\u00f3sofo e te\u00f3logo cat\u00f3lico, assessor das pastorais sociais), Pastor Henrique Vieira (Pastor, Cientista Social \u2013 Frente Evang\u00e9lica pelo Estado de Direito), Te\u00f3logo Diego Irarrasaval (Te\u00f3logo cat\u00f3lico Chileno, F\u00f3rum Mundial de Teologia e Liberta\u00e7\u00e3o).<\/p>\n<p><strong>Dia<\/strong>: 15 de Mar\u00e7o de 2018<br \/>\n<strong>Hor\u00e1rio<\/strong>: 9h \u00e1s 12h<br \/>\n<strong>Local<\/strong>: Teatro ISBA &#8211;\u00a0Av. Oce\u00e2nica, 2717 \u2013 Ondina<\/p>\n<p><strong>Roda de Di\u00e1logo: A constru\u00e7\u00e3o e implementa\u00e7\u00e3o do Marco Regulat\u00f3rio no Brasil para transfer\u00eancia de recursos p\u00fablicos e privados para as Organiza\u00e7\u00f5es da Sociedade Civil \u2013 OSCs<\/strong><\/p>\n<p><strong>Objetivo<\/strong>: Estimular a constru\u00e7\u00e3o e a implementa\u00e7\u00e3o de marcos regulat\u00f3rios no Brasil e Equador para a transfer\u00eancia de recursos p\u00fablicos e privados para as organiza\u00e7\u00f5es da sociedade civil.<\/p>\n<p><strong>Dia<\/strong>: 15 de Mar\u00e7o<br \/>\n<strong>Hor\u00e1rio<\/strong>: 9h30 \u00e0s 12h<br \/>\n<strong>Local<\/strong>: Universidade Federal da Bahia (UFBA) \u2013 Pavilh\u00e3o de Aula da Federa\u00e7\u00e3o (PAF) \u2013 Faculdade de Farm\u00e1cio \u2013 Sala 1 \u2013 Ondina<\/p>\n<p><strong>Confer\u00eancia: Economia Solid\u00e1ria como estrat\u00e9gia de desenvolvimento<\/strong><\/p>\n<p><strong>Objetivo<\/strong>: Discutir a \u201cEconomia Solid\u00e1ria como Estrat\u00e9gia de Desenvolvimento\u201d trazendo debatedores de diversas institui\u00e7\u00f5es que trabalham com o tema, da Am\u00e9rica Latina e da Europa, bem como visa apresentar e debater a Plataforma Pol\u00edtica da UNICOPAS \u2013 \u201cPor um Brasil Cooperativo e Solid\u00e1rio\u201d.<\/p>\n<p>Com a presen\u00e7a de diretoras e diretores da UNICOPAS e suas Centrais de Cooperativas que a constitui \u2013 UNISOL Brasil, Unicafes, CONCRAB e UNICATADORES \u2013 a Confer\u00eancia ainda vai contar com Centrais de Cooperativas, Federa\u00e7\u00f5es e organiza\u00e7\u00f5es que apoiam o setor, como integrantes da CICOPA Am\u00e9ricas (Organiza\u00e7\u00e3o Internacional das Cooperativas de Produ\u00e7\u00e3o Industrial, Artesanal e de Servi\u00e7os das Am\u00e9ricas), da Nexus Emilia Romana e Nexus Brasil (Instituto de Coopera\u00e7\u00e3o Internacional da Confedera\u00e7\u00e3o Geral Italiana do Trabalho da Emilia Romana \u2013 CGIL \u2013 It\u00e1lia), e C\u00e1ritas Brasileira.<\/p>\n<p><strong>Dia<\/strong>: 15 de Mar\u00e7o de 2018<br \/>\n<strong>Hor\u00e1rio<\/strong>: 9h \u00e1s 12h45<br \/>\n<strong>Local<\/strong>: Universidade Federal da Bahia (UFBA) \u2013 Pavilh\u00e3o de Aula da Federa\u00e7\u00e3o (PAF 1) \u2013 Faculdade de Filosofia e Ci\u00eancias Humanas \u2013 Sala 1 \u2013 Ondina<\/p>\n<p>&nbsp;<\/p>\n<p><strong>SERVI\u00c7O:<\/strong><\/p>\n<p>C\u00e1ritas Brasileira no F\u00f3rum Social Mundial<br \/>\nDe 13 a 17 de Mar\u00e7o de 2018<br \/>\nSalvador \u2013 BA<\/p>\n<p><em>Por Jucelene Rocha |\u00a0Rede de Comunicadores\/as da C\u00e1ritas Brasileira | Secretariado Nacional<\/em><\/p>\n<p>&nbsp;<\/p>\n<ul class=\"ssb_list_wrapper\"><li class=\"fb2\" style=\"width:135px\"><iframe src=\"\/\/www.facebook.com\/plugins\/like.php?href=https%3A%2F%2Fwww.caritasne2.org.br%2Fsite%2Fcaritas-brasileira-no-forum-social-mundial%2F&amp;layout=button_count&amp;action=like&amp;show_faces=false&amp;share=true&amp;width=135&amp;height=21&amp;appId=307091639398582\" scrolling=\"no\" frameborder=\"0\" style=\"border:none; overflow:hidden;  width:150px; height:21px;\" allowTransparency=\"true\"><\/iframe><\/li><li class=\"twtr\" style=\"width:90px\"><a href=\"https:\/\/twitter.com\/share\" class=\"twitter-share-button\" data-url=\"https:\/\/www.caritasne2.org.br\/site\/caritas-brasileira-no-forum-social-mundial\/\">&nbsp;<\/a><script>!function(d,s,id){var js,fjs=d.getElementsByTagName(s)[0],p=\/^http:\/.test(d.location)?'http':'https';if(!d.getElementById(id)){js=d.createElement(s);js.id=id;js.src=p+':\/\/platform.twitter.com\/widgets.js';fjs.parentNode.insertBefore(js,fjs);}}(document, 'script', 'twitter-wjs');<\/script><\/li><li class=\"gplus\" style=\"width:68px\"><div class=\"g-plusone\" data-size=\"medium\" data-href=\"https:\/\/www.caritasne2.org.br\/site\/caritas-brasileira-no-forum-social-mundial\/\"><\/div><\/li><li class=\"ssb_linkedin\" style=\"width:64px\"><script src=\"\/\/platform.linkedin.com\/in.js\" type=\"text\/javascript\">lang: en_US<\/script><script type=\"IN\/Share\" data-url=\"https:\/\/www.caritasne2.org.br\/site\/caritas-brasileira-no-forum-social-mundial\/\" data-counter=\"right\"><\/script><\/li><\/ul>","protected":false},"excerpt":{"rendered":"<p>Entre os dias 13 e 17 de mar\u00e7o Salvador recebe o F\u00f3rum Social Mundial (FSM). Nos cinco dias de evento os participantes, vindos de 120 pa\u00edses, podem escolher entre as mais de 1.300 atividades programadas. A maior parte vai acontecer no Campus de Ondina da Universidade Federal da Bahia (UFBA), mas tamb\u00e9m est\u00e3o distribu\u00eddas em espa\u00e7os como Est\u00e1dio de Pitua\u00e7u, Parque de Exposi\u00e7\u00f5es, Parque S\u00e3o [&hellip;]<\/p>\n<ul class=\"ssb_list_wrapper\"><li class=\"fb2\" style=\"width:135px\"><iframe src=\"\/\/www.facebook.com\/plugins\/like.php?href=https%3A%2F%2Fwww.caritasne2.org.br%2Fsite%2Fcaritas-brasileira-no-forum-social-mundial%2F&amp;layout=button_count&amp;action=like&amp;show_faces=false&amp;share=true&amp;width=135&amp;height=21&amp;appId=307091639398582\" scrolling=\"no\" frameborder=\"0\" style=\"border:none; overflow:hidden;  width:150px; height:21px;\" allowTransparency=\"true\"><\/iframe><\/li><li class=\"twtr\" style=\"width:90px\"><a href=\"https:\/\/twitter.com\/share\" class=\"twitter-share-button\" data-url=\"https:\/\/www.caritasne2.org.br\/site\/caritas-brasileira-no-forum-social-mundial\/\">&nbsp;<\/a><script>!function(d,s,id){var js,fjs=d.getElementsByTagName(s)[0],p=\/^http:\/.test(d.location)?'http':'https';if(!d.getElementById(id)){js=d.createElement(s);js.id=id;js.src=p+':\/\/platform.twitter.com\/widgets.js';fjs.parentNode.insertBefore(js,fjs);}}(document, 'script', 'twitter-wjs');<\/script><\/li><li class=\"gplus\" style=\"width:68px\"><div class=\"g-plusone\" data-size=\"medium\" data-href=\"https:\/\/www.caritasne2.org.br\/site\/caritas-brasileira-no-forum-social-mundial\/\"><\/div><\/li><li class=\"ssb_linkedin\" style=\"width:64px\"><script src=\"\/\/platform.linkedin.com\/in.js\" type=\"text\/javascript\">lang: en_US<\/script><script type=\"IN\/Share\" data-url=\"https:\/\/www.caritasne2.org.br\/site\/caritas-brasileira-no-forum-social-mundial\/\" data-counter=\"right\"><\/script><\/li><\/ul>","protected":false},"author":4,"featured_media":5427,"comment_status":"open","ping_status":"open","sticky":false,"template":"","format":"standard","meta":[],"categories":[21,20],"tags":[46,837,84,1180,1181,217],"_links":{"self":[{"href":"https:\/\/www.caritasne2.org.br\/site\/wp-json\/wp\/v2\/posts\/5426"}],"collection":[{"href":"https:\/\/www.caritasne2.org.br\/site\/wp-json\/wp\/v2\/posts"}],"about":[{"href":"https:\/\/www.caritasne2.org.br\/site\/wp-json\/wp\/v2\/types\/post"}],"author":[{"embeddable":true,"href":"https:\/\/www.caritasne2.org.br\/site\/wp-json\/wp\/v2\/users\/4"}],"replies":[{"embeddable":true,"href":"https:\/\/www.caritasne2.org.br\/site\/wp-json\/wp\/v2\/comments?post=5426"}],"version-history":[{"count":0,"href":"https:\/\/www.caritasne2.org.br\/site\/wp-json\/wp\/v2\/posts\/5426\/revisions"}],"wp:featuredmedia":[{"embeddable":true,"href":"https:\/\/www.caritasne2.org.br\/site\/wp-json\/wp\/v2\/media\/5427"}],"wp:attachment":[{"href":"https:\/\/www.caritasne2.org.br\/site\/wp-json\/wp\/v2\/media?parent=5426"}],"wp:term":[{"taxonomy":"category","embeddable":true,"href":"https:\/\/www.caritasne2.org.br\/site\/wp-json\/wp\/v2\/categories?post=5426"},{"taxonomy":"post_tag","embeddable":true,"href":"https:\/\/www.caritasne2.org.br\/site\/wp-json\/wp\/v2\/tags?post=5426"}],"curies":[{"name":"wp","href":"https:\/\/api.w.org\/{rel}","templated":true}]}}