{"id":5418,"date":"2018-02-27T14:21:14","date_gmt":"2018-02-27T17:21:14","guid":{"rendered":"http:\/\/www.caritasne2.org.br\/?p=5418"},"modified":"2018-02-27T14:21:14","modified_gmt":"2018-02-27T17:21:14","slug":"encontros-de-avaliacao-e-planejamento-mobilizam-a-rede-caritas-ne2","status":"publish","type":"post","link":"https:\/\/www.caritasne2.org.br\/site\/encontros-de-avaliacao-e-planejamento-mobilizam-a-rede-caritas-ne2\/","title":{"rendered":"Encontros de Avalia\u00e7\u00e3o e Planejamento mobilizam a Rede C\u00e1ritas NE2"},"content":{"rendered":"<p>Os agentes da Rede C\u00e1ritas Brasileira Regional Nordeste 2 reuniram-se, entre os dias 23 e 25 deste m\u00eas, em Caruaru (PE),\u00a0para avaliar os efeitos das a\u00e7\u00f5es realizadas em 2017 e, a partir da identifica\u00e7\u00e3o dessas evid\u00eancias, planejar as atividades para 2018. Os Encontros de Avalia\u00e7\u00e3o e Planejamento contaram, tamb\u00e9m, com as presen\u00e7as do bispo referencial, Dom Paulo Jackson Sousa, e do assessor do Secretariado Nacional, Fernando Zamban.<\/p>\n<p>Um momento de ora\u00e7\u00e3o conduziu o in\u00edcio das atividades e provocou os participantes a fazerem uma recorda\u00e7\u00e3o da vida, referente aos momentos de lutas e conquistas do ano de 2017. Entre os pontos destacados pela rede estiveram: a institui\u00e7\u00e3o da C\u00e1ritas Arquidiocesana de Olinda e Recife, a realiza\u00e7\u00e3o do Semin\u00e1rio Regional de Forma\u00e7\u00e3o sobre o Bem Viver, o debate gerado na Diocese de Floresta sobre a preserva\u00e7\u00e3o do Rio S\u00e3o Francisco e as mobiliza\u00e7\u00f5es populares pela perman\u00eancia dos direitos.<\/p>\n<p><strong>Avalia\u00e7\u00e3o Regional<\/strong><\/p>\n<p><img decoding=\"async\" loading=\"lazy\" class=\"size-medium wp-image-5420 alignleft\" src=\"http:\/\/www.caritasne2.org.br\/wp-content\/uploads\/2018\/02\/IMG_20180225_111341568-300x225.jpg\" alt=\"\" width=\"300\" height=\"225\" srcset=\"https:\/\/www.caritasne2.org.br\/site\/wp-content\/uploads\/2018\/02\/IMG_20180225_111341568-300x225.jpg 300w, https:\/\/www.caritasne2.org.br\/site\/wp-content\/uploads\/2018\/02\/IMG_20180225_111341568-768x576.jpg 768w, https:\/\/www.caritasne2.org.br\/site\/wp-content\/uploads\/2018\/02\/IMG_20180225_111341568-1024x768.jpg 1024w\" sizes=\"(max-width: 300px) 100vw, 300px\" \/>Zamban aprofundou a compreens\u00e3o sobre a Matriz de Avalia\u00e7\u00e3o da C\u00e1ritas Brasileira. Esse instrumental prioriza a identifica\u00e7\u00e3o dos efeitos gerados pelas a\u00e7\u00f5es, valoriza os aprendizados durante os processos de implementa\u00e7\u00e3o e provoca a reflex\u00e3o sobre os ajustes que precisam ser feitos, tendo em vista o trabalho que o Secretariado Regional e o conjunto de Organiza\u00e7\u00f5es Membros realizam a partir das quatro Orienta\u00e7\u00f5es Estrat\u00e9gicas.<\/p>\n<p>Para facilitar o processo de avalia\u00e7\u00e3o, a metodologia do encontro levou em considera\u00e7\u00e3o os diferentes contextos locais em que os agentes C\u00e1ritas est\u00e3o inseridos, bem como o fortalecimento dos f\u00f3runs estaduais. Dessa forma, os participantes foram divididos em grupos de acordo com os estados em que atuam e, na manh\u00e3 do dia seguinte, apresentaram os resultados das discuss\u00f5es.<\/p>\n<p><strong>Planejamento Regional<\/strong><\/p>\n<p>Por sua vez, a rede manteve a aten\u00e7\u00e3o nas quatro Orienta\u00e7\u00f5es Estrat\u00e9gicas da C\u00e1ritas Brasileira e, embasados pelas evid\u00eancias identificadas no Encontro de Avalia\u00e7\u00e3o, puderam tra\u00e7ar as novas perspectivas que far\u00e3o parte do Planejamento Operacional Anual (POA) 2018. Neste processo, foram revistas as prioridades regionais, os indicadores e propostas novas atividades.<\/p>\n<p>Como encaminhamentos, no \u00e2mbito do fortalecimento da identidade eclesial, ser\u00e1 realizado um Semin\u00e1rio Regional de Espiritualidade e Pastoralidade, previsto para ser realizado no primeiro semestre; j\u00e1 no que se refere \u00e0 forma\u00e7\u00e3o, pensou-se em uma Jornada de Experi\u00eancias, com foco nas pr\u00e1ticas do Bem Viver e da conviv\u00eancia com o Semi\u00e1rido, para o segundo semestre deste ano.<\/p>\n<p><img decoding=\"async\" loading=\"lazy\" class=\"size-medium wp-image-5421 alignright\" src=\"http:\/\/www.caritasne2.org.br\/wp-content\/uploads\/2018\/02\/IMG_20180225_125742075-300x225.jpg\" alt=\"\" width=\"300\" height=\"225\" srcset=\"https:\/\/www.caritasne2.org.br\/site\/wp-content\/uploads\/2018\/02\/IMG_20180225_125742075-300x225.jpg 300w, https:\/\/www.caritasne2.org.br\/site\/wp-content\/uploads\/2018\/02\/IMG_20180225_125742075-768x576.jpg 768w, https:\/\/www.caritasne2.org.br\/site\/wp-content\/uploads\/2018\/02\/IMG_20180225_125742075-1024x768.jpg 1024w\" sizes=\"(max-width: 300px) 100vw, 300px\" \/>De acordo com a agente da C\u00e1ritas Diocesana de Garanhuns, Aparecida Oliveira, s\u00e3o em momentos regionais, como esses, que \u00e9 poss\u00edvel amadurecer novas ideias para lev\u00e1-las at\u00e9 \u00e0s bases. \u201cConsidero que \u00e9 a partir da troca de experi\u00eancias que fazemos aqui, entre as Dioceses e o Secretariado, que as a\u00e7\u00f5es da Rede C\u00e1ritas s\u00e3o fortalecidas. Esse sentido de rede fica muito claro, quando entendemos que o importante n\u00e3o \u00e9 listar muitas atividades, mas se unir para realiz\u00e1-las bem\u201d, explicou.\u00a0Dom Paulo Jackson, que acompanhou, pela primeira vez, uma atividade regional como bispo referencial, classificou a experi\u00eancia como importante, a fim de se apropriar da linguagem, das tem\u00e1ticas e conhecer mais a C\u00e1ritas Brasileira.<\/p>\n<p><em>Por Lidiane Santos | Assessoria de Comunica\u00e7\u00e3o do Regional Nordeste 2<\/p>\n<p><\/em><\/p>\n<ul class=\"ssb_list_wrapper\"><li class=\"fb2\" style=\"width:135px\"><iframe src=\"\/\/www.facebook.com\/plugins\/like.php?href=https%3A%2F%2Fwww.caritasne2.org.br%2Fsite%2Fencontros-de-avaliacao-e-planejamento-mobilizam-a-rede-caritas-ne2%2F&amp;layout=button_count&amp;action=like&amp;show_faces=false&amp;share=true&amp;width=135&amp;height=21&amp;appId=307091639398582\" scrolling=\"no\" frameborder=\"0\" style=\"border:none; overflow:hidden;  width:150px; height:21px;\" allowTransparency=\"true\"><\/iframe><\/li><li class=\"twtr\" style=\"width:90px\"><a href=\"https:\/\/twitter.com\/share\" class=\"twitter-share-button\" data-url=\"https:\/\/www.caritasne2.org.br\/site\/encontros-de-avaliacao-e-planejamento-mobilizam-a-rede-caritas-ne2\/\">&nbsp;<\/a><script>!function(d,s,id){var js,fjs=d.getElementsByTagName(s)[0],p=\/^http:\/.test(d.location)?'http':'https';if(!d.getElementById(id)){js=d.createElement(s);js.id=id;js.src=p+':\/\/platform.twitter.com\/widgets.js';fjs.parentNode.insertBefore(js,fjs);}}(document, 'script', 'twitter-wjs');<\/script><\/li><li class=\"gplus\" style=\"width:68px\"><div class=\"g-plusone\" data-size=\"medium\" data-href=\"https:\/\/www.caritasne2.org.br\/site\/encontros-de-avaliacao-e-planejamento-mobilizam-a-rede-caritas-ne2\/\"><\/div><\/li><li class=\"ssb_linkedin\" style=\"width:64px\"><script src=\"\/\/platform.linkedin.com\/in.js\" type=\"text\/javascript\">lang: en_US<\/script><script type=\"IN\/Share\" data-url=\"https:\/\/www.caritasne2.org.br\/site\/encontros-de-avaliacao-e-planejamento-mobilizam-a-rede-caritas-ne2\/\" data-counter=\"right\"><\/script><\/li><\/ul>","protected":false},"excerpt":{"rendered":"<p>Os agentes da Rede C\u00e1ritas Brasileira Regional Nordeste 2 reuniram-se, entre os dias 23 e 25 deste m\u00eas, em Caruaru (PE),\u00a0para avaliar os efeitos das a\u00e7\u00f5es realizadas em 2017 e, a partir da identifica\u00e7\u00e3o dessas evid\u00eancias, planejar as atividades para 2018. Os Encontros de Avalia\u00e7\u00e3o e Planejamento contaram, tamb\u00e9m, com as presen\u00e7as do bispo referencial, Dom Paulo Jackson Sousa, e do assessor do Secretariado Nacional, [&hellip;]<\/p>\n<ul class=\"ssb_list_wrapper\"><li class=\"fb2\" style=\"width:135px\"><iframe src=\"\/\/www.facebook.com\/plugins\/like.php?href=https%3A%2F%2Fwww.caritasne2.org.br%2Fsite%2Fencontros-de-avaliacao-e-planejamento-mobilizam-a-rede-caritas-ne2%2F&amp;layout=button_count&amp;action=like&amp;show_faces=false&amp;share=true&amp;width=135&amp;height=21&amp;appId=307091639398582\" scrolling=\"no\" frameborder=\"0\" style=\"border:none; overflow:hidden;  width:150px; height:21px;\" allowTransparency=\"true\"><\/iframe><\/li><li class=\"twtr\" style=\"width:90px\"><a href=\"https:\/\/twitter.com\/share\" class=\"twitter-share-button\" data-url=\"https:\/\/www.caritasne2.org.br\/site\/encontros-de-avaliacao-e-planejamento-mobilizam-a-rede-caritas-ne2\/\">&nbsp;<\/a><script>!function(d,s,id){var js,fjs=d.getElementsByTagName(s)[0],p=\/^http:\/.test(d.location)?'http':'https';if(!d.getElementById(id)){js=d.createElement(s);js.id=id;js.src=p+':\/\/platform.twitter.com\/widgets.js';fjs.parentNode.insertBefore(js,fjs);}}(document, 'script', 'twitter-wjs');<\/script><\/li><li class=\"gplus\" style=\"width:68px\"><div class=\"g-plusone\" data-size=\"medium\" data-href=\"https:\/\/www.caritasne2.org.br\/site\/encontros-de-avaliacao-e-planejamento-mobilizam-a-rede-caritas-ne2\/\"><\/div><\/li><li class=\"ssb_linkedin\" style=\"width:64px\"><script src=\"\/\/platform.linkedin.com\/in.js\" type=\"text\/javascript\">lang: en_US<\/script><script type=\"IN\/Share\" data-url=\"https:\/\/www.caritasne2.org.br\/site\/encontros-de-avaliacao-e-planejamento-mobilizam-a-rede-caritas-ne2\/\" data-counter=\"right\"><\/script><\/li><\/ul>","protected":false},"author":4,"featured_media":5419,"comment_status":"open","ping_status":"open","sticky":false,"template":"","format":"standard","meta":[],"categories":[21,466],"tags":[1178,70,837,84,885,997,860,146,641,1177,680,217,776],"_links":{"self":[{"href":"https:\/\/www.caritasne2.org.br\/site\/wp-json\/wp\/v2\/posts\/5418"}],"collection":[{"href":"https:\/\/www.caritasne2.org.br\/site\/wp-json\/wp\/v2\/posts"}],"about":[{"href":"https:\/\/www.caritasne2.org.br\/site\/wp-json\/wp\/v2\/types\/post"}],"author":[{"embeddable":true,"href":"https:\/\/www.caritasne2.org.br\/site\/wp-json\/wp\/v2\/users\/4"}],"replies":[{"embeddable":true,"href":"https:\/\/www.caritasne2.org.br\/site\/wp-json\/wp\/v2\/comments?post=5418"}],"version-history":[{"count":0,"href":"https:\/\/www.caritasne2.org.br\/site\/wp-json\/wp\/v2\/posts\/5418\/revisions"}],"wp:featuredmedia":[{"embeddable":true,"href":"https:\/\/www.caritasne2.org.br\/site\/wp-json\/wp\/v2\/media\/5419"}],"wp:attachment":[{"href":"https:\/\/www.caritasne2.org.br\/site\/wp-json\/wp\/v2\/media?parent=5418"}],"wp:term":[{"taxonomy":"category","embeddable":true,"href":"https:\/\/www.caritasne2.org.br\/site\/wp-json\/wp\/v2\/categories?post=5418"},{"taxonomy":"post_tag","embeddable":true,"href":"https:\/\/www.caritasne2.org.br\/site\/wp-json\/wp\/v2\/tags?post=5418"}],"curies":[{"name":"wp","href":"https:\/\/api.w.org\/{rel}","templated":true}]}}