{"id":5387,"date":"2018-01-15T16:45:31","date_gmt":"2018-01-15T19:45:31","guid":{"rendered":"http:\/\/www.caritasne2.org.br\/?p=5387"},"modified":"2018-01-17T09:20:06","modified_gmt":"2018-01-17T12:20:06","slug":"diocese-de-pesqueira-participa-da-curso-de-formacao-politica-para-cristaos-leigosas","status":"publish","type":"post","link":"https:\/\/www.caritasne2.org.br\/site\/diocese-de-pesqueira-participa-da-curso-de-formacao-politica-para-cristaos-leigosas\/","title":{"rendered":"C\u00e1ritas de Pesqueira participa da Curso de Forma\u00e7\u00e3o Pol\u00edtica para Crist\u00e3os Leigos\/as"},"content":{"rendered":"<p><img decoding=\"async\" loading=\"lazy\" class=\"size-medium wp-image-5389 alignright\" src=\"http:\/\/www.caritasne2.org.br\/wp-content\/uploads\/2018\/01\/WhatsApp-Image-2018-01-15-at-10.38.48-300x169.jpeg\" alt=\"\" width=\"300\" height=\"169\" srcset=\"https:\/\/www.caritasne2.org.br\/site\/wp-content\/uploads\/2018\/01\/WhatsApp-Image-2018-01-15-at-10.38.48-300x169.jpeg 300w, https:\/\/www.caritasne2.org.br\/site\/wp-content\/uploads\/2018\/01\/WhatsApp-Image-2018-01-15-at-10.38.48-768x432.jpeg 768w, https:\/\/www.caritasne2.org.br\/site\/wp-content\/uploads\/2018\/01\/WhatsApp-Image-2018-01-15-at-10.38.48-1024x576.jpeg 1024w, https:\/\/www.caritasne2.org.br\/site\/wp-content\/uploads\/2018\/01\/WhatsApp-Image-2018-01-15-at-10.38.48-588x330.jpeg 588w, https:\/\/www.caritasne2.org.br\/site\/wp-content\/uploads\/2018\/01\/WhatsApp-Image-2018-01-15-at-10.38.48.jpeg 1280w\" sizes=\"(max-width: 300px) 100vw, 300px\" \/>Entre os dias\u00a014 a 27 de janeiro, a C\u00e1ritas Diocesana de Pesqueira participa do Curso de Forma\u00e7\u00e3o Pol\u00edtica para Crist\u00e3os Leigos e Leigas, em Bras\u00edlia (DF), promovido pelo Centro Nacional de F\u00e9 e Pol\u00edtica Dom Helder C\u00e2mara (CEFEP).<\/p>\n<p>O curso \u00e9 uma iniciativa da Confer\u00eancia Nacional dos Bispos do Brasil (CNBB) por meio da Comiss\u00e3o Episcopal Pastoral para o Laicato, e tem como objetivo a forma\u00e7\u00e3o pol\u00edtica para crist\u00e3os leigos, incentivado o pensamento social \u00e0 luz da doutrina da Igreja. Com dura\u00e7\u00e3o de aproximadamente um ano e meio,\u00a0a forma\u00e7\u00e3o \u00e9 dividida em duas partes: a presencial, este que ocorre em Bras\u00edlia (DF), e a dist\u00e2ncia, em parceria com a Pontif\u00edcia Universidade do Rio de Janeiro (PUC-Rio).<\/p>\n<p>A programa\u00e7\u00e3o iniciou no \u00faltimo domingo (14) com uma missa celebrada pelo Pe. Ernanne Pinheiro, secret\u00e1rio executivo do CEFEP, onde os 47 alunos de diversas regi\u00f5es do Brasil que participam do curso se apresentaram. Ainda pela manh\u00e3, houve uma segunda apresenta\u00e7\u00e3o do curso tamb\u00e9m realizada pelo Pe. Ernanne, no audit\u00f3rio do Centro Cultural Mission\u00e1rio.<\/p>\n<p>Este ano o curso conta com a presen\u00e7a do brasileiro, Marcos Bordin, natural de Campinas (SP), que reside na Su\u00ed\u00e7a h\u00e1 40 anos e atua como professor da Universidade de Genebra, que tem a miss\u00e3o de ouvir os alunos e apresentar um interc\u00e2mbio para a Su\u00ed\u00e7a, onde ser\u00e3o escolhidos 10 representantes.<\/p>\n<p><strong>CEFEP<\/strong><\/p>\n<p>O Centro Nacional de F\u00e9 e Pol\u00edtica Dom Helder C\u00e2mara \u00e9 um servi\u00e7o \u00e0 forma\u00e7\u00e3o pol\u00edtica dos crist\u00e3os leigos e leigas, sob a presid\u00eancia da Comiss\u00e3o Episcopal Pastoral para o Laicato da CNBB. Atualmente, \u00e9 baseado em tr\u00eas eixos de atua\u00e7\u00e3o e possui o objetivo de contribuir com a forma\u00e7\u00e3o de lideran\u00e7a inseridas na pol\u00edtica, a partir de uma reflex\u00e3o b\u00edblica e teol\u00f3gica, das ci\u00eancias sociais e da filosofia.<\/p>\n<p><em>Por Fabiana Francelino | Assessoria de Comunica\u00e7\u00e3o da C\u00e1ritas Diocesana de Pesqueira<\/em><\/p>\n<ul class=\"ssb_list_wrapper\"><li class=\"fb2\" style=\"width:135px\"><iframe src=\"\/\/www.facebook.com\/plugins\/like.php?href=https%3A%2F%2Fwww.caritasne2.org.br%2Fsite%2Fdiocese-de-pesqueira-participa-da-curso-de-formacao-politica-para-cristaos-leigosas%2F&amp;layout=button_count&amp;action=like&amp;show_faces=false&amp;share=true&amp;width=135&amp;height=21&amp;appId=307091639398582\" scrolling=\"no\" frameborder=\"0\" style=\"border:none; overflow:hidden;  width:150px; height:21px;\" allowTransparency=\"true\"><\/iframe><\/li><li class=\"twtr\" style=\"width:90px\"><a href=\"https:\/\/twitter.com\/share\" class=\"twitter-share-button\" data-url=\"https:\/\/www.caritasne2.org.br\/site\/diocese-de-pesqueira-participa-da-curso-de-formacao-politica-para-cristaos-leigosas\/\">&nbsp;<\/a><script>!function(d,s,id){var js,fjs=d.getElementsByTagName(s)[0],p=\/^http:\/.test(d.location)?'http':'https';if(!d.getElementById(id)){js=d.createElement(s);js.id=id;js.src=p+':\/\/platform.twitter.com\/widgets.js';fjs.parentNode.insertBefore(js,fjs);}}(document, 'script', 'twitter-wjs');<\/script><\/li><li class=\"gplus\" style=\"width:68px\"><div class=\"g-plusone\" data-size=\"medium\" data-href=\"https:\/\/www.caritasne2.org.br\/site\/diocese-de-pesqueira-participa-da-curso-de-formacao-politica-para-cristaos-leigosas\/\"><\/div><\/li><li class=\"ssb_linkedin\" style=\"width:64px\"><script src=\"\/\/platform.linkedin.com\/in.js\" type=\"text\/javascript\">lang: en_US<\/script><script type=\"IN\/Share\" data-url=\"https:\/\/www.caritasne2.org.br\/site\/diocese-de-pesqueira-participa-da-curso-de-formacao-politica-para-cristaos-leigosas\/\" data-counter=\"right\"><\/script><\/li><\/ul>","protected":false},"excerpt":{"rendered":"<p>Entre os dias\u00a014 a 27 de janeiro, a C\u00e1ritas Diocesana de Pesqueira participa do Curso de Forma\u00e7\u00e3o Pol\u00edtica para Crist\u00e3os Leigos e Leigas, em Bras\u00edlia (DF), promovido pelo Centro Nacional de F\u00e9 e Pol\u00edtica Dom Helder C\u00e2mara (CEFEP). O curso \u00e9 uma iniciativa da Confer\u00eancia Nacional dos Bispos do Brasil (CNBB) por meio da Comiss\u00e3o Episcopal Pastoral para o Laicato, e tem como objetivo a [&hellip;]<\/p>\n<ul class=\"ssb_list_wrapper\"><li class=\"fb2\" style=\"width:135px\"><iframe src=\"\/\/www.facebook.com\/plugins\/like.php?href=https%3A%2F%2Fwww.caritasne2.org.br%2Fsite%2Fdiocese-de-pesqueira-participa-da-curso-de-formacao-politica-para-cristaos-leigosas%2F&amp;layout=button_count&amp;action=like&amp;show_faces=false&amp;share=true&amp;width=135&amp;height=21&amp;appId=307091639398582\" scrolling=\"no\" frameborder=\"0\" style=\"border:none; overflow:hidden;  width:150px; height:21px;\" allowTransparency=\"true\"><\/iframe><\/li><li class=\"twtr\" style=\"width:90px\"><a href=\"https:\/\/twitter.com\/share\" class=\"twitter-share-button\" data-url=\"https:\/\/www.caritasne2.org.br\/site\/diocese-de-pesqueira-participa-da-curso-de-formacao-politica-para-cristaos-leigosas\/\">&nbsp;<\/a><script>!function(d,s,id){var js,fjs=d.getElementsByTagName(s)[0],p=\/^http:\/.test(d.location)?'http':'https';if(!d.getElementById(id)){js=d.createElement(s);js.id=id;js.src=p+':\/\/platform.twitter.com\/widgets.js';fjs.parentNode.insertBefore(js,fjs);}}(document, 'script', 'twitter-wjs');<\/script><\/li><li class=\"gplus\" style=\"width:68px\"><div class=\"g-plusone\" data-size=\"medium\" data-href=\"https:\/\/www.caritasne2.org.br\/site\/diocese-de-pesqueira-participa-da-curso-de-formacao-politica-para-cristaos-leigosas\/\"><\/div><\/li><li class=\"ssb_linkedin\" style=\"width:64px\"><script src=\"\/\/platform.linkedin.com\/in.js\" type=\"text\/javascript\">lang: en_US<\/script><script type=\"IN\/Share\" data-url=\"https:\/\/www.caritasne2.org.br\/site\/diocese-de-pesqueira-participa-da-curso-de-formacao-politica-para-cristaos-leigosas\/\" data-counter=\"right\"><\/script><\/li><\/ul>","protected":false},"author":4,"featured_media":5389,"comment_status":"open","ping_status":"open","sticky":false,"template":"","format":"standard","meta":[],"categories":[21],"tags":[268,67,997,136,897],"_links":{"self":[{"href":"https:\/\/www.caritasne2.org.br\/site\/wp-json\/wp\/v2\/posts\/5387"}],"collection":[{"href":"https:\/\/www.caritasne2.org.br\/site\/wp-json\/wp\/v2\/posts"}],"about":[{"href":"https:\/\/www.caritasne2.org.br\/site\/wp-json\/wp\/v2\/types\/post"}],"author":[{"embeddable":true,"href":"https:\/\/www.caritasne2.org.br\/site\/wp-json\/wp\/v2\/users\/4"}],"replies":[{"embeddable":true,"href":"https:\/\/www.caritasne2.org.br\/site\/wp-json\/wp\/v2\/comments?post=5387"}],"version-history":[{"count":0,"href":"https:\/\/www.caritasne2.org.br\/site\/wp-json\/wp\/v2\/posts\/5387\/revisions"}],"wp:featuredmedia":[{"embeddable":true,"href":"https:\/\/www.caritasne2.org.br\/site\/wp-json\/wp\/v2\/media\/5389"}],"wp:attachment":[{"href":"https:\/\/www.caritasne2.org.br\/site\/wp-json\/wp\/v2\/media?parent=5387"}],"wp:term":[{"taxonomy":"category","embeddable":true,"href":"https:\/\/www.caritasne2.org.br\/site\/wp-json\/wp\/v2\/categories?post=5387"},{"taxonomy":"post_tag","embeddable":true,"href":"https:\/\/www.caritasne2.org.br\/site\/wp-json\/wp\/v2\/tags?post=5387"}],"curies":[{"name":"wp","href":"https:\/\/api.w.org\/{rel}","templated":true}]}}