{"id":5379,"date":"2017-12-18T09:10:52","date_gmt":"2017-12-18T12:10:52","guid":{"rendered":"http:\/\/www.caritasne2.org.br\/?p=5379"},"modified":"2017-12-30T21:30:33","modified_gmt":"2017-12-31T00:30:33","slug":"feira-reune-empreendimentos-da-economia-solidaria-em-alagoas","status":"publish","type":"post","link":"https:\/\/www.caritasne2.org.br\/site\/feira-reune-empreendimentos-da-economia-solidaria-em-alagoas\/","title":{"rendered":"Feira re\u00fane empreendimentos da Economia Solid\u00e1ria em Alagoas"},"content":{"rendered":"<p>Em sua primeira edi\u00e7\u00e3o, a Feira de Economia Solid\u00e1ria de Alagoas reuniu 150 expositores de grupos e empreendimentos solid\u00e1rios do Sert\u00e3o, Agreste e Litoral. Em 25 tendas, organizadas na Pra\u00e7a Afr\u00e2nio Jorge, mais conhecida como Pra\u00e7a da Faculdade, no centro de Macei\u00f3 (AL), o p\u00fablico teve acesso ao artesanato, alimenta\u00e7\u00e3o e produtos da agricultora familiar.\u00a0Toda a produ\u00e7\u00e3o da feira veio dos estados de Alagoas, Pernambuco e Rio Grande do Norte, que expuseram a diversidade de produtos que valorizam pr\u00e1ticas sustent\u00e1veis e o desenvolvimento da economia local.<\/p>\n<p><img decoding=\"async\" loading=\"lazy\" class=\"size-medium wp-image-5381 alignright\" src=\"http:\/\/www.caritasne2.org.br\/wp-content\/uploads\/2017\/12\/Produ\u00e7\u00e3o-agroecol\u00f3gica-300x222.jpg\" alt=\"\" width=\"300\" height=\"222\" srcset=\"https:\/\/www.caritasne2.org.br\/site\/wp-content\/uploads\/2017\/12\/Produ\u00e7\u00e3o-agroecol\u00f3gica-300x222.jpg 300w, https:\/\/www.caritasne2.org.br\/site\/wp-content\/uploads\/2017\/12\/Produ\u00e7\u00e3o-agroecol\u00f3gica-768x569.jpg 768w, https:\/\/www.caritasne2.org.br\/site\/wp-content\/uploads\/2017\/12\/Produ\u00e7\u00e3o-agroecol\u00f3gica-1024x759.jpg 1024w, https:\/\/www.caritasne2.org.br\/site\/wp-content\/uploads\/2017\/12\/Produ\u00e7\u00e3o-agroecol\u00f3gica.jpg 2048w\" sizes=\"(max-width: 300px) 100vw, 300px\" \/>A abertura da feira marcou o Dia Nacional da Economia Solid\u00e1ria, celebrado na \u00faltima sexta-feira (15) e encerrou no s\u00e1bado (16). A feira, que foi organizada pelo F\u00f3rum C\u00e1ritas de Alagoas (FCAL), contou com o apoio da C\u00e1ritas Arquidiocesana de Macei\u00f3 e as Diocesanas de Palmeira dos \u00cdndios e Penedo, al\u00e9m do F\u00f3rum Alagoano de Economia Solid\u00e1ria (FAES) e da Federa\u00e7\u00e3o Alagoana dos Artes\u00e3os (FALARTE).<\/p>\n<p>A coordenadora do empreendimento solid\u00e1rio M\u00e3os Unidas, Arte e Del\u00edcia, Jarinete Alves, incentivou o grupo a participar da feira e dos momentos formativos. Desde 2004, o empreendimento recebe acompanhamento da C\u00e1ritas. E, hoje tem sua produ\u00e7\u00e3o comercializada no Mercado das Rendas de Marechal Deodoro (AL), sendo o bordado fil\u00e9, o produto com maior destaque. \u201c\u00c9 importante ter um espa\u00e7o consolidado, como as feiras, para a gente expor e comercializar o nosso trabalho\u201d, disse.<\/p>\n<p><img decoding=\"async\" loading=\"lazy\" class=\"size-medium wp-image-5380 alignleft\" src=\"http:\/\/www.caritasne2.org.br\/wp-content\/uploads\/2017\/12\/Grupo-de-Mulheres-Arte-Mulher-Mangabeira-300x227.jpg\" alt=\"\" width=\"300\" height=\"227\" srcset=\"https:\/\/www.caritasne2.org.br\/site\/wp-content\/uploads\/2017\/12\/Grupo-de-Mulheres-Arte-Mulher-Mangabeira-300x227.jpg 300w, https:\/\/www.caritasne2.org.br\/site\/wp-content\/uploads\/2017\/12\/Grupo-de-Mulheres-Arte-Mulher-Mangabeira-768x581.jpg 768w, https:\/\/www.caritasne2.org.br\/site\/wp-content\/uploads\/2017\/12\/Grupo-de-Mulheres-Arte-Mulher-Mangabeira-1024x774.jpg 1024w, https:\/\/www.caritasne2.org.br\/site\/wp-content\/uploads\/2017\/12\/Grupo-de-Mulheres-Arte-Mulher-Mangabeira.jpg 2048w\" sizes=\"(max-width: 300px) 100vw, 300px\" \/>Do munic\u00edpio de Arapiraca (AL), veio o artesanato produzido por Gildete Maria de Souza, que participa do grupo Arte Mulher Mangabeira. S\u00e3o 14 mulheres que trabalham a partir dos princ\u00edpios da Economia Solid\u00e1ria e produzem pe\u00e7as como toalha, len\u00e7ol e pano de prato, com acabamento em bordado de fita e\/ou croch\u00ea. O grupo \u00e9 acompanhado pela C\u00e1ritas Diocesana de Penedo.<\/p>\n<p>Para Gildete, a venda de produtos artesanais ainda precisa ser aquecida e os empreendimentos necessitam de mais visibilidade. Contudo, ela ressalta o ganho positivo a partir da experi\u00eancia adquirida atrav\u00e9s da participa\u00e7\u00e3o na feira. \u201cA organiza\u00e7\u00e3o dos produtos, a prepara\u00e7\u00e3o para a viagem e a observa\u00e7\u00e3o sobre a forma como outros empreendimentos se organizam para a comercializa\u00e7\u00e3o, tudo isso enriquece nosso conhecimento\u201d, explicou.<\/p>\n<p><img decoding=\"async\" loading=\"lazy\" class=\"size-medium wp-image-5383 alignright\" src=\"http:\/\/www.caritasne2.org.br\/wp-content\/uploads\/2017\/12\/Artesanato-produ\u00e7\u00e3o-de-bonecas-300x199.jpg\" alt=\"\" width=\"300\" height=\"199\" srcset=\"https:\/\/www.caritasne2.org.br\/site\/wp-content\/uploads\/2017\/12\/Artesanato-produ\u00e7\u00e3o-de-bonecas-300x200.jpg 300w, https:\/\/www.caritasne2.org.br\/site\/wp-content\/uploads\/2017\/12\/Artesanato-produ\u00e7\u00e3o-de-bonecas-768x509.jpg 768w, https:\/\/www.caritasne2.org.br\/site\/wp-content\/uploads\/2017\/12\/Artesanato-produ\u00e7\u00e3o-de-bonecas-1024x678.jpg 1024w\" sizes=\"(max-width: 300px) 100vw, 300px\" \/>De acordo com o diretor da C\u00e1ritas Arquidiocesana de Macei\u00f3, \u00c2ngelo M\u00e1ximo, a concretiza\u00e7\u00e3o da feira \u00e9 resultado do sonho e do trabalho coletivo de v\u00e1rios empreendimentos solid\u00e1rios de Alagoas. Segundo ele, apesar dos desafios impostos durante o processo de prepara\u00e7\u00e3o, a exemplo do pouco recurso destinado para a articula\u00e7\u00e3o dos grupos, a proposta \u00e9 dar continuidade e manter a realiza\u00e7\u00e3o da feira nos pr\u00f3ximos anos.<\/p>\n<p><strong>Semin\u00e1rio<\/strong><\/p>\n<p>O F\u00f3rum C\u00e1ritas de Alagoas (FCAL) organizou uma programa\u00e7\u00e3o que antecedeu as comemora\u00e7\u00f5es do Dia Nacional da Economia Solid\u00e1ria, celebrado em 15 de dezembro. Na ocasi\u00e3o, os representantes dos grupos e empreendimentos solid\u00e1rios participaram do Semin\u00e1rio Estadual de Economia Solid\u00e1ria: resgatando princ\u00edpios, conceitos e pr\u00e1ticas, cujo lema &#8220;E todos tinham tudo em comum&#8221; (Atos 2,44). O evento foi realizado no dia 14 deste m\u00eas, no audit\u00f3rio do Servi\u00e7o Nacional de Aprendizagem Industrial (SENAI), em Macei\u00f3 (AL), e foi conduzido pela educadora em Economia Solid\u00e1ria de Pernambuco, Alzira Medeiros.<\/p>\n<p>A assessora da C\u00e1ritas Regional NE2, Maria Aparecida Mafra, fez uma avalia\u00e7\u00e3o positiva em rela\u00e7\u00e3o \u00e0 ades\u00e3o dos empreendimentos \u00e0 proposta de participa\u00e7\u00f5es no semin\u00e1rio e feira. \u201cAvaliamos como uma oportunidade para o aprendizado e fortalecimento dos grupos e empreendimentos solid\u00e1rios, bem como uma forma de mostrar a for\u00e7a dessa economia, que busca o desenvolvimento local, por meio do trabalho cooperativado e associado\u201d, destacou.<\/p>\n<p>Tamb\u00e9m participaram os representantes da Cooperativa de Catadores da Vila Emater (CoopVila), de Macei\u00f3 (AL); da Associa\u00e7\u00e3o de Catadores de Materiais Recicl\u00e1veis de Caic\u00f3 (Ascamarca); a Rede de Catadores do Serid\u00f3 (RN); a C\u00e1ritas Diocesana de Caic\u00f3; o grupo Juventude Quilombola Solid\u00e1ria, de Po\u00e7o das Trincheiras (AL); e do Gera\u00e7\u00e3o de Renda para Jovens do Meio Rural, acompanhado pela C\u00e1ritas Diocesana de Palmeira dos \u00cdndios.<\/p>\n<p><em>Por Kilma Ferreira | Assessoria de Comunica\u00e7\u00e3o do Regional NE2<\/em><\/p>\n<ul class=\"ssb_list_wrapper\"><li class=\"fb2\" style=\"width:135px\"><iframe src=\"\/\/www.facebook.com\/plugins\/like.php?href=https%3A%2F%2Fwww.caritasne2.org.br%2Fsite%2Ffeira-reune-empreendimentos-da-economia-solidaria-em-alagoas%2F&amp;layout=button_count&amp;action=like&amp;show_faces=false&amp;share=true&amp;width=135&amp;height=21&amp;appId=307091639398582\" scrolling=\"no\" frameborder=\"0\" style=\"border:none; overflow:hidden;  width:150px; height:21px;\" allowTransparency=\"true\"><\/iframe><\/li><li class=\"twtr\" style=\"width:90px\"><a href=\"https:\/\/twitter.com\/share\" class=\"twitter-share-button\" data-url=\"https:\/\/www.caritasne2.org.br\/site\/feira-reune-empreendimentos-da-economia-solidaria-em-alagoas\/\">&nbsp;<\/a><script>!function(d,s,id){var js,fjs=d.getElementsByTagName(s)[0],p=\/^http:\/.test(d.location)?'http':'https';if(!d.getElementById(id)){js=d.createElement(s);js.id=id;js.src=p+':\/\/platform.twitter.com\/widgets.js';fjs.parentNode.insertBefore(js,fjs);}}(document, 'script', 'twitter-wjs');<\/script><\/li><li class=\"gplus\" style=\"width:68px\"><div class=\"g-plusone\" data-size=\"medium\" data-href=\"https:\/\/www.caritasne2.org.br\/site\/feira-reune-empreendimentos-da-economia-solidaria-em-alagoas\/\"><\/div><\/li><li class=\"ssb_linkedin\" style=\"width:64px\"><script src=\"\/\/platform.linkedin.com\/in.js\" type=\"text\/javascript\">lang: en_US<\/script><script type=\"IN\/Share\" data-url=\"https:\/\/www.caritasne2.org.br\/site\/feira-reune-empreendimentos-da-economia-solidaria-em-alagoas\/\" data-counter=\"right\"><\/script><\/li><\/ul>","protected":false},"excerpt":{"rendered":"<p>Em sua primeira edi\u00e7\u00e3o, a Feira de Economia Solid\u00e1ria de Alagoas reuniu 150 expositores de grupos e empreendimentos solid\u00e1rios do Sert\u00e3o, Agreste e Litoral. Em 25 tendas, organizadas na Pra\u00e7a Afr\u00e2nio Jorge, mais conhecida como Pra\u00e7a da Faculdade, no centro de Macei\u00f3 (AL), o p\u00fablico teve acesso ao artesanato, alimenta\u00e7\u00e3o e produtos da agricultora familiar.\u00a0Toda a produ\u00e7\u00e3o da feira veio dos estados de Alagoas, Pernambuco [&hellip;]<\/p>\n<ul class=\"ssb_list_wrapper\"><li class=\"fb2\" style=\"width:135px\"><iframe src=\"\/\/www.facebook.com\/plugins\/like.php?href=https%3A%2F%2Fwww.caritasne2.org.br%2Fsite%2Ffeira-reune-empreendimentos-da-economia-solidaria-em-alagoas%2F&amp;layout=button_count&amp;action=like&amp;show_faces=false&amp;share=true&amp;width=135&amp;height=21&amp;appId=307091639398582\" scrolling=\"no\" frameborder=\"0\" style=\"border:none; overflow:hidden;  width:150px; height:21px;\" allowTransparency=\"true\"><\/iframe><\/li><li class=\"twtr\" style=\"width:90px\"><a href=\"https:\/\/twitter.com\/share\" class=\"twitter-share-button\" data-url=\"https:\/\/www.caritasne2.org.br\/site\/feira-reune-empreendimentos-da-economia-solidaria-em-alagoas\/\">&nbsp;<\/a><script>!function(d,s,id){var js,fjs=d.getElementsByTagName(s)[0],p=\/^http:\/.test(d.location)?'http':'https';if(!d.getElementById(id)){js=d.createElement(s);js.id=id;js.src=p+':\/\/platform.twitter.com\/widgets.js';fjs.parentNode.insertBefore(js,fjs);}}(document, 'script', 'twitter-wjs');<\/script><\/li><li class=\"gplus\" style=\"width:68px\"><div class=\"g-plusone\" data-size=\"medium\" data-href=\"https:\/\/www.caritasne2.org.br\/site\/feira-reune-empreendimentos-da-economia-solidaria-em-alagoas\/\"><\/div><\/li><li class=\"ssb_linkedin\" style=\"width:64px\"><script src=\"\/\/platform.linkedin.com\/in.js\" type=\"text\/javascript\">lang: en_US<\/script><script type=\"IN\/Share\" data-url=\"https:\/\/www.caritasne2.org.br\/site\/feira-reune-empreendimentos-da-economia-solidaria-em-alagoas\/\" data-counter=\"right\"><\/script><\/li><\/ul>","protected":false},"author":4,"featured_media":5382,"comment_status":"open","ping_status":"open","sticky":false,"template":"","format":"standard","meta":[],"categories":[21,200,462],"tags":[70,923,837,766,512,84,585,220,1175,817,641,1174,776,1176],"_links":{"self":[{"href":"https:\/\/www.caritasne2.org.br\/site\/wp-json\/wp\/v2\/posts\/5379"}],"collection":[{"href":"https:\/\/www.caritasne2.org.br\/site\/wp-json\/wp\/v2\/posts"}],"about":[{"href":"https:\/\/www.caritasne2.org.br\/site\/wp-json\/wp\/v2\/types\/post"}],"author":[{"embeddable":true,"href":"https:\/\/www.caritasne2.org.br\/site\/wp-json\/wp\/v2\/users\/4"}],"replies":[{"embeddable":true,"href":"https:\/\/www.caritasne2.org.br\/site\/wp-json\/wp\/v2\/comments?post=5379"}],"version-history":[{"count":0,"href":"https:\/\/www.caritasne2.org.br\/site\/wp-json\/wp\/v2\/posts\/5379\/revisions"}],"wp:featuredmedia":[{"embeddable":true,"href":"https:\/\/www.caritasne2.org.br\/site\/wp-json\/wp\/v2\/media\/5382"}],"wp:attachment":[{"href":"https:\/\/www.caritasne2.org.br\/site\/wp-json\/wp\/v2\/media?parent=5379"}],"wp:term":[{"taxonomy":"category","embeddable":true,"href":"https:\/\/www.caritasne2.org.br\/site\/wp-json\/wp\/v2\/categories?post=5379"},{"taxonomy":"post_tag","embeddable":true,"href":"https:\/\/www.caritasne2.org.br\/site\/wp-json\/wp\/v2\/tags?post=5379"}],"curies":[{"name":"wp","href":"https:\/\/api.w.org\/{rel}","templated":true}]}}