{"id":5364,"date":"2017-12-07T12:53:51","date_gmt":"2017-12-07T15:53:51","guid":{"rendered":"http:\/\/www.caritasne2.org.br\/?p=5364"},"modified":"2017-12-07T13:25:27","modified_gmt":"2017-12-07T16:25:27","slug":"caritas-ne2-realiza-corrida-em-prol-da-solidariedade","status":"publish","type":"post","link":"https:\/\/www.caritasne2.org.br\/site\/caritas-ne2-realiza-corrida-em-prol-da-solidariedade\/","title":{"rendered":"C\u00e1ritas NE2 realiza corrida em prol da solidariedade"},"content":{"rendered":"<p>No dia 16 deste m\u00eas, atletas profissionais e amadores v\u00e3o se juntar, no Recife (PE), para praticar dois h\u00e1bitos saud\u00e1veis:\u00a0esporte e solidariedade. \u00c9 a &#8220;Corrida do Noel&#8221;, coordenada pela C\u00e1ritas Brasileira Regional Nordeste 2 (NE2), que tem como objetivos motivar \u00e0 atividade esportiva e, sobretudo, celebrar as a\u00e7\u00f5es da institui\u00e7\u00e3o, ao longo de 2017, no campo social.<\/p>\n<p>Para o coordenador de mobiliza\u00e7\u00e3o de recursos da C\u00e1ritas NE2, C\u00e9lio Meira, a iniciativa n\u00e3o tem car\u00e1ter competitivo, mas quer reunir as pessoas que\u00a0fazem o bem. &#8220;A nossa ideia \u00e9 que homens e mulheres se confraternizem\u00a0nessa ocasi\u00e3o e, ao mesmo tempo, contribuam\u00a0para a causa das crian\u00e7as que sofreram, neste ano, com as enchentes na Mata Sul de Pernambuco&#8221;, destacou.<\/p>\n<p>Quem quiser se inscrever poder\u00e1 fazer isso\u00a0mediante dep\u00f3sito da taxa de R$ 10 (dados banc\u00e1rios abaixo), valor destinado \u00e0 aquisi\u00e7\u00e3o do Kit (camisa e gorro do Noel), e a doa\u00e7\u00e3o de, no m\u00ednimo, um brinquedo novo. Os itens infantis far\u00e3o parte da brinquedoteca que ser\u00e1 implantada na cidade de Bel\u00e9m de Maria (PE). Para confirmar a participa\u00e7\u00e3o, \u00e9\u00a0necess\u00e1rio o envio do comprovante banc\u00e1rio, via wWhatsapp, para o n\u00famero (81) 99921-0178.<img decoding=\"async\" loading=\"lazy\" class=\" wp-image-5368 alignright\" src=\"http:\/\/www.caritasne2.org.br\/wp-content\/uploads\/2017\/12\/Trajeto-da-Corrida-300x211.jpg\" alt=\"\" width=\"345\" height=\"243\" srcset=\"https:\/\/www.caritasne2.org.br\/site\/wp-content\/uploads\/2017\/12\/Trajeto-da-Corrida-300x211.jpg 300w, https:\/\/www.caritasne2.org.br\/site\/wp-content\/uploads\/2017\/12\/Trajeto-da-Corrida-261x183.jpg 261w, https:\/\/www.caritasne2.org.br\/site\/wp-content\/uploads\/2017\/12\/Trajeto-da-Corrida.jpg 558w\" sizes=\"(max-width: 345px) 100vw, 345px\" \/><\/p>\n<p>A corrida ter\u00e1 5 km de percurso e come\u00e7a, \u00e0s 16 horas, em frente \u00e0 Est\u00e1tua do Caranguejo, na Rua da Aurora, no bairro da Boa Vista. Os participantes seguir\u00e3o em dire\u00e7\u00e3o ao bairro de Santo Amaro, atravessar\u00e3o o rio Capibaribe pela Ponte do Limoeiro, seguir\u00e3o na Avenida Cais do Apolo e far\u00e3o o retorno na esquina da Avenida Rio Branco, seguindo o mesmo trajeto, concluindo no mesmo local da largada.<\/p>\n<p>O evento \u00e9 organizado pela C\u00e1ritas Brasileira Regional Nordeste 2 e tem os apoios da Federa\u00e7\u00e3o Pernambucana de Atletismo, da\u00a0Autarquia de Tr\u00e2nsito e Transporte Urbano do Recife (CTTU) e da empresa Infodoctor.<\/p>\n<p><strong>Servi\u00e7o:<\/strong><\/p>\n<p><em>Corrida do Noel<\/em><\/p>\n<p>Dados banc\u00e1rios:\u00a0Banco do Brasil &#8211;\u00a0Ag\u00eancia 1836-8 &#8211;\u00a0C\/C 59299-4<\/p>\n<p>Confirma\u00e7\u00e3o da inscri\u00e7\u00e3o e outras informa\u00e7\u00f5es: (81) 3231-3435 \/ 99921-0178<\/p>\n<p><em>Por Wagner Cesario | Assessoria de Comunica\u00e7\u00e3o do Regional NE2<\/em><\/p>\n<p>&nbsp;<\/p>\n<ul class=\"ssb_list_wrapper\"><li class=\"fb2\" style=\"width:135px\"><iframe src=\"\/\/www.facebook.com\/plugins\/like.php?href=https%3A%2F%2Fwww.caritasne2.org.br%2Fsite%2Fcaritas-ne2-realiza-corrida-em-prol-da-solidariedade%2F&amp;layout=button_count&amp;action=like&amp;show_faces=false&amp;share=true&amp;width=135&amp;height=21&amp;appId=307091639398582\" scrolling=\"no\" frameborder=\"0\" style=\"border:none; overflow:hidden;  width:150px; height:21px;\" allowTransparency=\"true\"><\/iframe><\/li><li class=\"twtr\" style=\"width:90px\"><a href=\"https:\/\/twitter.com\/share\" class=\"twitter-share-button\" data-url=\"https:\/\/www.caritasne2.org.br\/site\/caritas-ne2-realiza-corrida-em-prol-da-solidariedade\/\">&nbsp;<\/a><script>!function(d,s,id){var js,fjs=d.getElementsByTagName(s)[0],p=\/^http:\/.test(d.location)?'http':'https';if(!d.getElementById(id)){js=d.createElement(s);js.id=id;js.src=p+':\/\/platform.twitter.com\/widgets.js';fjs.parentNode.insertBefore(js,fjs);}}(document, 'script', 'twitter-wjs');<\/script><\/li><li class=\"gplus\" style=\"width:68px\"><div class=\"g-plusone\" data-size=\"medium\" data-href=\"https:\/\/www.caritasne2.org.br\/site\/caritas-ne2-realiza-corrida-em-prol-da-solidariedade\/\"><\/div><\/li><li class=\"ssb_linkedin\" style=\"width:64px\"><script src=\"\/\/platform.linkedin.com\/in.js\" type=\"text\/javascript\">lang: en_US<\/script><script type=\"IN\/Share\" data-url=\"https:\/\/www.caritasne2.org.br\/site\/caritas-ne2-realiza-corrida-em-prol-da-solidariedade\/\" data-counter=\"right\"><\/script><\/li><\/ul>","protected":false},"excerpt":{"rendered":"<p>No dia 16 deste m\u00eas, atletas profissionais e amadores v\u00e3o se juntar, no Recife (PE), para praticar dois h\u00e1bitos saud\u00e1veis:\u00a0esporte e solidariedade. \u00c9 a &#8220;Corrida do Noel&#8221;, coordenada pela C\u00e1ritas Brasileira Regional Nordeste 2 (NE2), que tem como objetivos motivar \u00e0 atividade esportiva e, sobretudo, celebrar as a\u00e7\u00f5es da institui\u00e7\u00e3o, ao longo de 2017, no campo social. Para o coordenador de mobiliza\u00e7\u00e3o de recursos da [&hellip;]<\/p>\n<ul class=\"ssb_list_wrapper\"><li class=\"fb2\" style=\"width:135px\"><iframe src=\"\/\/www.facebook.com\/plugins\/like.php?href=https%3A%2F%2Fwww.caritasne2.org.br%2Fsite%2Fcaritas-ne2-realiza-corrida-em-prol-da-solidariedade%2F&amp;layout=button_count&amp;action=like&amp;show_faces=false&amp;share=true&amp;width=135&amp;height=21&amp;appId=307091639398582\" scrolling=\"no\" frameborder=\"0\" style=\"border:none; overflow:hidden;  width:150px; height:21px;\" allowTransparency=\"true\"><\/iframe><\/li><li class=\"twtr\" style=\"width:90px\"><a href=\"https:\/\/twitter.com\/share\" class=\"twitter-share-button\" data-url=\"https:\/\/www.caritasne2.org.br\/site\/caritas-ne2-realiza-corrida-em-prol-da-solidariedade\/\">&nbsp;<\/a><script>!function(d,s,id){var js,fjs=d.getElementsByTagName(s)[0],p=\/^http:\/.test(d.location)?'http':'https';if(!d.getElementById(id)){js=d.createElement(s);js.id=id;js.src=p+':\/\/platform.twitter.com\/widgets.js';fjs.parentNode.insertBefore(js,fjs);}}(document, 'script', 'twitter-wjs');<\/script><\/li><li class=\"gplus\" style=\"width:68px\"><div class=\"g-plusone\" data-size=\"medium\" data-href=\"https:\/\/www.caritasne2.org.br\/site\/caritas-ne2-realiza-corrida-em-prol-da-solidariedade\/\"><\/div><\/li><li class=\"ssb_linkedin\" style=\"width:64px\"><script src=\"\/\/platform.linkedin.com\/in.js\" type=\"text\/javascript\">lang: en_US<\/script><script type=\"IN\/Share\" data-url=\"https:\/\/www.caritasne2.org.br\/site\/caritas-ne2-realiza-corrida-em-prol-da-solidariedade\/\" data-counter=\"right\"><\/script><\/li><\/ul>","protected":false},"author":4,"featured_media":5373,"comment_status":"open","ping_status":"open","sticky":false,"template":"","format":"standard","meta":[],"categories":[21,20],"tags":[46,837,1173,1172,804,331],"_links":{"self":[{"href":"https:\/\/www.caritasne2.org.br\/site\/wp-json\/wp\/v2\/posts\/5364"}],"collection":[{"href":"https:\/\/www.caritasne2.org.br\/site\/wp-json\/wp\/v2\/posts"}],"about":[{"href":"https:\/\/www.caritasne2.org.br\/site\/wp-json\/wp\/v2\/types\/post"}],"author":[{"embeddable":true,"href":"https:\/\/www.caritasne2.org.br\/site\/wp-json\/wp\/v2\/users\/4"}],"replies":[{"embeddable":true,"href":"https:\/\/www.caritasne2.org.br\/site\/wp-json\/wp\/v2\/comments?post=5364"}],"version-history":[{"count":0,"href":"https:\/\/www.caritasne2.org.br\/site\/wp-json\/wp\/v2\/posts\/5364\/revisions"}],"wp:featuredmedia":[{"embeddable":true,"href":"https:\/\/www.caritasne2.org.br\/site\/wp-json\/wp\/v2\/media\/5373"}],"wp:attachment":[{"href":"https:\/\/www.caritasne2.org.br\/site\/wp-json\/wp\/v2\/media?parent=5364"}],"wp:term":[{"taxonomy":"category","embeddable":true,"href":"https:\/\/www.caritasne2.org.br\/site\/wp-json\/wp\/v2\/categories?post=5364"},{"taxonomy":"post_tag","embeddable":true,"href":"https:\/\/www.caritasne2.org.br\/site\/wp-json\/wp\/v2\/tags?post=5364"}],"curies":[{"name":"wp","href":"https:\/\/api.w.org\/{rel}","templated":true}]}}