{"id":5359,"date":"2017-11-03T20:30:04","date_gmt":"2017-11-03T23:30:04","guid":{"rendered":"http:\/\/www.caritasne2.org.br\/?p=5359"},"modified":"2018-03-19T11:09:33","modified_gmt":"2018-03-19T14:09:33","slug":"caritas-reflete-sobre-o-cuidado-com-o-meio-ambiente-e-aponta-sinais-do-bem-viver","status":"publish","type":"post","link":"https:\/\/www.caritasne2.org.br\/site\/caritas-reflete-sobre-o-cuidado-com-o-meio-ambiente-e-aponta-sinais-do-bem-viver\/","title":{"rendered":"C\u00e1ritas reflete sobre o cuidado com o meio ambiente e aponta sinais do Bem Viver"},"content":{"rendered":"<p>\u201cTemos sinais de constru\u00e7\u00e3o de um novo c\u00e9u e uma nova terra, e eles est\u00e3o sistematizados na express\u00e3o: sociedades do Bem Viver\u201d, defendeu o fil\u00f3sofo, Ivo Poletto, durante a mesa de debate \u201cMudan\u00e7as Clim\u00e1ticas: Desafios Pastorais no Cuidado da Casa Comum\u201d, realizada na sexta-feira (3), em Piranhas (AL).<\/p>\n<p><img decoding=\"async\" loading=\"lazy\" class=\"size-medium wp-image-5361 alignleft\" src=\"http:\/\/www.caritasne2.org.br\/wp-content\/uploads\/2017\/11\/IMG_20171103_171307936-300x225.jpg\" alt=\"\" width=\"300\" height=\"225\" srcset=\"https:\/\/www.caritasne2.org.br\/site\/wp-content\/uploads\/2017\/11\/IMG_20171103_171307936-300x225.jpg 300w, https:\/\/www.caritasne2.org.br\/site\/wp-content\/uploads\/2017\/11\/IMG_20171103_171307936-768x576.jpg 768w, https:\/\/www.caritasne2.org.br\/site\/wp-content\/uploads\/2017\/11\/IMG_20171103_171307936-1024x768.jpg 1024w\" sizes=\"(max-width: 300px) 100vw, 300px\" \/>Para Poletto, \u00e9 preciso avan\u00e7ar e juntar for\u00e7as por meio das pr\u00e1ticas populares do Bem Viver, como a resist\u00eancia dos negros, quilombolas e as economias solid\u00e1rias. \u201cPrecisamos exigir mudan\u00e7as r\u00e1pidas e fazer o caminho que esses povos j\u00e1 veem fazendo, de uma rela\u00e7\u00e3o de coopera\u00e7\u00e3o harm\u00f4nica e respeitosa com a m\u00e3e terra\u201d, ressaltou.<br \/>\nA mesa, que abordou o tema da VIII Assembleia da C\u00e1ritas Brasileira Regional Nordeste 2, realizada entre os dias 03 e 05 deste m\u00eas, em Piranhas (AL), \u00e0s margens do Rio S\u00e3o Francisco, abriu as reflex\u00f5es sobre os impactos da degrada\u00e7\u00e3o do meio ambiente e as consequ\u00eancias no planeta, com um olhar para a realidade dos biomas brasileiros. O debate foi mediado por Itamar de Carvalho, da C\u00e1ritas Diocesana de Pesqueira, e teve a participa\u00e7\u00e3o de Irenaldo Pereira, da A\u00e7\u00e3o Social Diocesana de Patos, e Tamyris Farias, da C\u00e1ritas Diocesana de Palmeira dos \u00cdndios.<\/p>\n<p>Na ocasi\u00e3o, Poletto iniciou o debate e conduziu a reflex\u00e3o, a partir do seguinte questionamento \u00e0 plen\u00e1ria: \u201cO que voc\u00eas fizeram com os jardins que receberam para viver?\u201d A indaga\u00e7\u00e3o \u00e9 feita \u00e0 luz da passagem b\u00edblica que norteou toda Assembleia \u201cE Deus viu tudo o que havia feito, e tudo era muito bom\u201d (Gn 1,31). \u201cUma vez estragado, um jardim interfere em todos os outros, porque h\u00e1 solidariedade entre eles, apesar das caracter\u00edsticas peculiares a cada um\u201d, disse Ivo, se referindo aos biomas.\u00a0Poletto complementou a reflex\u00e3o, dizendo que \u201celes (biomas) se relacionam por meio da troca, ou seja, recebendo e devolvendo. Quando a gente desequilibra a Amaz\u00f4nia, por exemplo, afetamos todo o circuito de \u00e1gua do Brasil\u201d, alertou.<\/p>\n<p>Em Piranhas, cidade alagoana \u00e0s margens do Rio S\u00e3o Francisco, a popula\u00e7\u00e3o j\u00e1 vem sofrendo as consequ\u00eancias ambientais e sociais, devido \u00e0 degrada\u00e7\u00e3o do rio. \u201cSe acabarmos com o bioma Cerrado, que vem sendo desgastado ao longo do tempo, n\u00e3o teremos \u00e1gua no S\u00e3o Francisco\u201d, alertou Poletto para exemplificar a rela\u00e7\u00e3o entre os biomas, \u00e0 gravidade do problema e o estado de fragilidade do \u201cVelho Chico\u201d.<\/p>\n<p><strong>Crise<\/strong><\/p>\n<p>O desafio da crise h\u00eddrica foi trazido \u00e0 mesa de debate pelo mestrando Irenaldo Pereira. De acordo com ele, a crise h\u00eddrica n\u00e3o \u00e9 apenas um desafio para a regi\u00e3o Nordeste, mas uma realidade posta a todo pa\u00eds. \u201cNossos mananciais, sendo na caatinga ou no cerrado, de alguma forma, j\u00e1 est\u00e3o todos amea\u00e7ados\u201d, disse.<\/p>\n<p>Irenaldo fez quest\u00e3o de ressaltar a necessidade de olhar de forma associada para as quest\u00f5es relacionadas \u00e0s mudan\u00e7as clim\u00e1ticas, ao aquecimento global e a crise h\u00eddrica, para que se possa compreender de forma completa algo que tem amea\u00e7ado o planeta. \u201cN\u00e3o podemos tratar essas tr\u00eas dimens\u00f5es de formar fragmentada, sem refletir sobre a complexidade da quest\u00e3o\u201d, enfatizou.\u00a0Na dimens\u00e3o pastoral, Irenaldo aponta \u00e0 Enc\u00edclica Laudato Si como um documento de refer\u00eancia para as discuss\u00f5es relacionadas ao cuidado com o planeta e ressaltou que \u00e9 preciso se apropriar desse documento e coloc\u00e1-lo em pr\u00e1tica nas a\u00e7\u00f5es do cotidiano.<\/p>\n<p><strong>Impactos na produ\u00e7\u00e3o<\/strong><\/p>\n<p>A mestranda do Programa de P\u00f3s-gradua\u00e7\u00e3o em Qu\u00edmica e Biotecnologia da Universidade Federal de Alagoas (UFAL) e que tamb\u00e9m trabalha na \u00e1rea de Economia Popular Solid\u00e1ria na C\u00e1ritas Diocesana de Palmeira dos \u00cdndios, Tamyris Farias, abordou a pesquisa &#8220;Entre o P\u00e3o e o Concreto: os usos do territ\u00f3rio revelando os pilares de uma terra&#8221;, produzida pelo mestrando Thiago Dantas, do Instituto de Geografia e Meio Ambiente (IGDEMA\/UFAL). Na reflex\u00e3o, ela tratou sobre os fluxos da produ\u00e7\u00e3o de alimentos na zona da mata alagoana, em detrimento ao uso do territ\u00f3rio, que tem priorizado a produ\u00e7\u00e3o sucroalcooleira, a expans\u00e3o imobili\u00e1ria e a explora\u00e7\u00e3o de petr\u00f3leo e g\u00e1s na regi\u00e3o. De acordo com Farias, muitos alimentos consumidos na zona da mata v\u00eam do Agreste e Sert\u00e3o, mas tamb\u00e9m de outros estados, a exemplo de Mato Grosso do Sul e Pernambuco, e at\u00e9 de outros pa\u00edses. \u201cEssa pr\u00e1tica eleva os pre\u00e7os dos produtos nas feiras livres\u201d, explicou.<\/p>\n<p>Para ela, \u00e9 preciso instituir pol\u00edticas p\u00fablicas que estimulem a produ\u00e7\u00e3o alimentar e assegurem que a popula\u00e7\u00e3o mais pobre possa consumir alimentos sem ter que pagar mais caro por isso. No contraponto, Farias aponta sinais vis\u00edveis de a\u00e7\u00f5es voltadas \u00e0 pr\u00e1tica do Bem Viver, e que est\u00e3o presentes no Semi\u00e1rido alagoano. \u201cApesar das dificuldades, h\u00e1 um povo que resiste no Semi\u00e1rido. Resiste \u00e0s crises h\u00eddricas e est\u00e1 produzindo alimentos que s\u00e3o consumidos na zona da mata, seja por meio da \u00e1gua das cisternas de placas para produ\u00e7\u00e3o, ou sementes germinadas com o apoio dos bancos comunit\u00e1rios\u201d, lembrou.<\/p>\n<p><em>Kilma Ferreira | Assessoria de Comunica\u00e7\u00e3o\u00a0do Regional NE2<br \/>\nFotos: Lidiane Santos | Assessoria de Comunica\u00e7\u00e3o do Regional NE2<\/em><\/p>\n<ul class=\"ssb_list_wrapper\"><li class=\"fb2\" style=\"width:135px\"><iframe src=\"\/\/www.facebook.com\/plugins\/like.php?href=https%3A%2F%2Fwww.caritasne2.org.br%2Fsite%2Fcaritas-reflete-sobre-o-cuidado-com-o-meio-ambiente-e-aponta-sinais-do-bem-viver%2F&amp;layout=button_count&amp;action=like&amp;show_faces=false&amp;share=true&amp;width=135&amp;height=21&amp;appId=307091639398582\" scrolling=\"no\" frameborder=\"0\" style=\"border:none; overflow:hidden;  width:150px; height:21px;\" allowTransparency=\"true\"><\/iframe><\/li><li class=\"twtr\" style=\"width:90px\"><a href=\"https:\/\/twitter.com\/share\" class=\"twitter-share-button\" data-url=\"https:\/\/www.caritasne2.org.br\/site\/caritas-reflete-sobre-o-cuidado-com-o-meio-ambiente-e-aponta-sinais-do-bem-viver\/\">&nbsp;<\/a><script>!function(d,s,id){var js,fjs=d.getElementsByTagName(s)[0],p=\/^http:\/.test(d.location)?'http':'https';if(!d.getElementById(id)){js=d.createElement(s);js.id=id;js.src=p+':\/\/platform.twitter.com\/widgets.js';fjs.parentNode.insertBefore(js,fjs);}}(document, 'script', 'twitter-wjs');<\/script><\/li><li class=\"gplus\" style=\"width:68px\"><div class=\"g-plusone\" data-size=\"medium\" data-href=\"https:\/\/www.caritasne2.org.br\/site\/caritas-reflete-sobre-o-cuidado-com-o-meio-ambiente-e-aponta-sinais-do-bem-viver\/\"><\/div><\/li><li class=\"ssb_linkedin\" style=\"width:64px\"><script src=\"\/\/platform.linkedin.com\/in.js\" type=\"text\/javascript\">lang: en_US<\/script><script type=\"IN\/Share\" data-url=\"https:\/\/www.caritasne2.org.br\/site\/caritas-reflete-sobre-o-cuidado-com-o-meio-ambiente-e-aponta-sinais-do-bem-viver\/\" data-counter=\"right\"><\/script><\/li><\/ul>","protected":false},"excerpt":{"rendered":"<p>\u201cTemos sinais de constru\u00e7\u00e3o de um novo c\u00e9u e uma nova terra, e eles est\u00e3o sistematizados na express\u00e3o: sociedades do Bem Viver\u201d, defendeu o fil\u00f3sofo, Ivo Poletto, durante a mesa de debate \u201cMudan\u00e7as Clim\u00e1ticas: Desafios Pastorais no Cuidado da Casa Comum\u201d, realizada na sexta-feira (3), em Piranhas (AL). Para Poletto, \u00e9 preciso avan\u00e7ar e juntar for\u00e7as por meio das pr\u00e1ticas populares do Bem Viver, como [&hellip;]<\/p>\n<ul class=\"ssb_list_wrapper\"><li class=\"fb2\" style=\"width:135px\"><iframe src=\"\/\/www.facebook.com\/plugins\/like.php?href=https%3A%2F%2Fwww.caritasne2.org.br%2Fsite%2Fcaritas-reflete-sobre-o-cuidado-com-o-meio-ambiente-e-aponta-sinais-do-bem-viver%2F&amp;layout=button_count&amp;action=like&amp;show_faces=false&amp;share=true&amp;width=135&amp;height=21&amp;appId=307091639398582\" scrolling=\"no\" frameborder=\"0\" style=\"border:none; overflow:hidden;  width:150px; height:21px;\" allowTransparency=\"true\"><\/iframe><\/li><li class=\"twtr\" style=\"width:90px\"><a href=\"https:\/\/twitter.com\/share\" class=\"twitter-share-button\" data-url=\"https:\/\/www.caritasne2.org.br\/site\/caritas-reflete-sobre-o-cuidado-com-o-meio-ambiente-e-aponta-sinais-do-bem-viver\/\">&nbsp;<\/a><script>!function(d,s,id){var js,fjs=d.getElementsByTagName(s)[0],p=\/^http:\/.test(d.location)?'http':'https';if(!d.getElementById(id)){js=d.createElement(s);js.id=id;js.src=p+':\/\/platform.twitter.com\/widgets.js';fjs.parentNode.insertBefore(js,fjs);}}(document, 'script', 'twitter-wjs');<\/script><\/li><li class=\"gplus\" style=\"width:68px\"><div class=\"g-plusone\" data-size=\"medium\" data-href=\"https:\/\/www.caritasne2.org.br\/site\/caritas-reflete-sobre-o-cuidado-com-o-meio-ambiente-e-aponta-sinais-do-bem-viver\/\"><\/div><\/li><li class=\"ssb_linkedin\" style=\"width:64px\"><script src=\"\/\/platform.linkedin.com\/in.js\" type=\"text\/javascript\">lang: en_US<\/script><script type=\"IN\/Share\" data-url=\"https:\/\/www.caritasne2.org.br\/site\/caritas-reflete-sobre-o-cuidado-com-o-meio-ambiente-e-aponta-sinais-do-bem-viver\/\" data-counter=\"right\"><\/script><\/li><\/ul>","protected":false},"author":4,"featured_media":5360,"comment_status":"open","ping_status":"open","sticky":false,"template":"","format":"standard","meta":[],"categories":[21,466],"tags":[70,966,837,84,1171,792,1155,1156],"_links":{"self":[{"href":"https:\/\/www.caritasne2.org.br\/site\/wp-json\/wp\/v2\/posts\/5359"}],"collection":[{"href":"https:\/\/www.caritasne2.org.br\/site\/wp-json\/wp\/v2\/posts"}],"about":[{"href":"https:\/\/www.caritasne2.org.br\/site\/wp-json\/wp\/v2\/types\/post"}],"author":[{"embeddable":true,"href":"https:\/\/www.caritasne2.org.br\/site\/wp-json\/wp\/v2\/users\/4"}],"replies":[{"embeddable":true,"href":"https:\/\/www.caritasne2.org.br\/site\/wp-json\/wp\/v2\/comments?post=5359"}],"version-history":[{"count":0,"href":"https:\/\/www.caritasne2.org.br\/site\/wp-json\/wp\/v2\/posts\/5359\/revisions"}],"wp:featuredmedia":[{"embeddable":true,"href":"https:\/\/www.caritasne2.org.br\/site\/wp-json\/wp\/v2\/media\/5360"}],"wp:attachment":[{"href":"https:\/\/www.caritasne2.org.br\/site\/wp-json\/wp\/v2\/media?parent=5359"}],"wp:term":[{"taxonomy":"category","embeddable":true,"href":"https:\/\/www.caritasne2.org.br\/site\/wp-json\/wp\/v2\/categories?post=5359"},{"taxonomy":"post_tag","embeddable":true,"href":"https:\/\/www.caritasne2.org.br\/site\/wp-json\/wp\/v2\/tags?post=5359"}],"curies":[{"name":"wp","href":"https:\/\/api.w.org\/{rel}","templated":true}]}}