{"id":5347,"date":"2017-11-07T09:00:31","date_gmt":"2017-11-07T12:00:31","guid":{"rendered":"http:\/\/www.caritasne2.org.br\/?p=5347"},"modified":"2017-12-07T15:54:37","modified_gmt":"2017-12-07T18:54:37","slug":"viii-assembleia-da-caritas-ne2-momentos-de-formacao-e-novas-perspectivas","status":"publish","type":"post","link":"https:\/\/www.caritasne2.org.br\/site\/viii-assembleia-da-caritas-ne2-momentos-de-formacao-e-novas-perspectivas\/","title":{"rendered":"VIII Assembleia da C\u00e1ritas NE2: momentos de forma\u00e7\u00e3o e novas perspectivas"},"content":{"rendered":"<p>Foi em Piranhas (AL), localizada \u00e0s margens do Rio S\u00e3o Francisco, o cen\u00e1rio escolhido pela C\u00e1ritas Brasileira Regional Nordeste 2 para inspirar o debate sobre \u201cMudan\u00e7as Clim\u00e1ticas: Desafios Pastorais no Cuidado da Casa Comum\u201d. O tema norteou as discuss\u00f5es da VIII Assembleia Regional, que foi realizada entre os dias 03 e 05 de novembro, no Centro Cultural Miguel Arcanjo.<\/p>\n<p><img decoding=\"async\" loading=\"lazy\" class=\"size-medium wp-image-5350 alignright\" src=\"http:\/\/www.caritasne2.org.br\/wp-content\/uploads\/2017\/11\/IMG_20171103_153505363-300x225.jpg\" alt=\"\" width=\"300\" height=\"225\" srcset=\"https:\/\/www.caritasne2.org.br\/site\/wp-content\/uploads\/2017\/11\/IMG_20171103_153505363-300x225.jpg 300w, https:\/\/www.caritasne2.org.br\/site\/wp-content\/uploads\/2017\/11\/IMG_20171103_153505363-768x576.jpg 768w, https:\/\/www.caritasne2.org.br\/site\/wp-content\/uploads\/2017\/11\/IMG_20171103_153505363-1024x768.jpg 1024w\" sizes=\"(max-width: 300px) 100vw, 300px\" \/>Com o prop\u00f3sito de ser um encontro de car\u00e1teres formativo e eletivo, a Assembleia contou com a participa\u00e7\u00e3o de representantes dos quatros estados que comp\u00f5em o Regional Nordeste 2 da C\u00e1ritas Brasileira. De cada Diocese, participantes trouxeram as expectativas para a realiza\u00e7\u00e3o do evento, assim como a vontade de contribuir com o debate e fortalecer os trabalhos da Rede. Estava presente, tamb\u00e9m, o diretor executivo da C\u00e1ritas Brasileira, Lu\u00edz Cl\u00e1udio Silva.<\/p>\n<p>No \u00e2mbito da forma\u00e7\u00e3o, al\u00e9m das palestras realizadas, a viv\u00eancia que cada agente C\u00e1ritas possui sobre a regi\u00e3o em que est\u00e1 inserido e os relatos compartilhados foram essenciais para a realiza\u00e7\u00e3o de uma boa discuss\u00e3o. Os impactos dos megaprojetos, a exemplo da constru\u00e7\u00e3o de parques e\u00f3licos e do avan\u00e7o da minera\u00e7\u00e3o, al\u00e9m do desequil\u00edbrio ambiental que est\u00e1 ocasionando estiagens prolongadas, aumento da temperatura do planeta, furac\u00f5es e outros tipos de situa\u00e7\u00e3o foram assuntos abordados pelos participantes.<\/p>\n<p><img decoding=\"async\" loading=\"lazy\" class=\"size-medium wp-image-5349 alignleft\" src=\"http:\/\/www.caritasne2.org.br\/wp-content\/uploads\/2017\/11\/bispo-referencial-secret\u00e1rio-e-conselheiros-300x191.jpg\" alt=\"\" width=\"300\" height=\"191\" srcset=\"https:\/\/www.caritasne2.org.br\/site\/wp-content\/uploads\/2017\/11\/bispo-referencial-secret\u00e1rio-e-conselheiros-300x191.jpg 300w, https:\/\/www.caritasne2.org.br\/site\/wp-content\/uploads\/2017\/11\/bispo-referencial-secret\u00e1rio-e-conselheiros-768x489.jpg 768w, https:\/\/www.caritasne2.org.br\/site\/wp-content\/uploads\/2017\/11\/bispo-referencial-secret\u00e1rio-e-conselheiros-1024x652.jpg 1024w, https:\/\/www.caritasne2.org.br\/site\/wp-content\/uploads\/2017\/11\/bispo-referencial-secret\u00e1rio-e-conselheiros.jpg 2048w\" sizes=\"(max-width: 300px) 100vw, 300px\" \/>Outro ponto forte do evento abrangeu a escolha do secret\u00e1rio regional e de um integrante para o Conselho Consultivo Regional. No primeiro caso, Angelo Zanr\u00e9 foi reeleito ao cargo para o pr\u00f3ximo quadri\u00eanio e Ant\u00f4nio Lisboa, da C\u00e1ritas Diocesana de Campina Grande (PB), assumir\u00e1 a fun\u00e7\u00e3o de conselheiro, a partir de janeiro de 2018.<\/p>\n<p>A VIII Assembleia Regional marcou um ciclo de acompanhamento realizado pelo bispo referencial Dom Eraldo Silva, da Diocese de Patos (PB). Recentemente, Dom Paulo Jackson, da Diocese de Garanhuns (PE), foi nomeado pelo Conselho Episcopal Regional da Confer\u00eancia Nacional dos Bispos do Brasil Nordeste 2 para assumir essa fun\u00e7\u00e3o, a partir do pr\u00f3ximo ano.<\/p>\n<p>No final da tarde do s\u00e1bado (04), os participantes do evento\u00a0realizaram um\u00a0momento\u00a0orante \u00e0s margens do rio. Na ocasi\u00e3o, a imagem peregrina de Nossa Senhora Aparecida e a de S\u00e3o Francisco de Assis foram conduzidas por pescadores da regi\u00e3o em barcos. Ao receber os sacramentais, Dom Eraldo proferiu uma b\u00ean\u00e7\u00e3o sobre todos os presentes.<\/p>\n<p><em>Por Lidiane Santos | Assessoria de Comunica\u00e7\u00e3o do Regional NE2<\/em><br \/>\n<em>Fotos: Kilma Ferreira | Assessoria de Comunica\u00e7\u00e3o do Regional NE2<\/em><\/p>\n<ul class=\"ssb_list_wrapper\"><li class=\"fb2\" style=\"width:135px\"><iframe src=\"\/\/www.facebook.com\/plugins\/like.php?href=https%3A%2F%2Fwww.caritasne2.org.br%2Fsite%2Fviii-assembleia-da-caritas-ne2-momentos-de-formacao-e-novas-perspectivas%2F&amp;layout=button_count&amp;action=like&amp;show_faces=false&amp;share=true&amp;width=135&amp;height=21&amp;appId=307091639398582\" scrolling=\"no\" frameborder=\"0\" style=\"border:none; overflow:hidden;  width:150px; height:21px;\" allowTransparency=\"true\"><\/iframe><\/li><li class=\"twtr\" style=\"width:90px\"><a href=\"https:\/\/twitter.com\/share\" class=\"twitter-share-button\" data-url=\"https:\/\/www.caritasne2.org.br\/site\/viii-assembleia-da-caritas-ne2-momentos-de-formacao-e-novas-perspectivas\/\">&nbsp;<\/a><script>!function(d,s,id){var js,fjs=d.getElementsByTagName(s)[0],p=\/^http:\/.test(d.location)?'http':'https';if(!d.getElementById(id)){js=d.createElement(s);js.id=id;js.src=p+':\/\/platform.twitter.com\/widgets.js';fjs.parentNode.insertBefore(js,fjs);}}(document, 'script', 'twitter-wjs');<\/script><\/li><li class=\"gplus\" style=\"width:68px\"><div class=\"g-plusone\" data-size=\"medium\" data-href=\"https:\/\/www.caritasne2.org.br\/site\/viii-assembleia-da-caritas-ne2-momentos-de-formacao-e-novas-perspectivas\/\"><\/div><\/li><li class=\"ssb_linkedin\" style=\"width:64px\"><script src=\"\/\/platform.linkedin.com\/in.js\" type=\"text\/javascript\">lang: en_US<\/script><script type=\"IN\/Share\" data-url=\"https:\/\/www.caritasne2.org.br\/site\/viii-assembleia-da-caritas-ne2-momentos-de-formacao-e-novas-perspectivas\/\" data-counter=\"right\"><\/script><\/li><\/ul>","protected":false},"excerpt":{"rendered":"<p>Foi em Piranhas (AL), localizada \u00e0s margens do Rio S\u00e3o Francisco, o cen\u00e1rio escolhido pela C\u00e1ritas Brasileira Regional Nordeste 2 para inspirar o debate sobre \u201cMudan\u00e7as Clim\u00e1ticas: Desafios Pastorais no Cuidado da Casa Comum\u201d. O tema norteou as discuss\u00f5es da VIII Assembleia Regional, que foi realizada entre os dias 03 e 05 de novembro, no Centro Cultural Miguel Arcanjo. Com o prop\u00f3sito de ser um [&hellip;]<\/p>\n<ul class=\"ssb_list_wrapper\"><li class=\"fb2\" style=\"width:135px\"><iframe src=\"\/\/www.facebook.com\/plugins\/like.php?href=https%3A%2F%2Fwww.caritasne2.org.br%2Fsite%2Fviii-assembleia-da-caritas-ne2-momentos-de-formacao-e-novas-perspectivas%2F&amp;layout=button_count&amp;action=like&amp;show_faces=false&amp;share=true&amp;width=135&amp;height=21&amp;appId=307091639398582\" scrolling=\"no\" frameborder=\"0\" style=\"border:none; overflow:hidden;  width:150px; height:21px;\" allowTransparency=\"true\"><\/iframe><\/li><li class=\"twtr\" style=\"width:90px\"><a href=\"https:\/\/twitter.com\/share\" class=\"twitter-share-button\" data-url=\"https:\/\/www.caritasne2.org.br\/site\/viii-assembleia-da-caritas-ne2-momentos-de-formacao-e-novas-perspectivas\/\">&nbsp;<\/a><script>!function(d,s,id){var js,fjs=d.getElementsByTagName(s)[0],p=\/^http:\/.test(d.location)?'http':'https';if(!d.getElementById(id)){js=d.createElement(s);js.id=id;js.src=p+':\/\/platform.twitter.com\/widgets.js';fjs.parentNode.insertBefore(js,fjs);}}(document, 'script', 'twitter-wjs');<\/script><\/li><li class=\"gplus\" style=\"width:68px\"><div class=\"g-plusone\" data-size=\"medium\" data-href=\"https:\/\/www.caritasne2.org.br\/site\/viii-assembleia-da-caritas-ne2-momentos-de-formacao-e-novas-perspectivas\/\"><\/div><\/li><li class=\"ssb_linkedin\" style=\"width:64px\"><script src=\"\/\/platform.linkedin.com\/in.js\" type=\"text\/javascript\">lang: en_US<\/script><script type=\"IN\/Share\" data-url=\"https:\/\/www.caritasne2.org.br\/site\/viii-assembleia-da-caritas-ne2-momentos-de-formacao-e-novas-perspectivas\/\" data-counter=\"right\"><\/script><\/li><\/ul>","protected":false},"author":4,"featured_media":5348,"comment_status":"open","ping_status":"open","sticky":false,"template":"","format":"standard","meta":[],"categories":[21,466],"tags":[70,837,84,792,1155,1156],"_links":{"self":[{"href":"https:\/\/www.caritasne2.org.br\/site\/wp-json\/wp\/v2\/posts\/5347"}],"collection":[{"href":"https:\/\/www.caritasne2.org.br\/site\/wp-json\/wp\/v2\/posts"}],"about":[{"href":"https:\/\/www.caritasne2.org.br\/site\/wp-json\/wp\/v2\/types\/post"}],"author":[{"embeddable":true,"href":"https:\/\/www.caritasne2.org.br\/site\/wp-json\/wp\/v2\/users\/4"}],"replies":[{"embeddable":true,"href":"https:\/\/www.caritasne2.org.br\/site\/wp-json\/wp\/v2\/comments?post=5347"}],"version-history":[{"count":0,"href":"https:\/\/www.caritasne2.org.br\/site\/wp-json\/wp\/v2\/posts\/5347\/revisions"}],"wp:featuredmedia":[{"embeddable":true,"href":"https:\/\/www.caritasne2.org.br\/site\/wp-json\/wp\/v2\/media\/5348"}],"wp:attachment":[{"href":"https:\/\/www.caritasne2.org.br\/site\/wp-json\/wp\/v2\/media?parent=5347"}],"wp:term":[{"taxonomy":"category","embeddable":true,"href":"https:\/\/www.caritasne2.org.br\/site\/wp-json\/wp\/v2\/categories?post=5347"},{"taxonomy":"post_tag","embeddable":true,"href":"https:\/\/www.caritasne2.org.br\/site\/wp-json\/wp\/v2\/tags?post=5347"}],"curies":[{"name":"wp","href":"https:\/\/api.w.org\/{rel}","templated":true}]}}