{"id":5339,"date":"2017-11-29T18:41:47","date_gmt":"2017-11-29T21:41:47","guid":{"rendered":"http:\/\/www.caritasne2.org.br\/?p=5339"},"modified":"2017-11-29T18:41:47","modified_gmt":"2017-11-29T21:41:47","slug":"novo-bispo-referencial-visita-a-sede-da-caritas-ne2","status":"publish","type":"post","link":"https:\/\/www.caritasne2.org.br\/site\/novo-bispo-referencial-visita-a-sede-da-caritas-ne2\/","title":{"rendered":"Novo bispo referencial visita a sede da C\u00e1ritas NE2"},"content":{"rendered":"<p>Nesta quarta-feira (29), os agentes da C\u00e1ritas Brasileira Regional Nordeste 2 receberam a visita do bispo diocesano de Garanhuns, Dom Paulo Jackson. O encontro foi realizado na sede da institui\u00e7\u00e3o, em Recife (PE), e teve o objetivo de contextualiz\u00e1-lo sobre as a\u00e7\u00f5es realizadas pelo Secretariado, assim como dialogar sobre as novas perspectivas para o Organismo.<\/p>\n<p>Recentemente, Dom Paulo foi nomeado pelo Conselho Episcopal Regional da Confer\u00eancia Nacional dos Bispos do Brasil &#8211; Nordeste 2 para ser o novo referencial da C\u00e1ritas NE2, a partir de janeiro de 2018. Atualmente, quem assume esse papel \u00e9 Dom Eraldo Silva, bispo da Diocese de Patos (PB).<\/p>\n<p><img decoding=\"async\" loading=\"lazy\" class=\"size-medium wp-image-5344 alignleft\" src=\"http:\/\/www.caritasne2.org.br\/wp-content\/uploads\/2017\/11\/IMG_20171129_092841075-300x225.jpg\" alt=\"\" width=\"300\" height=\"225\" srcset=\"https:\/\/www.caritasne2.org.br\/site\/wp-content\/uploads\/2017\/11\/IMG_20171129_092841075-300x225.jpg 300w, https:\/\/www.caritasne2.org.br\/site\/wp-content\/uploads\/2017\/11\/IMG_20171129_092841075-768x576.jpg 768w, https:\/\/www.caritasne2.org.br\/site\/wp-content\/uploads\/2017\/11\/IMG_20171129_092841075-1024x768.jpg 1024w\" sizes=\"(max-width: 300px) 100vw, 300px\" \/>Na ocasi\u00e3o, o novo bispo referencial conduziu um momento de ora\u00e7\u00e3o, a partir do Evangelho do dia (Lc 21, 12-19). Durante a reflex\u00e3o, Dom Paulo ressaltou a import\u00e2ncia da firmeza de prop\u00f3sito que cada crist\u00e3o deve assumir, a fim de dar testemunho da f\u00e9. No di\u00e1logo, ele afirmou que a tarefa da C\u00e1ritas \u00e9 construir vida eterna e orientou aos agentes para que ficassem atentos aos pedidos do Papa Francisco,\u00a0sobretudo no que se refere aos\u00a0cuidados com os pobres.<\/p>\n<p>No \u00e2mbito do acompanhamento, Dom Paulo destacou a import\u00e2ncia de fortalecer a identidade da C\u00e1ritas como um servi\u00e7o eclesial que est\u00e1 em fun\u00e7\u00e3o do Evangelho. Dessa forma, a espiritualidade e a pastoralidade ser\u00e3o trabalhadas com maior \u00eanfase nessa nova gest\u00e3o, conforme ele j\u00e1 havia dito na VIII Assembleia Regional, realizada entre os dias 03 e 05 deste m\u00eas, em Piranhas (AL).<\/p>\n<p>De acordo com Dom Paulo, o papel do bispo referencial \u00e9 trabalhar a espiritualidade. \u201cAl\u00e9m da compet\u00eancia t\u00e9cnica que voc\u00eas possuem, \u00e9 necess\u00e1rio aprofundar, tamb\u00e9m, a capacidade espiritual. \u00c9 importante que todos compreendam que uma a\u00e7\u00e3o feita pela C\u00e1ritas precisa ser um projeto de f\u00e9. Estou aqui para aprender com voc\u00eas, com o Conselho Consultivo Regional e me esfor\u00e7arei para estar presente nos encontros\u201d, afirmou.<\/p>\n<p><em>Por Lidiane Santos | Assessoria de Comunica\u00e7\u00e3o do Regional NE2<br \/>\n<\/em><\/p>\n<ul class=\"ssb_list_wrapper\"><li class=\"fb2\" style=\"width:135px\"><iframe src=\"\/\/www.facebook.com\/plugins\/like.php?href=https%3A%2F%2Fwww.caritasne2.org.br%2Fsite%2Fnovo-bispo-referencial-visita-a-sede-da-caritas-ne2%2F&amp;layout=button_count&amp;action=like&amp;show_faces=false&amp;share=true&amp;width=135&amp;height=21&amp;appId=307091639398582\" scrolling=\"no\" frameborder=\"0\" style=\"border:none; overflow:hidden;  width:150px; height:21px;\" allowTransparency=\"true\"><\/iframe><\/li><li class=\"twtr\" style=\"width:90px\"><a href=\"https:\/\/twitter.com\/share\" class=\"twitter-share-button\" data-url=\"https:\/\/www.caritasne2.org.br\/site\/novo-bispo-referencial-visita-a-sede-da-caritas-ne2\/\">&nbsp;<\/a><script>!function(d,s,id){var js,fjs=d.getElementsByTagName(s)[0],p=\/^http:\/.test(d.location)?'http':'https';if(!d.getElementById(id)){js=d.createElement(s);js.id=id;js.src=p+':\/\/platform.twitter.com\/widgets.js';fjs.parentNode.insertBefore(js,fjs);}}(document, 'script', 'twitter-wjs');<\/script><\/li><li class=\"gplus\" style=\"width:68px\"><div class=\"g-plusone\" data-size=\"medium\" data-href=\"https:\/\/www.caritasne2.org.br\/site\/novo-bispo-referencial-visita-a-sede-da-caritas-ne2\/\"><\/div><\/li><li class=\"ssb_linkedin\" style=\"width:64px\"><script src=\"\/\/platform.linkedin.com\/in.js\" type=\"text\/javascript\">lang: en_US<\/script><script type=\"IN\/Share\" data-url=\"https:\/\/www.caritasne2.org.br\/site\/novo-bispo-referencial-visita-a-sede-da-caritas-ne2\/\" data-counter=\"right\"><\/script><\/li><\/ul>","protected":false},"excerpt":{"rendered":"<p>Nesta quarta-feira (29), os agentes da C\u00e1ritas Brasileira Regional Nordeste 2 receberam a visita do bispo diocesano de Garanhuns, Dom Paulo Jackson. O encontro foi realizado na sede da institui\u00e7\u00e3o, em Recife (PE), e teve o objetivo de contextualiz\u00e1-lo sobre as a\u00e7\u00f5es realizadas pelo Secretariado, assim como dialogar sobre as novas perspectivas para o Organismo. Recentemente, Dom Paulo foi nomeado pelo Conselho Episcopal Regional da [&hellip;]<\/p>\n<ul class=\"ssb_list_wrapper\"><li class=\"fb2\" style=\"width:135px\"><iframe src=\"\/\/www.facebook.com\/plugins\/like.php?href=https%3A%2F%2Fwww.caritasne2.org.br%2Fsite%2Fnovo-bispo-referencial-visita-a-sede-da-caritas-ne2%2F&amp;layout=button_count&amp;action=like&amp;show_faces=false&amp;share=true&amp;width=135&amp;height=21&amp;appId=307091639398582\" scrolling=\"no\" frameborder=\"0\" style=\"border:none; overflow:hidden;  width:150px; height:21px;\" allowTransparency=\"true\"><\/iframe><\/li><li class=\"twtr\" style=\"width:90px\"><a href=\"https:\/\/twitter.com\/share\" class=\"twitter-share-button\" data-url=\"https:\/\/www.caritasne2.org.br\/site\/novo-bispo-referencial-visita-a-sede-da-caritas-ne2\/\">&nbsp;<\/a><script>!function(d,s,id){var js,fjs=d.getElementsByTagName(s)[0],p=\/^http:\/.test(d.location)?'http':'https';if(!d.getElementById(id)){js=d.createElement(s);js.id=id;js.src=p+':\/\/platform.twitter.com\/widgets.js';fjs.parentNode.insertBefore(js,fjs);}}(document, 'script', 'twitter-wjs');<\/script><\/li><li class=\"gplus\" style=\"width:68px\"><div class=\"g-plusone\" data-size=\"medium\" data-href=\"https:\/\/www.caritasne2.org.br\/site\/novo-bispo-referencial-visita-a-sede-da-caritas-ne2\/\"><\/div><\/li><li class=\"ssb_linkedin\" style=\"width:64px\"><script src=\"\/\/platform.linkedin.com\/in.js\" type=\"text\/javascript\">lang: en_US<\/script><script type=\"IN\/Share\" data-url=\"https:\/\/www.caritasne2.org.br\/site\/novo-bispo-referencial-visita-a-sede-da-caritas-ne2\/\" data-counter=\"right\"><\/script><\/li><\/ul>","protected":false},"author":4,"featured_media":5340,"comment_status":"open","ping_status":"open","sticky":false,"template":"","format":"standard","meta":[],"categories":[21,20,462],"tags":[837,84,872],"_links":{"self":[{"href":"https:\/\/www.caritasne2.org.br\/site\/wp-json\/wp\/v2\/posts\/5339"}],"collection":[{"href":"https:\/\/www.caritasne2.org.br\/site\/wp-json\/wp\/v2\/posts"}],"about":[{"href":"https:\/\/www.caritasne2.org.br\/site\/wp-json\/wp\/v2\/types\/post"}],"author":[{"embeddable":true,"href":"https:\/\/www.caritasne2.org.br\/site\/wp-json\/wp\/v2\/users\/4"}],"replies":[{"embeddable":true,"href":"https:\/\/www.caritasne2.org.br\/site\/wp-json\/wp\/v2\/comments?post=5339"}],"version-history":[{"count":0,"href":"https:\/\/www.caritasne2.org.br\/site\/wp-json\/wp\/v2\/posts\/5339\/revisions"}],"wp:featuredmedia":[{"embeddable":true,"href":"https:\/\/www.caritasne2.org.br\/site\/wp-json\/wp\/v2\/media\/5340"}],"wp:attachment":[{"href":"https:\/\/www.caritasne2.org.br\/site\/wp-json\/wp\/v2\/media?parent=5339"}],"wp:term":[{"taxonomy":"category","embeddable":true,"href":"https:\/\/www.caritasne2.org.br\/site\/wp-json\/wp\/v2\/categories?post=5339"},{"taxonomy":"post_tag","embeddable":true,"href":"https:\/\/www.caritasne2.org.br\/site\/wp-json\/wp\/v2\/tags?post=5339"}],"curies":[{"name":"wp","href":"https:\/\/api.w.org\/{rel}","templated":true}]}}