{"id":5313,"date":"2017-11-22T17:00:29","date_gmt":"2017-11-22T20:00:29","guid":{"rendered":"http:\/\/www.caritasne2.org.br\/?p=5313"},"modified":"2017-11-23T17:01:13","modified_gmt":"2017-11-23T20:01:13","slug":"equipe-do-secretariado-organiza-ato-no-dia-da-consciencia-negra","status":"publish","type":"post","link":"https:\/\/www.caritasne2.org.br\/site\/equipe-do-secretariado-organiza-ato-no-dia-da-consciencia-negra\/","title":{"rendered":"Equipe do secretariado organiza ato no Dia da Consci\u00eancia Negra"},"content":{"rendered":"<p>O p\u00e1tio que fica em frente \u00e0 Feira Nova do bairro de \u00c1gua Fria, na Zona Oeste do Recife (PE), foi o espa\u00e7o, na manh\u00e3 da segunda-feira (20), que a equipe do Secretariado Regional e estudantes e gestores das escolas S\u00e3o Francisco de Assis e Pedro Augusto, ambas da regi\u00e3o, escolheram para realizar ato p\u00fablico pelo Dia Nacional da Consci\u00eancia Negra.<img decoding=\"async\" loading=\"lazy\" class=\"size-medium wp-image-5318 alignright\" src=\"http:\/\/www.caritasne2.org.br\/wp-content\/uploads\/2017\/11\/WhatsApp-Image-2017-11-21-at-17.19.47-300x225.jpeg\" alt=\"\" width=\"300\" height=\"225\" srcset=\"https:\/\/www.caritasne2.org.br\/site\/wp-content\/uploads\/2017\/11\/WhatsApp-Image-2017-11-21-at-17.19.47-300x225.jpeg 300w, https:\/\/www.caritasne2.org.br\/site\/wp-content\/uploads\/2017\/11\/WhatsApp-Image-2017-11-21-at-17.19.47-768x576.jpeg 768w, https:\/\/www.caritasne2.org.br\/site\/wp-content\/uploads\/2017\/11\/WhatsApp-Image-2017-11-21-at-17.19.47-1024x768.jpeg 1024w, https:\/\/www.caritasne2.org.br\/site\/wp-content\/uploads\/2017\/11\/WhatsApp-Image-2017-11-21-at-17.19.47.jpeg 1152w\" sizes=\"(max-width: 300px) 100vw, 300px\" \/><\/p>\n<p>Na atividade, os moradores, comerciantes e quem circulava no entorno foram abordados e receberam\u00a0panfletos sobre a tem\u00e1tica em quest\u00e3o. O feirante Ilton Santos salientou que a conscientiza\u00e7\u00e3o \u00e9 muito importante para que os negros sejam reconhecidos e tenham acesso a mais oportunidades. &#8220;Ainda \u00e9 muito dif\u00edcil, por exemplo, entrar no mercado de trabalho por conta da cor. E \u00e9 preciso trabalhar isso na cabe\u00e7a das pessoas para que se tenha mais respeito e menos preconceito&#8221;, disse.<\/p>\n<p>Na mobiliza\u00e7\u00e3o, foram apresentadas m\u00fasicas e recitada poesia, por estudantes, que remetiam \u00e0 cultura afro-brasileira e ao dia celebrado em quest\u00e3o. Para a gestora da escola Pedro Augusto, Ma\u00edsa Cabral, o envolvimento dos educandos da escola no ato d\u00e3o alcance maior aos conhecimentos ensinados na sala de aula. &#8220;Cerca de 70% dos nossos discentes s\u00e3o negros e a pr\u00e1tica do bullying, muitas vezes, surge a partir dessa realidade de preconceito. E nos cabe combater e fazer do ambiente escolar um espa\u00e7o para a transforma\u00e7\u00e3o que deve se estender \u00e0 fam\u00edlia, \u00e0 comunidade. Isso \u00e9 bom para fortalecer as rela\u00e7\u00f5es humanas&#8221;, ressaltou.<\/p>\n<p><img decoding=\"async\" loading=\"lazy\" class=\"wp-image-5317 alignleft\" src=\"http:\/\/www.caritasne2.org.br\/wp-content\/uploads\/2017\/11\/WhatsApp-Image-2017-11-23-at-16.53.36-300x225.jpeg\" alt=\"\" width=\"225\" height=\"169\" srcset=\"https:\/\/www.caritasne2.org.br\/site\/wp-content\/uploads\/2017\/11\/WhatsApp-Image-2017-11-23-at-16.53.36-300x225.jpeg 300w, https:\/\/www.caritasne2.org.br\/site\/wp-content\/uploads\/2017\/11\/WhatsApp-Image-2017-11-23-at-16.53.36-768x576.jpeg 768w, https:\/\/www.caritasne2.org.br\/site\/wp-content\/uploads\/2017\/11\/WhatsApp-Image-2017-11-23-at-16.53.36-1024x768.jpeg 1024w, https:\/\/www.caritasne2.org.br\/site\/wp-content\/uploads\/2017\/11\/WhatsApp-Image-2017-11-23-at-16.53.36.jpeg 1280w\" sizes=\"(max-width: 225px) 100vw, 225px\" \/>O estudante Jeison Ferreira percebeu bastante receptividade do p\u00fablico ao longo da manifesta\u00e7\u00e3o. &#8220;H\u00e1 muito preconceito n\u00e3o s\u00f3 no Brasil, mas no mundo. Precisamos nos juntar e lutar contra isso&#8221;, avaliou.<\/p>\n<p>A a\u00e7\u00e3o est\u00e1 integrada ao projeto Protagonismo Juvenil, desenvolvido pela equipe do Programa Inf\u00e2ncia, Adolesc\u00eancia e Juventudes da C\u00e1ritas Brasileira Regional NE2, com o apoio da C\u00e1ritas Alem\u00e3.<\/p>\n<p><em>Por Wagner Cesario | Assessoria de Comunica\u00e7\u00e3o do Regional NE2<\/em><\/p>\n<p>&nbsp;<\/p>\n<p>&nbsp;<\/p>\n<ul class=\"ssb_list_wrapper\"><li class=\"fb2\" style=\"width:135px\"><iframe src=\"\/\/www.facebook.com\/plugins\/like.php?href=https%3A%2F%2Fwww.caritasne2.org.br%2Fsite%2Fequipe-do-secretariado-organiza-ato-no-dia-da-consciencia-negra%2F&amp;layout=button_count&amp;action=like&amp;show_faces=false&amp;share=true&amp;width=135&amp;height=21&amp;appId=307091639398582\" scrolling=\"no\" frameborder=\"0\" style=\"border:none; overflow:hidden;  width:150px; height:21px;\" allowTransparency=\"true\"><\/iframe><\/li><li class=\"twtr\" style=\"width:90px\"><a href=\"https:\/\/twitter.com\/share\" class=\"twitter-share-button\" data-url=\"https:\/\/www.caritasne2.org.br\/site\/equipe-do-secretariado-organiza-ato-no-dia-da-consciencia-negra\/\">&nbsp;<\/a><script>!function(d,s,id){var js,fjs=d.getElementsByTagName(s)[0],p=\/^http:\/.test(d.location)?'http':'https';if(!d.getElementById(id)){js=d.createElement(s);js.id=id;js.src=p+':\/\/platform.twitter.com\/widgets.js';fjs.parentNode.insertBefore(js,fjs);}}(document, 'script', 'twitter-wjs');<\/script><\/li><li class=\"gplus\" style=\"width:68px\"><div class=\"g-plusone\" data-size=\"medium\" data-href=\"https:\/\/www.caritasne2.org.br\/site\/equipe-do-secretariado-organiza-ato-no-dia-da-consciencia-negra\/\"><\/div><\/li><li class=\"ssb_linkedin\" style=\"width:64px\"><script src=\"\/\/platform.linkedin.com\/in.js\" type=\"text\/javascript\">lang: en_US<\/script><script type=\"IN\/Share\" data-url=\"https:\/\/www.caritasne2.org.br\/site\/equipe-do-secretariado-organiza-ato-no-dia-da-consciencia-negra\/\" data-counter=\"right\"><\/script><\/li><\/ul>","protected":false},"excerpt":{"rendered":"<p>O p\u00e1tio que fica em frente \u00e0 Feira Nova do bairro de \u00c1gua Fria, na Zona Oeste do Recife (PE), foi o espa\u00e7o, na manh\u00e3 da segunda-feira (20), que a equipe do Secretariado Regional e estudantes e gestores das escolas S\u00e3o Francisco de Assis e Pedro Augusto, ambas da regi\u00e3o, escolheram para realizar ato p\u00fablico pelo Dia Nacional da Consci\u00eancia Negra. Na atividade, os moradores, [&hellip;]<\/p>\n<ul class=\"ssb_list_wrapper\"><li class=\"fb2\" style=\"width:135px\"><iframe src=\"\/\/www.facebook.com\/plugins\/like.php?href=https%3A%2F%2Fwww.caritasne2.org.br%2Fsite%2Fequipe-do-secretariado-organiza-ato-no-dia-da-consciencia-negra%2F&amp;layout=button_count&amp;action=like&amp;show_faces=false&amp;share=true&amp;width=135&amp;height=21&amp;appId=307091639398582\" scrolling=\"no\" frameborder=\"0\" style=\"border:none; overflow:hidden;  width:150px; height:21px;\" allowTransparency=\"true\"><\/iframe><\/li><li class=\"twtr\" style=\"width:90px\"><a href=\"https:\/\/twitter.com\/share\" class=\"twitter-share-button\" data-url=\"https:\/\/www.caritasne2.org.br\/site\/equipe-do-secretariado-organiza-ato-no-dia-da-consciencia-negra\/\">&nbsp;<\/a><script>!function(d,s,id){var js,fjs=d.getElementsByTagName(s)[0],p=\/^http:\/.test(d.location)?'http':'https';if(!d.getElementById(id)){js=d.createElement(s);js.id=id;js.src=p+':\/\/platform.twitter.com\/widgets.js';fjs.parentNode.insertBefore(js,fjs);}}(document, 'script', 'twitter-wjs');<\/script><\/li><li class=\"gplus\" style=\"width:68px\"><div class=\"g-plusone\" data-size=\"medium\" data-href=\"https:\/\/www.caritasne2.org.br\/site\/equipe-do-secretariado-organiza-ato-no-dia-da-consciencia-negra\/\"><\/div><\/li><li class=\"ssb_linkedin\" style=\"width:64px\"><script src=\"\/\/platform.linkedin.com\/in.js\" type=\"text\/javascript\">lang: en_US<\/script><script type=\"IN\/Share\" data-url=\"https:\/\/www.caritasne2.org.br\/site\/equipe-do-secretariado-organiza-ato-no-dia-da-consciencia-negra\/\" data-counter=\"right\"><\/script><\/li><\/ul>","protected":false},"author":4,"featured_media":5316,"comment_status":"open","ping_status":"open","sticky":false,"template":"","format":"standard","meta":[],"categories":[21,20],"tags":[919,745,837,630,1168,859,1167],"_links":{"self":[{"href":"https:\/\/www.caritasne2.org.br\/site\/wp-json\/wp\/v2\/posts\/5313"}],"collection":[{"href":"https:\/\/www.caritasne2.org.br\/site\/wp-json\/wp\/v2\/posts"}],"about":[{"href":"https:\/\/www.caritasne2.org.br\/site\/wp-json\/wp\/v2\/types\/post"}],"author":[{"embeddable":true,"href":"https:\/\/www.caritasne2.org.br\/site\/wp-json\/wp\/v2\/users\/4"}],"replies":[{"embeddable":true,"href":"https:\/\/www.caritasne2.org.br\/site\/wp-json\/wp\/v2\/comments?post=5313"}],"version-history":[{"count":0,"href":"https:\/\/www.caritasne2.org.br\/site\/wp-json\/wp\/v2\/posts\/5313\/revisions"}],"wp:featuredmedia":[{"embeddable":true,"href":"https:\/\/www.caritasne2.org.br\/site\/wp-json\/wp\/v2\/media\/5316"}],"wp:attachment":[{"href":"https:\/\/www.caritasne2.org.br\/site\/wp-json\/wp\/v2\/media?parent=5313"}],"wp:term":[{"taxonomy":"category","embeddable":true,"href":"https:\/\/www.caritasne2.org.br\/site\/wp-json\/wp\/v2\/categories?post=5313"},{"taxonomy":"post_tag","embeddable":true,"href":"https:\/\/www.caritasne2.org.br\/site\/wp-json\/wp\/v2\/tags?post=5313"}],"curies":[{"name":"wp","href":"https:\/\/api.w.org\/{rel}","templated":true}]}}