{"id":5302,"date":"2017-11-21T10:17:24","date_gmt":"2017-11-21T13:17:24","guid":{"rendered":"http:\/\/www.caritasne2.org.br\/?p=5302"},"modified":"2017-11-21T10:24:18","modified_gmt":"2017-11-21T13:24:18","slug":"caritas-de-caico-realiza-seminario-sobre-bem-viver","status":"publish","type":"post","link":"https:\/\/www.caritasne2.org.br\/site\/caritas-de-caico-realiza-seminario-sobre-bem-viver\/","title":{"rendered":"C\u00e1ritas de Caic\u00f3 realiza semin\u00e1rio sobre Bem Viver"},"content":{"rendered":"<p>No pr\u00f3ximo fim de semana, a\u00a0C\u00e1ritas Diocesana de Caic\u00f3 (RN) realiza o semin\u00e1rio estadual \u201cConhecer para construir a sociedade do bem viver\u201d, no Centro Pastoral Dom Wagner, localizado no centro da cidade. A iniciativa conta com o apoio do Campus Caic\u00f3 da Universidade do Estado do Rio Grande do Norte (UERN) e do Fundo Nacional de Solidariedade (FNS\/CNBB).<\/p>\n<p>Na programa\u00e7\u00e3o dos dias 24, 25 e 26, est\u00e3o previstas\u00a0mesas discursivas, minicursos, oficinas, e apresenta\u00e7\u00f5es de trabalhos.\u00a0A expectativa \u00e9 reunir alunos e egressos das Institui\u00e7\u00f5es de Ensino Superior de todo o estado, como tamb\u00e9m, agentes do setor social da Prov\u00edncia do Rio Grande do Norte (C\u00e1ritas, SEAPAC, Pastoral da Crian\u00e7a, da Pessoa Idosa, Carcer\u00e1ria e demais Pastorais, Servi\u00e7os e Movimentos Sociais), lideran\u00e7as comunit\u00e1rias, lideran\u00e7as sindicais, agentes p\u00fablicos estaduais e municipais.<\/p>\n<p>Para participar do evento, ainda podem ser feitas as inscri\u00e7\u00f5es no <a href=\"https:\/\/docs.google.com\/forms\/d\/1dwtr8pKUVYNa0W0RsM1kXJVdkGedkR-gQkw8KgYjR8w\/viewform?edit_requested=true\">link<\/a> e outras informa\u00e7\u00f5es podem ser obtidas no site: www.seminariobemviver.blogspot.com.br.<\/p>\n<p><em>Por Wagner Cesario | Assessoria de Comunica\u00e7\u00e3o do Regional NE2, com informa\u00e7\u00f5es da C\u00e1ritas Diocesana de Caic\u00f3<\/em><\/p>\n<ul class=\"ssb_list_wrapper\"><li class=\"fb2\" style=\"width:135px\"><iframe src=\"\/\/www.facebook.com\/plugins\/like.php?href=https%3A%2F%2Fwww.caritasne2.org.br%2Fsite%2Fcaritas-de-caico-realiza-seminario-sobre-bem-viver%2F&amp;layout=button_count&amp;action=like&amp;show_faces=false&amp;share=true&amp;width=135&amp;height=21&amp;appId=307091639398582\" scrolling=\"no\" frameborder=\"0\" style=\"border:none; overflow:hidden;  width:150px; height:21px;\" allowTransparency=\"true\"><\/iframe><\/li><li class=\"twtr\" style=\"width:90px\"><a href=\"https:\/\/twitter.com\/share\" class=\"twitter-share-button\" data-url=\"https:\/\/www.caritasne2.org.br\/site\/caritas-de-caico-realiza-seminario-sobre-bem-viver\/\">&nbsp;<\/a><script>!function(d,s,id){var js,fjs=d.getElementsByTagName(s)[0],p=\/^http:\/.test(d.location)?'http':'https';if(!d.getElementById(id)){js=d.createElement(s);js.id=id;js.src=p+':\/\/platform.twitter.com\/widgets.js';fjs.parentNode.insertBefore(js,fjs);}}(document, 'script', 'twitter-wjs');<\/script><\/li><li class=\"gplus\" style=\"width:68px\"><div class=\"g-plusone\" data-size=\"medium\" data-href=\"https:\/\/www.caritasne2.org.br\/site\/caritas-de-caico-realiza-seminario-sobre-bem-viver\/\"><\/div><\/li><li class=\"ssb_linkedin\" style=\"width:64px\"><script src=\"\/\/platform.linkedin.com\/in.js\" type=\"text\/javascript\">lang: en_US<\/script><script type=\"IN\/Share\" data-url=\"https:\/\/www.caritasne2.org.br\/site\/caritas-de-caico-realiza-seminario-sobre-bem-viver\/\" data-counter=\"right\"><\/script><\/li><\/ul>","protected":false},"excerpt":{"rendered":"<p>No pr\u00f3ximo fim de semana, a\u00a0C\u00e1ritas Diocesana de Caic\u00f3 (RN) realiza o semin\u00e1rio estadual \u201cConhecer para construir a sociedade do bem viver\u201d, no Centro Pastoral Dom Wagner, localizado no centro da cidade. A iniciativa conta com o apoio do Campus Caic\u00f3 da Universidade do Estado do Rio Grande do Norte (UERN) e do Fundo Nacional de Solidariedade (FNS\/CNBB). Na programa\u00e7\u00e3o dos dias 24, 25 e [&hellip;]<\/p>\n<ul class=\"ssb_list_wrapper\"><li class=\"fb2\" style=\"width:135px\"><iframe src=\"\/\/www.facebook.com\/plugins\/like.php?href=https%3A%2F%2Fwww.caritasne2.org.br%2Fsite%2Fcaritas-de-caico-realiza-seminario-sobre-bem-viver%2F&amp;layout=button_count&amp;action=like&amp;show_faces=false&amp;share=true&amp;width=135&amp;height=21&amp;appId=307091639398582\" scrolling=\"no\" frameborder=\"0\" style=\"border:none; overflow:hidden;  width:150px; height:21px;\" allowTransparency=\"true\"><\/iframe><\/li><li class=\"twtr\" style=\"width:90px\"><a href=\"https:\/\/twitter.com\/share\" class=\"twitter-share-button\" data-url=\"https:\/\/www.caritasne2.org.br\/site\/caritas-de-caico-realiza-seminario-sobre-bem-viver\/\">&nbsp;<\/a><script>!function(d,s,id){var js,fjs=d.getElementsByTagName(s)[0],p=\/^http:\/.test(d.location)?'http':'https';if(!d.getElementById(id)){js=d.createElement(s);js.id=id;js.src=p+':\/\/platform.twitter.com\/widgets.js';fjs.parentNode.insertBefore(js,fjs);}}(document, 'script', 'twitter-wjs');<\/script><\/li><li class=\"gplus\" style=\"width:68px\"><div class=\"g-plusone\" data-size=\"medium\" data-href=\"https:\/\/www.caritasne2.org.br\/site\/caritas-de-caico-realiza-seminario-sobre-bem-viver\/\"><\/div><\/li><li class=\"ssb_linkedin\" style=\"width:64px\"><script src=\"\/\/platform.linkedin.com\/in.js\" type=\"text\/javascript\">lang: en_US<\/script><script type=\"IN\/Share\" data-url=\"https:\/\/www.caritasne2.org.br\/site\/caritas-de-caico-realiza-seminario-sobre-bem-viver\/\" data-counter=\"right\"><\/script><\/li><\/ul>","protected":false},"author":4,"featured_media":5306,"comment_status":"open","ping_status":"open","sticky":false,"template":"","format":"standard","meta":[],"categories":[21,20,466],"tags":[1162,966,837,775,638,1164],"_links":{"self":[{"href":"https:\/\/www.caritasne2.org.br\/site\/wp-json\/wp\/v2\/posts\/5302"}],"collection":[{"href":"https:\/\/www.caritasne2.org.br\/site\/wp-json\/wp\/v2\/posts"}],"about":[{"href":"https:\/\/www.caritasne2.org.br\/site\/wp-json\/wp\/v2\/types\/post"}],"author":[{"embeddable":true,"href":"https:\/\/www.caritasne2.org.br\/site\/wp-json\/wp\/v2\/users\/4"}],"replies":[{"embeddable":true,"href":"https:\/\/www.caritasne2.org.br\/site\/wp-json\/wp\/v2\/comments?post=5302"}],"version-history":[{"count":0,"href":"https:\/\/www.caritasne2.org.br\/site\/wp-json\/wp\/v2\/posts\/5302\/revisions"}],"wp:featuredmedia":[{"embeddable":true,"href":"https:\/\/www.caritasne2.org.br\/site\/wp-json\/wp\/v2\/media\/5306"}],"wp:attachment":[{"href":"https:\/\/www.caritasne2.org.br\/site\/wp-json\/wp\/v2\/media?parent=5302"}],"wp:term":[{"taxonomy":"category","embeddable":true,"href":"https:\/\/www.caritasne2.org.br\/site\/wp-json\/wp\/v2\/categories?post=5302"},{"taxonomy":"post_tag","embeddable":true,"href":"https:\/\/www.caritasne2.org.br\/site\/wp-json\/wp\/v2\/tags?post=5302"}],"curies":[{"name":"wp","href":"https:\/\/api.w.org\/{rel}","templated":true}]}}