{"id":5296,"date":"2017-11-16T16:17:45","date_gmt":"2017-11-16T19:17:45","guid":{"rendered":"http:\/\/www.caritasne2.org.br\/?p=5296"},"modified":"2017-11-16T17:07:12","modified_gmt":"2017-11-16T20:07:12","slug":"estudantes-de-recife-e-caruaru-se-unem-em-acao-solidaria-contra-o-trabalho-infantil","status":"publish","type":"post","link":"https:\/\/www.caritasne2.org.br\/site\/estudantes-de-recife-e-caruaru-se-unem-em-acao-solidaria-contra-o-trabalho-infantil\/","title":{"rendered":"Estudantes de Recife e Caruaru se unem em a\u00e7\u00e3o solid\u00e1ria contra o trabalho infantil"},"content":{"rendered":"<p>A primeira experi\u00eancia com o mundo do trabalho \u00e9 algo que marca a vida de todo jovem. Ajudar a transformar a vida de crian\u00e7as tamb\u00e9m. \u00c9 com essa proposta que, na pr\u00f3xima sexta-feira (17), educandos de escolas p\u00fablicas do Recife e de Caruaru (PE) ser\u00e3o integrados, como aprendizes, em empresas locais, com o objetivo de vivenciar um dia de trabalho e destinar o valor arrecadado, com as di\u00e1rias, para a causa da inf\u00e2ncia.<\/p>\n<p>O Dia de Trabalho, como foi intitulado, \u00e9 uma das atividades da Campanha dos Estudantes, realizada pela C\u00e1ritas Brasileira Regional Nordeste 2 em parceria com a C\u00e1ritas Diocesana de Caruaru. A a\u00e7\u00e3o com os jovens celebra a Semana da Solidariedade, que est\u00e1 sendo realizada em todo o Brasil, desde o \u00faltimo domingo (12), por ocasi\u00e3o da funda\u00e7\u00e3o desse organismo, que \u00e9 ligado \u00e0 Confer\u00eancia Nacional dos Bispos do Brasil (CNBB).<\/p>\n<p>A Campanha dos Estudantes foi lan\u00e7ada no dia 11 de agosto, data dedicada aos educandos, e, desde ent\u00e3o, uma comiss\u00e3o formada por agentes C\u00e1ritas visita escolas p\u00fablicas, com o prop\u00f3sito de conscientizar os jovens sobre situa\u00e7\u00f5es de vulnerabilidade social e tamb\u00e9m para convid\u00e1-los ao engajamento, a fim de transformar parte desse contexto por meio de a\u00e7\u00f5es solid\u00e1rias.<\/p>\n<p>Dentre tantos desafios que envolvem a tem\u00e1tica da inf\u00e2ncia, adolesc\u00eancia e juventudes, o assunto que norteou o processo formativo nas escolas foi o trabalho infantil. Segundo dados divulgados pelo Instituto Brasileiro de Geografia e Estat\u00edstica (IBGE), o pa\u00eds vem registrando, desde 2013, um crescimento no n\u00famero de crian\u00e7as que sofrem esse tipo de explora\u00e7\u00e3o.<\/p>\n<p>Todo o valor arrecadado com a Campanha dos Estudantes ser\u00e1 destinado para a execu\u00e7\u00e3o de um projeto, em fase de elabora\u00e7\u00e3o, com crian\u00e7as e adolescentes da comunidade Jos\u00e9 Carlos de Oliveira, localizada no munic\u00edpio de Caruaru.<\/p>\n<p>De acordo com o coordenador da Campanha dos Estudantes, C\u00e9lio Meira, a a\u00e7\u00e3o visa proporcionar experi\u00eancias aos jovens em diferentes tem\u00e1ticas, por meio de a\u00e7\u00f5es educativas e de inicia\u00e7\u00e3o profissional. Entretanto, a transforma\u00e7\u00e3o social \u00e9 o grande foco da a\u00e7\u00e3o. \u201cO fato de promover discuss\u00f5es nas escolas e inserir os jovens no mundo do trabalho, por si s\u00f3, \u00e9 gratificante, mas mudar a realidade social de pessoas que se encontram em situa\u00e7\u00e3o de vulnerabilidade n\u00e3o tem pre\u00e7o\u201d, explicou.<\/p>\n<p><em>Por Lidiane Santos | Assessoria de Comunica\u00e7\u00e3o do Regional Nordeste 2<\/em><\/p>\n<p>&nbsp;<\/p>\n<ul class=\"ssb_list_wrapper\"><li class=\"fb2\" style=\"width:135px\"><iframe src=\"\/\/www.facebook.com\/plugins\/like.php?href=https%3A%2F%2Fwww.caritasne2.org.br%2Fsite%2Festudantes-de-recife-e-caruaru-se-unem-em-acao-solidaria-contra-o-trabalho-infantil%2F&amp;layout=button_count&amp;action=like&amp;show_faces=false&amp;share=true&amp;width=135&amp;height=21&amp;appId=307091639398582\" scrolling=\"no\" frameborder=\"0\" style=\"border:none; overflow:hidden;  width:150px; height:21px;\" allowTransparency=\"true\"><\/iframe><\/li><li class=\"twtr\" style=\"width:90px\"><a href=\"https:\/\/twitter.com\/share\" class=\"twitter-share-button\" data-url=\"https:\/\/www.caritasne2.org.br\/site\/estudantes-de-recife-e-caruaru-se-unem-em-acao-solidaria-contra-o-trabalho-infantil\/\">&nbsp;<\/a><script>!function(d,s,id){var js,fjs=d.getElementsByTagName(s)[0],p=\/^http:\/.test(d.location)?'http':'https';if(!d.getElementById(id)){js=d.createElement(s);js.id=id;js.src=p+':\/\/platform.twitter.com\/widgets.js';fjs.parentNode.insertBefore(js,fjs);}}(document, 'script', 'twitter-wjs');<\/script><\/li><li class=\"gplus\" style=\"width:68px\"><div class=\"g-plusone\" data-size=\"medium\" data-href=\"https:\/\/www.caritasne2.org.br\/site\/estudantes-de-recife-e-caruaru-se-unem-em-acao-solidaria-contra-o-trabalho-infantil\/\"><\/div><\/li><li class=\"ssb_linkedin\" style=\"width:64px\"><script src=\"\/\/platform.linkedin.com\/in.js\" type=\"text\/javascript\">lang: en_US<\/script><script type=\"IN\/Share\" data-url=\"https:\/\/www.caritasne2.org.br\/site\/estudantes-de-recife-e-caruaru-se-unem-em-acao-solidaria-contra-o-trabalho-infantil\/\" data-counter=\"right\"><\/script><\/li><\/ul>","protected":false},"excerpt":{"rendered":"<p>A primeira experi\u00eancia com o mundo do trabalho \u00e9 algo que marca a vida de todo jovem. Ajudar a transformar a vida de crian\u00e7as tamb\u00e9m. \u00c9 com essa proposta que, na pr\u00f3xima sexta-feira (17), educandos de escolas p\u00fablicas do Recife e de Caruaru (PE) ser\u00e3o integrados, como aprendizes, em empresas locais, com o objetivo de vivenciar um dia de trabalho e destinar o valor arrecadado, [&hellip;]<\/p>\n<ul class=\"ssb_list_wrapper\"><li class=\"fb2\" style=\"width:135px\"><iframe src=\"\/\/www.facebook.com\/plugins\/like.php?href=https%3A%2F%2Fwww.caritasne2.org.br%2Fsite%2Festudantes-de-recife-e-caruaru-se-unem-em-acao-solidaria-contra-o-trabalho-infantil%2F&amp;layout=button_count&amp;action=like&amp;show_faces=false&amp;share=true&amp;width=135&amp;height=21&amp;appId=307091639398582\" scrolling=\"no\" frameborder=\"0\" style=\"border:none; overflow:hidden;  width:150px; height:21px;\" allowTransparency=\"true\"><\/iframe><\/li><li class=\"twtr\" style=\"width:90px\"><a href=\"https:\/\/twitter.com\/share\" class=\"twitter-share-button\" data-url=\"https:\/\/www.caritasne2.org.br\/site\/estudantes-de-recife-e-caruaru-se-unem-em-acao-solidaria-contra-o-trabalho-infantil\/\">&nbsp;<\/a><script>!function(d,s,id){var js,fjs=d.getElementsByTagName(s)[0],p=\/^http:\/.test(d.location)?'http':'https';if(!d.getElementById(id)){js=d.createElement(s);js.id=id;js.src=p+':\/\/platform.twitter.com\/widgets.js';fjs.parentNode.insertBefore(js,fjs);}}(document, 'script', 'twitter-wjs');<\/script><\/li><li class=\"gplus\" style=\"width:68px\"><div class=\"g-plusone\" data-size=\"medium\" data-href=\"https:\/\/www.caritasne2.org.br\/site\/estudantes-de-recife-e-caruaru-se-unem-em-acao-solidaria-contra-o-trabalho-infantil\/\"><\/div><\/li><li class=\"ssb_linkedin\" style=\"width:64px\"><script src=\"\/\/platform.linkedin.com\/in.js\" type=\"text\/javascript\">lang: en_US<\/script><script type=\"IN\/Share\" data-url=\"https:\/\/www.caritasne2.org.br\/site\/estudantes-de-recife-e-caruaru-se-unem-em-acao-solidaria-contra-o-trabalho-infantil\/\" data-counter=\"right\"><\/script><\/li><\/ul>","protected":false},"author":4,"featured_media":5297,"comment_status":"open","ping_status":"open","sticky":false,"template":"","format":"standard","meta":[],"categories":[21,20],"tags":[1109,84,1130,1038,315],"_links":{"self":[{"href":"https:\/\/www.caritasne2.org.br\/site\/wp-json\/wp\/v2\/posts\/5296"}],"collection":[{"href":"https:\/\/www.caritasne2.org.br\/site\/wp-json\/wp\/v2\/posts"}],"about":[{"href":"https:\/\/www.caritasne2.org.br\/site\/wp-json\/wp\/v2\/types\/post"}],"author":[{"embeddable":true,"href":"https:\/\/www.caritasne2.org.br\/site\/wp-json\/wp\/v2\/users\/4"}],"replies":[{"embeddable":true,"href":"https:\/\/www.caritasne2.org.br\/site\/wp-json\/wp\/v2\/comments?post=5296"}],"version-history":[{"count":0,"href":"https:\/\/www.caritasne2.org.br\/site\/wp-json\/wp\/v2\/posts\/5296\/revisions"}],"wp:featuredmedia":[{"embeddable":true,"href":"https:\/\/www.caritasne2.org.br\/site\/wp-json\/wp\/v2\/media\/5297"}],"wp:attachment":[{"href":"https:\/\/www.caritasne2.org.br\/site\/wp-json\/wp\/v2\/media?parent=5296"}],"wp:term":[{"taxonomy":"category","embeddable":true,"href":"https:\/\/www.caritasne2.org.br\/site\/wp-json\/wp\/v2\/categories?post=5296"},{"taxonomy":"post_tag","embeddable":true,"href":"https:\/\/www.caritasne2.org.br\/site\/wp-json\/wp\/v2\/tags?post=5296"}],"curies":[{"name":"wp","href":"https:\/\/api.w.org\/{rel}","templated":true}]}}