{"id":5292,"date":"2017-11-04T20:30:53","date_gmt":"2017-11-04T23:30:53","guid":{"rendered":"http:\/\/www.caritasne2.org.br\/?p=5292"},"modified":"2017-11-30T16:11:26","modified_gmt":"2017-11-30T19:11:26","slug":"angelo-zanre-e-reeleito-secretario-da-caritas-ne2","status":"publish","type":"post","link":"https:\/\/www.caritasne2.org.br\/site\/angelo-zanre-e-reeleito-secretario-da-caritas-ne2\/","title":{"rendered":"Angelo Zanr\u00e9 \u00e9 reeleito secret\u00e1rio da C\u00e1ritas NE2"},"content":{"rendered":"<p>A pauta da VIII Assembleia Regional da C\u00e1ritas Nordeste 2, realizada nos dias 03, 04 e 05 de novembro, em Piranhas (AL), tamb\u00e9m envolvia as escolhas para\u00a0vagas de secret\u00e1rio regional e membro titular do Conselho Consultivo. O atual executivo, Angelo Zanr\u00e9, foi reconduzido ao cargo para o pr\u00f3ximo quadri\u00eanio e, juntamente com ele, foi escolhido o di\u00e1cono Ant\u00f4nio Lisboa, da C\u00e1ritas Diocesana de Campina Grande (PB), na condi\u00e7\u00e3o de conselheiro titular.<\/p>\n<p>Todo o processo\u00a0foi realizado, no s\u00e1bado (04) \u00e0 tarde, pela coordena\u00e7\u00e3o do evento, que apresentou os candidatos e orientou a din\u00e2mica eleitoral, a apura\u00e7\u00e3o dos votos e a homologa\u00e7\u00e3o dos resultados.\u00a0Para secret\u00e1rio regional, o \u00fanico candidato foi Angelo Zanr\u00e9, que est\u00e1 a frente dos trabalhos da institui\u00e7\u00e3o, no mesmo cargo, desde 2014. J\u00e1, para a vaga titular do Conselho Consultivo Regional, apresentou-se o di\u00e1cono Ant\u00f4nio Lisboa.<\/p>\n<p>De forma separada e secreta, Angelo Zanr\u00e9 foi reconduzido ao cargo por 19 votos a favor e 03 votos em branco. J\u00e1, para conselheiro titular, 15 delegados escolheram o nome do di\u00e1cono Ant\u00f4nio Lisboa e outros 07 decidiram se abster.<\/p>\n<p><img decoding=\"async\" loading=\"lazy\" class=\"size-medium wp-image-5355 alignright\" src=\"http:\/\/www.caritasne2.org.br\/wp-content\/uploads\/2017\/11\/IMG_20171104_153842980-225x300.jpg\" alt=\"\" width=\"225\" height=\"300\" srcset=\"https:\/\/www.caritasne2.org.br\/site\/wp-content\/uploads\/2017\/11\/IMG_20171104_153842980-225x300.jpg 225w, https:\/\/www.caritasne2.org.br\/site\/wp-content\/uploads\/2017\/11\/IMG_20171104_153842980-768x1024.jpg 768w\" sizes=\"(max-width: 225px) 100vw, 225px\" \/>Para Zanr\u00e9, a sua reelei\u00e7\u00e3o\u00a0o desafia a se esfor\u00e7ar cada vez mais a cumprir a miss\u00e3o da C\u00e1ritas Brasileira no territ\u00f3rio. &#8220;\u00c9 importante dizer que, entre as prioridades do Secretariado, est\u00e3o o apoio no sentido de fortalecer as organiza\u00e7\u00f5es membros nas suas a\u00e7\u00f5es, sustentabilidade e autonomia; consolidar ainda mais o esp\u00edrito e sentimento de perten\u00e7a \u00e0 Rede; articular a cria\u00e7\u00e3o das C\u00e1ritas nas dioceses de Afogados da Ingazeira, Petrolina e Salgueiro; e ampliar o di\u00e1logo com o clero e com as coordena\u00e7\u00f5es das pastorais sociais e Comunidades Eclesiais de Base (Cebs)&#8221;, destacou.<\/p>\n<p>A coordena\u00e7\u00e3o eleitoral foi formada pelo diretor executivo da C\u00e1ritas Brasileira, Luiz Cl\u00e1udio Lopes da Silva Mandela, pelo bispo referencial da C\u00e1ritas NE2, Dom Eraldo Bispo da Silva, pelos conselheiros Kilza Gomes e Jos\u00e9 Matias Irm\u00e3o e pela representante dos delegados Ne\u00edlda Pereira.<\/p>\n<p><strong>Antes do pleito<\/strong><\/p>\n<p>No processo de prepara\u00e7\u00e3o da VIII Assembleia, a comiss\u00e3o respons\u00e1vel promoveu escutas nos quatro Estados do Regional NE2. Entre outros aspectos levantados nesse processo, foram sugeridos pelas organiza\u00e7\u00f5es membros, para o cargo de secret\u00e1rio regional, Angelo Zanr\u00e9 e Ne\u00edlda Pereira. Ap\u00f3s consulta aos nomes propostos, apenas o primeiro aceitou ser candidato.<\/p>\n<p>No caso da vaga de conselheiro titular, em fun\u00e7\u00e3o do t\u00e9rmino\u00a0do mandato de 04 anos de Pedro Acioly, foi apresentado, pela C\u00e1ritas Diocesana de Campina Grande, o candidato di\u00e1cono Ant\u00f4nio Lisboa, como resposta ao\u00a0of\u00edcio enviado \u00e0s organiza\u00e7\u00f5es membros solicitando indica\u00e7\u00f5es \u00e0 fun\u00e7\u00e3o.<\/p>\n<p><strong>Aprova\u00e7\u00e3o de Balan\u00e7o<\/strong><\/p>\n<p><img decoding=\"async\" loading=\"lazy\" class=\"size-medium wp-image-5356 alignleft\" src=\"http:\/\/www.caritasne2.org.br\/wp-content\/uploads\/2017\/11\/IMG_20171104_135135343-300x225.jpg\" alt=\"\" width=\"300\" height=\"225\" srcset=\"https:\/\/www.caritasne2.org.br\/site\/wp-content\/uploads\/2017\/11\/IMG_20171104_135135343-300x225.jpg 300w, https:\/\/www.caritasne2.org.br\/site\/wp-content\/uploads\/2017\/11\/IMG_20171104_135135343-768x576.jpg 768w, https:\/\/www.caritasne2.org.br\/site\/wp-content\/uploads\/2017\/11\/IMG_20171104_135135343-1024x768.jpg 1024w\" sizes=\"(max-width: 300px) 100vw, 300px\" \/>Antes da vota\u00e7\u00e3o, foram apresentados o Balan\u00e7o da C\u00e1ritas Brasileira de 2016 e a presta\u00e7\u00e3o de contas dos \u00faltimos quatro anos do Regional NE2. Em rela\u00e7\u00e3o ao primeiro documento, h\u00e1, desde 2015, a orienta\u00e7\u00e3o nacional da institui\u00e7\u00e3o para\u00a0a an\u00e1lise\u00a0sob a forma de assembleias descentralizadas. Nesse caso, a partir dos esclarecimentos dados pelo diretor executivo da C\u00e1ritas Brasileira Luiz Cl\u00e1udio e pelo coordenador financeiro do Regional NE2, Alexandro Oliveira, mediante perguntas dos participantes, foi ratificado o parecer do Conselho Fiscal que aprovava as contas.<\/p>\n<p>Tamb\u00e9m, por sugest\u00e3o dos delegados, os conselheiros Kilza Gomes e Jos\u00e9 Matias Irm\u00e3o falaram um pouco sobre a gest\u00e3o do quadri\u00eanio 2014-2017, abordando as iniciativas desenvolvidas para o aperfei\u00e7oamento dos trabalhos dos projetos, como a elabora\u00e7\u00e3o do Marco Referencial Estrat\u00e9gico do Regional e o fortalecimento do ciclo do PMAS na Rede.<\/p>\n<p><em>Por Wagner Cesario | Assessoria de Comunica\u00e7\u00e3o do Regional NE2<br \/>\nFotos: Kilma Ferreira e Lidiane Santos | Assessoria de Comunica\u00e7\u00e3o do Regional NE2<\/em><\/p>\n<ul class=\"ssb_list_wrapper\"><li class=\"fb2\" style=\"width:135px\"><iframe src=\"\/\/www.facebook.com\/plugins\/like.php?href=https%3A%2F%2Fwww.caritasne2.org.br%2Fsite%2Fangelo-zanre-e-reeleito-secretario-da-caritas-ne2%2F&amp;layout=button_count&amp;action=like&amp;show_faces=false&amp;share=true&amp;width=135&amp;height=21&amp;appId=307091639398582\" scrolling=\"no\" frameborder=\"0\" style=\"border:none; overflow:hidden;  width:150px; height:21px;\" allowTransparency=\"true\"><\/iframe><\/li><li class=\"twtr\" style=\"width:90px\"><a href=\"https:\/\/twitter.com\/share\" class=\"twitter-share-button\" data-url=\"https:\/\/www.caritasne2.org.br\/site\/angelo-zanre-e-reeleito-secretario-da-caritas-ne2\/\">&nbsp;<\/a><script>!function(d,s,id){var js,fjs=d.getElementsByTagName(s)[0],p=\/^http:\/.test(d.location)?'http':'https';if(!d.getElementById(id)){js=d.createElement(s);js.id=id;js.src=p+':\/\/platform.twitter.com\/widgets.js';fjs.parentNode.insertBefore(js,fjs);}}(document, 'script', 'twitter-wjs');<\/script><\/li><li class=\"gplus\" style=\"width:68px\"><div class=\"g-plusone\" data-size=\"medium\" data-href=\"https:\/\/www.caritasne2.org.br\/site\/angelo-zanre-e-reeleito-secretario-da-caritas-ne2\/\"><\/div><\/li><li class=\"ssb_linkedin\" style=\"width:64px\"><script src=\"\/\/platform.linkedin.com\/in.js\" type=\"text\/javascript\">lang: en_US<\/script><script type=\"IN\/Share\" data-url=\"https:\/\/www.caritasne2.org.br\/site\/angelo-zanre-e-reeleito-secretario-da-caritas-ne2\/\" data-counter=\"right\"><\/script><\/li><\/ul>","protected":false},"excerpt":{"rendered":"<p>A pauta da VIII Assembleia Regional da C\u00e1ritas Nordeste 2, realizada nos dias 03, 04 e 05 de novembro, em Piranhas (AL), tamb\u00e9m envolvia as escolhas para\u00a0vagas de secret\u00e1rio regional e membro titular do Conselho Consultivo. O atual executivo, Angelo Zanr\u00e9, foi reconduzido ao cargo para o pr\u00f3ximo quadri\u00eanio e, juntamente com ele, foi escolhido o di\u00e1cono Ant\u00f4nio Lisboa, da C\u00e1ritas Diocesana de Campina Grande [&hellip;]<\/p>\n<ul class=\"ssb_list_wrapper\"><li class=\"fb2\" style=\"width:135px\"><iframe src=\"\/\/www.facebook.com\/plugins\/like.php?href=https%3A%2F%2Fwww.caritasne2.org.br%2Fsite%2Fangelo-zanre-e-reeleito-secretario-da-caritas-ne2%2F&amp;layout=button_count&amp;action=like&amp;show_faces=false&amp;share=true&amp;width=135&amp;height=21&amp;appId=307091639398582\" scrolling=\"no\" frameborder=\"0\" style=\"border:none; overflow:hidden;  width:150px; height:21px;\" allowTransparency=\"true\"><\/iframe><\/li><li class=\"twtr\" style=\"width:90px\"><a href=\"https:\/\/twitter.com\/share\" class=\"twitter-share-button\" data-url=\"https:\/\/www.caritasne2.org.br\/site\/angelo-zanre-e-reeleito-secretario-da-caritas-ne2\/\">&nbsp;<\/a><script>!function(d,s,id){var js,fjs=d.getElementsByTagName(s)[0],p=\/^http:\/.test(d.location)?'http':'https';if(!d.getElementById(id)){js=d.createElement(s);js.id=id;js.src=p+':\/\/platform.twitter.com\/widgets.js';fjs.parentNode.insertBefore(js,fjs);}}(document, 'script', 'twitter-wjs');<\/script><\/li><li class=\"gplus\" style=\"width:68px\"><div class=\"g-plusone\" data-size=\"medium\" data-href=\"https:\/\/www.caritasne2.org.br\/site\/angelo-zanre-e-reeleito-secretario-da-caritas-ne2\/\"><\/div><\/li><li class=\"ssb_linkedin\" style=\"width:64px\"><script src=\"\/\/platform.linkedin.com\/in.js\" type=\"text\/javascript\">lang: en_US<\/script><script type=\"IN\/Share\" data-url=\"https:\/\/www.caritasne2.org.br\/site\/angelo-zanre-e-reeleito-secretario-da-caritas-ne2\/\" data-counter=\"right\"><\/script><\/li><\/ul>","protected":false},"author":4,"featured_media":5349,"comment_status":"open","ping_status":"open","sticky":false,"template":"","format":"standard","meta":[],"categories":[21,20],"tags":[46,837,1124,1161,593,792],"_links":{"self":[{"href":"https:\/\/www.caritasne2.org.br\/site\/wp-json\/wp\/v2\/posts\/5292"}],"collection":[{"href":"https:\/\/www.caritasne2.org.br\/site\/wp-json\/wp\/v2\/posts"}],"about":[{"href":"https:\/\/www.caritasne2.org.br\/site\/wp-json\/wp\/v2\/types\/post"}],"author":[{"embeddable":true,"href":"https:\/\/www.caritasne2.org.br\/site\/wp-json\/wp\/v2\/users\/4"}],"replies":[{"embeddable":true,"href":"https:\/\/www.caritasne2.org.br\/site\/wp-json\/wp\/v2\/comments?post=5292"}],"version-history":[{"count":0,"href":"https:\/\/www.caritasne2.org.br\/site\/wp-json\/wp\/v2\/posts\/5292\/revisions"}],"wp:featuredmedia":[{"embeddable":true,"href":"https:\/\/www.caritasne2.org.br\/site\/wp-json\/wp\/v2\/media\/5349"}],"wp:attachment":[{"href":"https:\/\/www.caritasne2.org.br\/site\/wp-json\/wp\/v2\/media?parent=5292"}],"wp:term":[{"taxonomy":"category","embeddable":true,"href":"https:\/\/www.caritasne2.org.br\/site\/wp-json\/wp\/v2\/categories?post=5292"},{"taxonomy":"post_tag","embeddable":true,"href":"https:\/\/www.caritasne2.org.br\/site\/wp-json\/wp\/v2\/tags?post=5292"}],"curies":[{"name":"wp","href":"https:\/\/api.w.org\/{rel}","templated":true}]}}