{"id":5288,"date":"2017-11-03T15:00:25","date_gmt":"2017-11-03T18:00:25","guid":{"rendered":"http:\/\/www.caritasne2.org.br\/?p=5288"},"modified":"2017-11-30T16:01:57","modified_gmt":"2017-11-30T19:01:57","slug":"rio-sao-francisco-e-pastoralidade-sao-destaques-na-abertura-da-assembleia","status":"publish","type":"post","link":"https:\/\/www.caritasne2.org.br\/site\/rio-sao-francisco-e-pastoralidade-sao-destaques-na-abertura-da-assembleia\/","title":{"rendered":"Rio S\u00e3o Francisco e Pastoralidade s\u00e3o destaques na abertura da Assembleia"},"content":{"rendered":"<p>Os delegados, participantes e convidados da VIII Assembleia da C\u00e1ritas Brasileira Regional Nordeste 2, ap\u00f3s o momento de ora\u00e7\u00e3o inicial, tiveram a oportunidade de ouvir as palavras de acolhida e sauda\u00e7\u00e3o dos dirigentes da institui\u00e7\u00e3o, nos \u00e2mbitos nacional e regional, e da prefeita de Piranhas (AL), Maristela Sena Dias.<\/p>\n<p><img decoding=\"async\" loading=\"lazy\" class=\"size-medium wp-image-5352 alignleft\" src=\"http:\/\/www.caritasne2.org.br\/wp-content\/uploads\/2017\/11\/IMG_20171103_151316379-300x225.jpg\" alt=\"\" width=\"300\" height=\"225\" srcset=\"https:\/\/www.caritasne2.org.br\/site\/wp-content\/uploads\/2017\/11\/IMG_20171103_151316379-300x225.jpg 300w, https:\/\/www.caritasne2.org.br\/site\/wp-content\/uploads\/2017\/11\/IMG_20171103_151316379-768x576.jpg 768w, https:\/\/www.caritasne2.org.br\/site\/wp-content\/uploads\/2017\/11\/IMG_20171103_151316379-1024x768.jpg 1024w\" sizes=\"(max-width: 300px) 100vw, 300px\" \/>Estavam, al\u00e9m da prefeita na mesa, o diretor executivo da C\u00e1ritas Brasileira, Luiz Cl\u00e1udio Lopes da Silva Mandela, da presidente do Conselho Consultivo Regional, Kilza Gomes, do bispo diocesano de Patos e referencial da C\u00e1ritas NE2, Dom Eraldo da Silva, e do secret\u00e1rio regional, Angelo Zanr\u00e9.<\/p>\n<p>Nas falas, o destaque foi a escolha do local para a realiza\u00e7\u00e3o do evento. Mandela, por exemplo, disse que o Rio S\u00e3o Francisco, que banha a cidade-sede do evento, j\u00e1 foi e \u00e9 uma das realidades naturais que a C\u00e1ritas Brasileira tem defendido.<\/p>\n<p>A prefeita, por sua vez, reconheceu a import\u00e2ncia do debate formativo da Assembleia\u00a0em torno das mudan\u00e7as clim\u00e1ticas e os desafios no cuidado da Casa Comum. &#8220;Sentimo-nos prestigiados ao acolher em nossa cidade esse evento que vem tratar da preserva\u00e7\u00e3o do Rio S\u00e3o Francisco que \u00e9 muito importante para a vida na nossa regi\u00e3o&#8221;, salientou.<\/p>\n<p>Al\u00e9m desse aspecto relacionado ao rio, Dom Eraldo enfatizou a miss\u00e3o da C\u00e1ritas Brasileira. Para o bispo, \u00e9 necess\u00e1rio esfor\u00e7os ainda maiores, como organismo pastoral da Igreja, na constru\u00e7\u00e3o de uma sociedade mais justa e humana. Nesse mesmo sentido, o secret\u00e1rio regional, Angelo Zanr\u00e9, falou sobre a necessidade de ampliar horizontes diante dos desafios que surgem a cada dia.<\/p>\n<p>Ap\u00f3s a fala dos componentes da mesa, a presidente do Conselho Consultivo, Kilza Gomes, conforme prev\u00ea o regimento, abriu formalmente os trabalhos, apresentando a pauta que envolvia as partes formativa e eletiva. Nesse \u00faltimo caso, o processo previa a escolha, para o quadri\u00eanio 2018-2021, do secret\u00e1rio regional e de um membro titular do Conselho Consultivo Regional.<\/p>\n<p><em>Por Wagner Cesario |<\/em>\u00a0<em>Assessoria de Comunica\u00e7\u00e3o do Regional NE2<br \/>\nFotos: Lidiane Santos | Assessoria de Comunica\u00e7\u00e3o do Regional NE2<\/em><\/p>\n<ul class=\"ssb_list_wrapper\"><li class=\"fb2\" style=\"width:135px\"><iframe src=\"\/\/www.facebook.com\/plugins\/like.php?href=https%3A%2F%2Fwww.caritasne2.org.br%2Fsite%2Frio-sao-francisco-e-pastoralidade-sao-destaques-na-abertura-da-assembleia%2F&amp;layout=button_count&amp;action=like&amp;show_faces=false&amp;share=true&amp;width=135&amp;height=21&amp;appId=307091639398582\" scrolling=\"no\" frameborder=\"0\" style=\"border:none; overflow:hidden;  width:150px; height:21px;\" allowTransparency=\"true\"><\/iframe><\/li><li class=\"twtr\" style=\"width:90px\"><a href=\"https:\/\/twitter.com\/share\" class=\"twitter-share-button\" data-url=\"https:\/\/www.caritasne2.org.br\/site\/rio-sao-francisco-e-pastoralidade-sao-destaques-na-abertura-da-assembleia\/\">&nbsp;<\/a><script>!function(d,s,id){var js,fjs=d.getElementsByTagName(s)[0],p=\/^http:\/.test(d.location)?'http':'https';if(!d.getElementById(id)){js=d.createElement(s);js.id=id;js.src=p+':\/\/platform.twitter.com\/widgets.js';fjs.parentNode.insertBefore(js,fjs);}}(document, 'script', 'twitter-wjs');<\/script><\/li><li class=\"gplus\" style=\"width:68px\"><div class=\"g-plusone\" data-size=\"medium\" data-href=\"https:\/\/www.caritasne2.org.br\/site\/rio-sao-francisco-e-pastoralidade-sao-destaques-na-abertura-da-assembleia\/\"><\/div><\/li><li class=\"ssb_linkedin\" style=\"width:64px\"><script src=\"\/\/platform.linkedin.com\/in.js\" type=\"text\/javascript\">lang: en_US<\/script><script type=\"IN\/Share\" data-url=\"https:\/\/www.caritasne2.org.br\/site\/rio-sao-francisco-e-pastoralidade-sao-destaques-na-abertura-da-assembleia\/\" data-counter=\"right\"><\/script><\/li><\/ul>","protected":false},"excerpt":{"rendered":"<p>Os delegados, participantes e convidados da VIII Assembleia da C\u00e1ritas Brasileira Regional Nordeste 2, ap\u00f3s o momento de ora\u00e7\u00e3o inicial, tiveram a oportunidade de ouvir as palavras de acolhida e sauda\u00e7\u00e3o dos dirigentes da institui\u00e7\u00e3o, nos \u00e2mbitos nacional e regional, e da prefeita de Piranhas (AL), Maristela Sena Dias. Estavam, al\u00e9m da prefeita na mesa, o diretor executivo da C\u00e1ritas Brasileira, Luiz Cl\u00e1udio Lopes da [&hellip;]<\/p>\n<ul class=\"ssb_list_wrapper\"><li class=\"fb2\" style=\"width:135px\"><iframe src=\"\/\/www.facebook.com\/plugins\/like.php?href=https%3A%2F%2Fwww.caritasne2.org.br%2Fsite%2Frio-sao-francisco-e-pastoralidade-sao-destaques-na-abertura-da-assembleia%2F&amp;layout=button_count&amp;action=like&amp;show_faces=false&amp;share=true&amp;width=135&amp;height=21&amp;appId=307091639398582\" scrolling=\"no\" frameborder=\"0\" style=\"border:none; overflow:hidden;  width:150px; height:21px;\" allowTransparency=\"true\"><\/iframe><\/li><li class=\"twtr\" style=\"width:90px\"><a href=\"https:\/\/twitter.com\/share\" class=\"twitter-share-button\" data-url=\"https:\/\/www.caritasne2.org.br\/site\/rio-sao-francisco-e-pastoralidade-sao-destaques-na-abertura-da-assembleia\/\">&nbsp;<\/a><script>!function(d,s,id){var js,fjs=d.getElementsByTagName(s)[0],p=\/^http:\/.test(d.location)?'http':'https';if(!d.getElementById(id)){js=d.createElement(s);js.id=id;js.src=p+':\/\/platform.twitter.com\/widgets.js';fjs.parentNode.insertBefore(js,fjs);}}(document, 'script', 'twitter-wjs');<\/script><\/li><li class=\"gplus\" style=\"width:68px\"><div class=\"g-plusone\" data-size=\"medium\" data-href=\"https:\/\/www.caritasne2.org.br\/site\/rio-sao-francisco-e-pastoralidade-sao-destaques-na-abertura-da-assembleia\/\"><\/div><\/li><li class=\"ssb_linkedin\" style=\"width:64px\"><script src=\"\/\/platform.linkedin.com\/in.js\" type=\"text\/javascript\">lang: en_US<\/script><script type=\"IN\/Share\" data-url=\"https:\/\/www.caritasne2.org.br\/site\/rio-sao-francisco-e-pastoralidade-sao-destaques-na-abertura-da-assembleia\/\" data-counter=\"right\"><\/script><\/li><\/ul>","protected":false},"author":4,"featured_media":5353,"comment_status":"open","ping_status":"open","sticky":false,"template":"","format":"standard","meta":[],"categories":[21,20,466],"tags":[1124,792],"_links":{"self":[{"href":"https:\/\/www.caritasne2.org.br\/site\/wp-json\/wp\/v2\/posts\/5288"}],"collection":[{"href":"https:\/\/www.caritasne2.org.br\/site\/wp-json\/wp\/v2\/posts"}],"about":[{"href":"https:\/\/www.caritasne2.org.br\/site\/wp-json\/wp\/v2\/types\/post"}],"author":[{"embeddable":true,"href":"https:\/\/www.caritasne2.org.br\/site\/wp-json\/wp\/v2\/users\/4"}],"replies":[{"embeddable":true,"href":"https:\/\/www.caritasne2.org.br\/site\/wp-json\/wp\/v2\/comments?post=5288"}],"version-history":[{"count":0,"href":"https:\/\/www.caritasne2.org.br\/site\/wp-json\/wp\/v2\/posts\/5288\/revisions"}],"wp:featuredmedia":[{"embeddable":true,"href":"https:\/\/www.caritasne2.org.br\/site\/wp-json\/wp\/v2\/media\/5353"}],"wp:attachment":[{"href":"https:\/\/www.caritasne2.org.br\/site\/wp-json\/wp\/v2\/media?parent=5288"}],"wp:term":[{"taxonomy":"category","embeddable":true,"href":"https:\/\/www.caritasne2.org.br\/site\/wp-json\/wp\/v2\/categories?post=5288"},{"taxonomy":"post_tag","embeddable":true,"href":"https:\/\/www.caritasne2.org.br\/site\/wp-json\/wp\/v2\/tags?post=5288"}],"curies":[{"name":"wp","href":"https:\/\/api.w.org\/{rel}","templated":true}]}}