{"id":5284,"date":"2017-11-10T09:03:13","date_gmt":"2017-11-10T12:03:13","guid":{"rendered":"http:\/\/www.caritasne2.org.br\/?p=5284"},"modified":"2017-11-14T10:41:52","modified_gmt":"2017-11-14T13:41:52","slug":"papa-francisco-pede-obras-concretas-e-nao-apenas-palavras","status":"publish","type":"post","link":"https:\/\/www.caritasne2.org.br\/site\/papa-francisco-pede-obras-concretas-e-nao-apenas-palavras\/","title":{"rendered":"Papa Francisco pede obras concretas e n\u00e3o apenas palavras"},"content":{"rendered":"<p>A Igreja realiza de 12 a 19 de novembro, a Jornada Mundial dos Pobres, com o tema: \u201cN\u00e3o amemos com palavras, mas com obras\u201d. Trata-se, segundo mensagem do papa Francisco, publicada dia 17 de junho deste ano, de um convite dirigido a todos, independente de sua cren\u00e7a religiosa, para que se abram \u00e0 partilha com os pobres em todas as formas de solidariedade, como sinal concreto de fraternidade.<\/p>\n<p>Segundo o santo padre, o amor n\u00e3o admite \u00e1libes. \u201cQuem pretende amar como Jesus amou, deve assumir o seu exemplo, sobretudo quando somos chamados a amar os pobres\u201d, diz trecho do texto. Institu\u00eddo pelo chefe da Igreja Cat\u00f3lica na conclus\u00e3o do Ano Santo Extraordin\u00e1rio da Miseric\u00f3rdia, o primeiro Dia Mundial dos Pobres ser\u00e1 celebrado pela Igreja em todo mundo no pr\u00f3ximo dia 19 de novembro, 33\u00ba domingo do Tempo Comum.<\/p>\n<p>No Brasil, a anima\u00e7\u00e3o e coordena\u00e7\u00e3o das atividades foi delegada \u00e0 C\u00e1ritas Brasileira, um dos organismos da Confer\u00eancia Nacional dos Bispos do Brasil (CNBB), por sua experi\u00eancia na realiza\u00e7\u00e3o Semana da Solidariedade. Para o bispo de Aracaju (SE), presidente da C\u00e1ritas Brasileira, dom Jo\u00e3o Jos\u00e9 Costa, as respostas sobre que fazer s\u00f3 vir\u00e3o se a Igreja e os crist\u00e3os se colocarem de forma pr\u00f3xima aos empobrecidos e sentir a sua dor. \u201cA proximidade faz com que o Esp\u00edrito Santo desperte em cada um de n\u00f3s a criatividade para que possamos ter iniciativas concretas para transformar a realidade\u201d, disse.<\/p>\n<p>De acordo com estudo divulgado em fevereiro pelo Banco Mundial, o n\u00famero de pessoas vivendo na pobreza no Brasil dever\u00e1 aumentar entre 2,5 milh\u00f5es e 3,6 milh\u00f5es at\u00e9 o fim de 2017. Segundo o documento, a atual crise econ\u00f4mica representa uma s\u00e9ria amea\u00e7a aos avan\u00e7os na redu\u00e7\u00e3o da pobreza e da desigualdade. O Banco Mundial tamb\u00e9m atribuiu a a\u00e7\u00f5es sociais protetivas como o Bolsa Fam\u00edlia, um papel fundamental para evitar que mais brasileiros entrem na linha da mis\u00e9ria. A pesquisa aponta ainda que o aumento da pobreza vai se dar principalmente em \u00e1reas urbanas, e menos em \u00e1reas rurais, isso porque nas \u00e1reas rurais essas taxas j\u00e1 s\u00e3o mais elevadas.<\/p>\n<p><strong>Objetivo e material da Jornada<\/strong>\u00a0\u2013 O diretor-executivo da C\u00e1ritas Brasileira, Luiz Claudio Mandela, lembra que a Jornada Mundial dos Pobres, em comunh\u00e3o com a Semana da Solidariedade, quer acima de tudo chamar aten\u00e7\u00e3o de forma organizada, reflexiva e tamb\u00e9m em ora\u00e7\u00e3o para a grande condi\u00e7\u00e3o de vulnerabilidade e desigualdade por que passa grande parte da popula\u00e7\u00e3o do mundo e do Brasil.<\/p>\n<p>A C\u00e1ritas Brasileira preparou o cartaz e o subs\u00eddio com sugest\u00f5es de a\u00e7\u00f5es para esta semana. A proposta, segundo o diretor-executivo da C\u00e1ritas, \u00e9 que as comunidades, igrejas, escolas e toda sociedade realizem, por meio do que prop\u00f5em a cartilha, as \u201cRuas Solid\u00e1rias\u201d e \u201cRodas de Conversa\u201d cujo objetivo \u00e9 proporcionar espa\u00e7os, momentos e din\u00e2micas para que as pessoas, em suas mais v\u00e1rias localidades, possam refletir e olhar, em forma de ora\u00e7\u00e3o, sobre esta realidade.<\/p>\n<p>O presidente da C\u00e1ritas Brasileira convida cada um a dar a sua contribui\u00e7\u00e3o. \u201cSe vamos mudar o mundo n\u00e3o sei, mas o importante \u00e9 cada um fazer a sua parte\u201d, disse. O bispo lembrou de madre Tereza de Calcut\u00e1 que n\u00e3o desanimava quando se tratava de realizar obras em favor dos pobres. A religiosa, declarada santa pelo papa Francisco em 04\/09\/2016, dizia que somos uma gota d\u2019\u00e1gua no oceano, mas que este seria menor sem aquela.\u00a0\u201cQue durante esta semana possamos fixar o nosso olhar nesta realidade que desafia todo nosso mundo para que se transforme na casa do Bem Viver, onde todas as pessoas sejam reconhecidas e acolhidas em sua dignidade\u201d, concluiu dom Jo\u00e3o Jos\u00e9.<\/p>\n<p>Acompanhe e compartilhe as a\u00e7\u00f5es nas redes sociais da C\u00e1ritas Brasileira durante a Jornada Mundial dos Pobres \u2013 Semana da Solidariedade entre os dias 12 e 19 de Novembro.<\/p>\n<p>Baixe a mensagem do papa Francisco aqui:\u00a0https:\/\/<a href=\"https:\/\/w2.vatican.va\/content\/francesco\/pt\/messages\/poveri\/documents\/papa-francesco_20170613_messaggio-i-giornatamondiale-poveri-2017.html\">w2.vatican.va<\/a><\/p>\n<p>Baixe a Cartilha preparada pela C\u00e1ritas aqui:http:\/\/<a href=\"http:\/\/caritas.org.br\/wp-content\/uploads\/2017\/11\/Cartilha-Jornada-Mundial-dos-Pobres-PDF.pdf\">caritas.org.br<\/a><\/p>\n<p>Baixe o cartaz da Jornada aqui:http:\/\/<a href=\"http:\/\/caritas.org.br\/wp-content\/uploads\/2017\/11\/CARTAZ-IMPRESS%C3%83O-PDF.pdf\">caritas.org.br<\/a><\/p>\n<p><em>Com informa\u00e7\u00f5es das assessorias da Confer\u00eancia Nacional dos Bispos do Brasil\u00a0e C\u00e1ritas Brasileira<\/em><\/p>\n<ul class=\"ssb_list_wrapper\"><li class=\"fb2\" style=\"width:135px\"><iframe src=\"\/\/www.facebook.com\/plugins\/like.php?href=https%3A%2F%2Fwww.caritasne2.org.br%2Fsite%2Fpapa-francisco-pede-obras-concretas-e-nao-apenas-palavras%2F&amp;layout=button_count&amp;action=like&amp;show_faces=false&amp;share=true&amp;width=135&amp;height=21&amp;appId=307091639398582\" scrolling=\"no\" frameborder=\"0\" style=\"border:none; overflow:hidden;  width:150px; height:21px;\" allowTransparency=\"true\"><\/iframe><\/li><li class=\"twtr\" style=\"width:90px\"><a href=\"https:\/\/twitter.com\/share\" class=\"twitter-share-button\" data-url=\"https:\/\/www.caritasne2.org.br\/site\/papa-francisco-pede-obras-concretas-e-nao-apenas-palavras\/\">&nbsp;<\/a><script>!function(d,s,id){var js,fjs=d.getElementsByTagName(s)[0],p=\/^http:\/.test(d.location)?'http':'https';if(!d.getElementById(id)){js=d.createElement(s);js.id=id;js.src=p+':\/\/platform.twitter.com\/widgets.js';fjs.parentNode.insertBefore(js,fjs);}}(document, 'script', 'twitter-wjs');<\/script><\/li><li class=\"gplus\" style=\"width:68px\"><div class=\"g-plusone\" data-size=\"medium\" data-href=\"https:\/\/www.caritasne2.org.br\/site\/papa-francisco-pede-obras-concretas-e-nao-apenas-palavras\/\"><\/div><\/li><li class=\"ssb_linkedin\" style=\"width:64px\"><script src=\"\/\/platform.linkedin.com\/in.js\" type=\"text\/javascript\">lang: en_US<\/script><script type=\"IN\/Share\" data-url=\"https:\/\/www.caritasne2.org.br\/site\/papa-francisco-pede-obras-concretas-e-nao-apenas-palavras\/\" data-counter=\"right\"><\/script><\/li><\/ul>","protected":false},"excerpt":{"rendered":"<p>A Igreja realiza de 12 a 19 de novembro, a Jornada Mundial dos Pobres, com o tema: \u201cN\u00e3o amemos com palavras, mas com obras\u201d. Trata-se, segundo mensagem do papa Francisco, publicada dia 17 de junho deste ano, de um convite dirigido a todos, independente de sua cren\u00e7a religiosa, para que se abram \u00e0 partilha com os pobres em todas as formas de solidariedade, como sinal [&hellip;]<\/p>\n<ul class=\"ssb_list_wrapper\"><li class=\"fb2\" style=\"width:135px\"><iframe src=\"\/\/www.facebook.com\/plugins\/like.php?href=https%3A%2F%2Fwww.caritasne2.org.br%2Fsite%2Fpapa-francisco-pede-obras-concretas-e-nao-apenas-palavras%2F&amp;layout=button_count&amp;action=like&amp;show_faces=false&amp;share=true&amp;width=135&amp;height=21&amp;appId=307091639398582\" scrolling=\"no\" frameborder=\"0\" style=\"border:none; overflow:hidden;  width:150px; height:21px;\" allowTransparency=\"true\"><\/iframe><\/li><li class=\"twtr\" style=\"width:90px\"><a href=\"https:\/\/twitter.com\/share\" class=\"twitter-share-button\" data-url=\"https:\/\/www.caritasne2.org.br\/site\/papa-francisco-pede-obras-concretas-e-nao-apenas-palavras\/\">&nbsp;<\/a><script>!function(d,s,id){var js,fjs=d.getElementsByTagName(s)[0],p=\/^http:\/.test(d.location)?'http':'https';if(!d.getElementById(id)){js=d.createElement(s);js.id=id;js.src=p+':\/\/platform.twitter.com\/widgets.js';fjs.parentNode.insertBefore(js,fjs);}}(document, 'script', 'twitter-wjs');<\/script><\/li><li class=\"gplus\" style=\"width:68px\"><div class=\"g-plusone\" data-size=\"medium\" data-href=\"https:\/\/www.caritasne2.org.br\/site\/papa-francisco-pede-obras-concretas-e-nao-apenas-palavras\/\"><\/div><\/li><li class=\"ssb_linkedin\" style=\"width:64px\"><script src=\"\/\/platform.linkedin.com\/in.js\" type=\"text\/javascript\">lang: en_US<\/script><script type=\"IN\/Share\" data-url=\"https:\/\/www.caritasne2.org.br\/site\/papa-francisco-pede-obras-concretas-e-nao-apenas-palavras\/\" data-counter=\"right\"><\/script><\/li><\/ul>","protected":false},"author":4,"featured_media":5285,"comment_status":"open","ping_status":"open","sticky":false,"template":"","format":"standard","meta":[],"categories":[21,20,321],"tags":[46,1157,539,1127,1158,315],"_links":{"self":[{"href":"https:\/\/www.caritasne2.org.br\/site\/wp-json\/wp\/v2\/posts\/5284"}],"collection":[{"href":"https:\/\/www.caritasne2.org.br\/site\/wp-json\/wp\/v2\/posts"}],"about":[{"href":"https:\/\/www.caritasne2.org.br\/site\/wp-json\/wp\/v2\/types\/post"}],"author":[{"embeddable":true,"href":"https:\/\/www.caritasne2.org.br\/site\/wp-json\/wp\/v2\/users\/4"}],"replies":[{"embeddable":true,"href":"https:\/\/www.caritasne2.org.br\/site\/wp-json\/wp\/v2\/comments?post=5284"}],"version-history":[{"count":0,"href":"https:\/\/www.caritasne2.org.br\/site\/wp-json\/wp\/v2\/posts\/5284\/revisions"}],"wp:featuredmedia":[{"embeddable":true,"href":"https:\/\/www.caritasne2.org.br\/site\/wp-json\/wp\/v2\/media\/5285"}],"wp:attachment":[{"href":"https:\/\/www.caritasne2.org.br\/site\/wp-json\/wp\/v2\/media?parent=5284"}],"wp:term":[{"taxonomy":"category","embeddable":true,"href":"https:\/\/www.caritasne2.org.br\/site\/wp-json\/wp\/v2\/categories?post=5284"},{"taxonomy":"post_tag","embeddable":true,"href":"https:\/\/www.caritasne2.org.br\/site\/wp-json\/wp\/v2\/tags?post=5284"}],"curies":[{"name":"wp","href":"https:\/\/api.w.org\/{rel}","templated":true}]}}