{"id":5275,"date":"2017-11-01T15:56:36","date_gmt":"2017-11-01T18:56:36","guid":{"rendered":"http:\/\/www.caritasne2.org.br\/?p=5275"},"modified":"2017-11-01T15:59:25","modified_gmt":"2017-11-01T18:59:25","slug":"caritas-ne2-realiza-a-viii-assembleia-regional-em-piranhas-al","status":"publish","type":"post","link":"https:\/\/www.caritasne2.org.br\/site\/caritas-ne2-realiza-a-viii-assembleia-regional-em-piranhas-al\/","title":{"rendered":"C\u00e1ritas NE2 realiza a VIII Assembleia Regional em Piranhas (AL)"},"content":{"rendered":"<p>Entre os dias 03 e 05 de novembro, a cidade de Piranhas, no Sert\u00e3o de Alagoas, recebe a Rede C\u00e1ritas Nordeste 2, composta por 18 organiza\u00e7\u00f5es membros, para a realiza\u00e7\u00e3o da VIII Assembleia Regional. O evento, que tem dimens\u00f5es formativa e eletiva, ocorrer\u00e1 no Centro Cultural Miguel Arcanjo, localizado no Centro Hist\u00f3rico da cidade.<\/p>\n<p>Provocados pela necessidade de refletir as constantes transforma\u00e7\u00f5es da natureza e em comunh\u00e3o com a abordagem da Campanha da Fraternidade deste ano, o tema escolhido para nortear o car\u00e1ter formativo, nesta edi\u00e7\u00e3o, foi \u201cMudan\u00e7as Clim\u00e1ticas: Desafios Pastorais no Cuidado da Casa Comum\u201d e como lema \u201cE Deus viu tudo o que havia feito, e tudo era muito bom\u201d (Gn 1,31).<\/p>\n<p>Uma mesa de abertura marcar\u00e1 o in\u00edcio da Assembleia, que contar\u00e1 com a participa\u00e7\u00e3o da presidenta do Conselho Consultivo, Kilza Gomes; do diretor executivo nacional, Luiz Cl\u00e1udio Lopes Silva; do bispo diocesano, Dom Dulc\u00eanio Matos; do bispo referencial, Dom Eraldo Silva; do presidente da C\u00e1ritas Brasileira, Dom Jo\u00e3o Costa; e da prefeita da cidade, Maristela Dias.<\/p>\n<p>Para contribuir com o debate entre os agentes C\u00e1ritas, foram convidados, tamb\u00e9m, o fil\u00f3sofo Ivo Poletto, do F\u00f3rum de Mudan\u00e7as Clim\u00e1ticas e Justi\u00e7a Social; o cientista social Roberto Malvezzi, da Comiss\u00e3o Pastoral da Terra (CPT); e a professora Carolina dos Anjos, da Universidade Federal do Paran\u00e1 (UFPR). Do ponto de vista eletivo, haver\u00e1 a escolha do secret\u00e1rio regional e de um\/a dos\/as ocupantes do Conselho Consultivo Regional para o pr\u00f3ximo quadri\u00eanio.<\/p>\n<p>De acordo com Zanr\u00e9, a realiza\u00e7\u00e3o da VIII Assembleia Regional pretende refor\u00e7ar tr\u00eas aspectos: o primeiro diz respeito ao fortalecimento da Rede C\u00e1ritas Nordeste 2, no sentido de despertar um maior engajamento; o segundo, por sua vez, trata da perspectiva da forma\u00e7\u00e3o, no que se refere ao empoderamento da tem\u00e1tica por parte dos agentes C\u00e1ritas; e, finalmente, na reafirma\u00e7\u00e3o das estrat\u00e9gias de gest\u00e3o orientadas pela C\u00e1ritas Brasileira.<\/p>\n<p><em>Lidiane Santos | Assessoria de Comunica\u00e7\u00e3o do Regional NE2.<\/em><\/p>\n<ul class=\"ssb_list_wrapper\"><li class=\"fb2\" style=\"width:135px\"><iframe src=\"\/\/www.facebook.com\/plugins\/like.php?href=https%3A%2F%2Fwww.caritasne2.org.br%2Fsite%2Fcaritas-ne2-realiza-a-viii-assembleia-regional-em-piranhas-al%2F&amp;layout=button_count&amp;action=like&amp;show_faces=false&amp;share=true&amp;width=135&amp;height=21&amp;appId=307091639398582\" scrolling=\"no\" frameborder=\"0\" style=\"border:none; overflow:hidden;  width:150px; height:21px;\" allowTransparency=\"true\"><\/iframe><\/li><li class=\"twtr\" style=\"width:90px\"><a href=\"https:\/\/twitter.com\/share\" class=\"twitter-share-button\" data-url=\"https:\/\/www.caritasne2.org.br\/site\/caritas-ne2-realiza-a-viii-assembleia-regional-em-piranhas-al\/\">&nbsp;<\/a><script>!function(d,s,id){var js,fjs=d.getElementsByTagName(s)[0],p=\/^http:\/.test(d.location)?'http':'https';if(!d.getElementById(id)){js=d.createElement(s);js.id=id;js.src=p+':\/\/platform.twitter.com\/widgets.js';fjs.parentNode.insertBefore(js,fjs);}}(document, 'script', 'twitter-wjs');<\/script><\/li><li class=\"gplus\" style=\"width:68px\"><div class=\"g-plusone\" data-size=\"medium\" data-href=\"https:\/\/www.caritasne2.org.br\/site\/caritas-ne2-realiza-a-viii-assembleia-regional-em-piranhas-al\/\"><\/div><\/li><li class=\"ssb_linkedin\" style=\"width:64px\"><script src=\"\/\/platform.linkedin.com\/in.js\" type=\"text\/javascript\">lang: en_US<\/script><script type=\"IN\/Share\" data-url=\"https:\/\/www.caritasne2.org.br\/site\/caritas-ne2-realiza-a-viii-assembleia-regional-em-piranhas-al\/\" data-counter=\"right\"><\/script><\/li><\/ul>","protected":false},"excerpt":{"rendered":"<p>Entre os dias 03 e 05 de novembro, a cidade de Piranhas, no Sert\u00e3o de Alagoas, recebe a Rede C\u00e1ritas Nordeste 2, composta por 18 organiza\u00e7\u00f5es membros, para a realiza\u00e7\u00e3o da VIII Assembleia Regional. O evento, que tem dimens\u00f5es formativa e eletiva, ocorrer\u00e1 no Centro Cultural Miguel Arcanjo, localizado no Centro Hist\u00f3rico da cidade. Provocados pela necessidade de refletir as constantes transforma\u00e7\u00f5es da natureza e [&hellip;]<\/p>\n<ul class=\"ssb_list_wrapper\"><li class=\"fb2\" style=\"width:135px\"><iframe src=\"\/\/www.facebook.com\/plugins\/like.php?href=https%3A%2F%2Fwww.caritasne2.org.br%2Fsite%2Fcaritas-ne2-realiza-a-viii-assembleia-regional-em-piranhas-al%2F&amp;layout=button_count&amp;action=like&amp;show_faces=false&amp;share=true&amp;width=135&amp;height=21&amp;appId=307091639398582\" scrolling=\"no\" frameborder=\"0\" style=\"border:none; overflow:hidden;  width:150px; height:21px;\" allowTransparency=\"true\"><\/iframe><\/li><li class=\"twtr\" style=\"width:90px\"><a href=\"https:\/\/twitter.com\/share\" class=\"twitter-share-button\" data-url=\"https:\/\/www.caritasne2.org.br\/site\/caritas-ne2-realiza-a-viii-assembleia-regional-em-piranhas-al\/\">&nbsp;<\/a><script>!function(d,s,id){var js,fjs=d.getElementsByTagName(s)[0],p=\/^http:\/.test(d.location)?'http':'https';if(!d.getElementById(id)){js=d.createElement(s);js.id=id;js.src=p+':\/\/platform.twitter.com\/widgets.js';fjs.parentNode.insertBefore(js,fjs);}}(document, 'script', 'twitter-wjs');<\/script><\/li><li class=\"gplus\" style=\"width:68px\"><div class=\"g-plusone\" data-size=\"medium\" data-href=\"https:\/\/www.caritasne2.org.br\/site\/caritas-ne2-realiza-a-viii-assembleia-regional-em-piranhas-al\/\"><\/div><\/li><li class=\"ssb_linkedin\" style=\"width:64px\"><script src=\"\/\/platform.linkedin.com\/in.js\" type=\"text\/javascript\">lang: en_US<\/script><script type=\"IN\/Share\" data-url=\"https:\/\/www.caritasne2.org.br\/site\/caritas-ne2-realiza-a-viii-assembleia-regional-em-piranhas-al\/\" data-counter=\"right\"><\/script><\/li><\/ul>","protected":false},"author":4,"featured_media":5279,"comment_status":"open","ping_status":"open","sticky":false,"template":"","format":"standard","meta":[],"categories":[21],"tags":[70,1154,46,84,792,1155,395,1156],"_links":{"self":[{"href":"https:\/\/www.caritasne2.org.br\/site\/wp-json\/wp\/v2\/posts\/5275"}],"collection":[{"href":"https:\/\/www.caritasne2.org.br\/site\/wp-json\/wp\/v2\/posts"}],"about":[{"href":"https:\/\/www.caritasne2.org.br\/site\/wp-json\/wp\/v2\/types\/post"}],"author":[{"embeddable":true,"href":"https:\/\/www.caritasne2.org.br\/site\/wp-json\/wp\/v2\/users\/4"}],"replies":[{"embeddable":true,"href":"https:\/\/www.caritasne2.org.br\/site\/wp-json\/wp\/v2\/comments?post=5275"}],"version-history":[{"count":0,"href":"https:\/\/www.caritasne2.org.br\/site\/wp-json\/wp\/v2\/posts\/5275\/revisions"}],"wp:featuredmedia":[{"embeddable":true,"href":"https:\/\/www.caritasne2.org.br\/site\/wp-json\/wp\/v2\/media\/5279"}],"wp:attachment":[{"href":"https:\/\/www.caritasne2.org.br\/site\/wp-json\/wp\/v2\/media?parent=5275"}],"wp:term":[{"taxonomy":"category","embeddable":true,"href":"https:\/\/www.caritasne2.org.br\/site\/wp-json\/wp\/v2\/categories?post=5275"},{"taxonomy":"post_tag","embeddable":true,"href":"https:\/\/www.caritasne2.org.br\/site\/wp-json\/wp\/v2\/tags?post=5275"}],"curies":[{"name":"wp","href":"https:\/\/api.w.org\/{rel}","templated":true}]}}