{"id":5173,"date":"2017-08-28T15:11:03","date_gmt":"2017-08-28T18:11:03","guid":{"rendered":"http:\/\/www.caritasne2.org.br\/?p=5173"},"modified":"2017-08-30T16:21:24","modified_gmt":"2017-08-30T19:21:24","slug":"encontro-de-organizacoes-marca-dia-do-voluntariado-no-recife","status":"publish","type":"post","link":"https:\/\/www.caritasne2.org.br\/site\/encontro-de-organizacoes-marca-dia-do-voluntariado-no-recife\/","title":{"rendered":"Encontro de organiza\u00e7\u00f5es marca Dia do Voluntariado no Recife"},"content":{"rendered":"<p>A equipe da C\u00e1ritas Brasileira Regional Nordeste 2 esteve\u00a0presen\u00e7a, na \u00faltima sexta-feira (25), na celebra\u00e7\u00e3o do Dia Nacional do Voluntariado, organizada por diversas institui\u00e7\u00f5es da sociedade civil por meio da Rede Pernambuco Volunt\u00e1rio. O evento foi realizado na unidade, localizada no bairro do Recife, do Movimento Pr\u00f3-Crian\u00e7a e contou com as participa\u00e7\u00f5es de gestores e de pessoas engajadas nas atividades das entidades do Estado.<\/p>\n<p>Para o coordenador de mobiliza\u00e7\u00e3o de recursos da C\u00e1ritas Brasileira NE2, C\u00e9lio Meira, a oportunidade foi importante para conhecer a plataforma que as organiza\u00e7\u00f5es est\u00e3o vivenciando conjuntamente. <img decoding=\"async\" loading=\"lazy\" class=\"wp-image-5175 alignright\" src=\"http:\/\/www.caritasne2.org.br\/wp-content\/uploads\/2017\/08\/IMG_20170825_111911531-e1504116459637-300x173.jpg\" alt=\"\" width=\"376\" height=\"217\" srcset=\"https:\/\/www.caritasne2.org.br\/site\/wp-content\/uploads\/2017\/08\/IMG_20170825_111911531-e1504116459637-300x173.jpg 300w, https:\/\/www.caritasne2.org.br\/site\/wp-content\/uploads\/2017\/08\/IMG_20170825_111911531-e1504116459637-768x442.jpg 768w, https:\/\/www.caritasne2.org.br\/site\/wp-content\/uploads\/2017\/08\/IMG_20170825_111911531-e1504116459637-1024x589.jpg 1024w\" sizes=\"(max-width: 376px) 100vw, 376px\" \/>&#8220;Considero estrat\u00e9gica a nossa participa\u00e7\u00e3o no evento, visto que temos interesse de compor a Rede e trocar mais experi\u00eancias no sentido de aperfei\u00e7oar o trabalho institucional junto aos volunt\u00e1rios no territ\u00f3rio do nosso Regional&#8221;, avaliou.<\/p>\n<p>Na ocasi\u00e3o, a fundadora da Pastoral da Crian\u00e7a, Zilda Arns, falecida em 2010, foi homenageada, postumamente, pelos trabalhos desenvolvidos. Tamb\u00e9m foram reconhecidas, por entidades, pessoas que contribu\u00edram, como volunt\u00e1rios, no \u00faltimo ano.<\/p>\n<p><strong>Rede \u00a0\u00a0<\/strong><\/p>\n<p>Em 2010, diversas organiza\u00e7\u00f5es realizaram um encontro sobre a tem\u00e1tica e, de l\u00e1 pra c\u00e1, foi formada a articula\u00e7\u00e3o. Como encaminhamento da Rede Pernambuco Volunt\u00e1rio, surgiu o encontro mensal de forma\u00e7\u00e3o unificado para novatos. A iniciativa tem como objetivo a partir de diversos aspectos, como o da legisla\u00e7\u00e3o atual voltada para voluntariado.<\/p>\n<p><em>Por Wagner Cesario\u00a0| Assessoria de Comunica\u00e7\u00e3o do Regional NE2<\/em><\/p>\n<ul class=\"ssb_list_wrapper\"><li class=\"fb2\" style=\"width:135px\"><iframe src=\"\/\/www.facebook.com\/plugins\/like.php?href=https%3A%2F%2Fwww.caritasne2.org.br%2Fsite%2Fencontro-de-organizacoes-marca-dia-do-voluntariado-no-recife%2F&amp;layout=button_count&amp;action=like&amp;show_faces=false&amp;share=true&amp;width=135&amp;height=21&amp;appId=307091639398582\" scrolling=\"no\" frameborder=\"0\" style=\"border:none; overflow:hidden;  width:150px; height:21px;\" allowTransparency=\"true\"><\/iframe><\/li><li class=\"twtr\" style=\"width:90px\"><a href=\"https:\/\/twitter.com\/share\" class=\"twitter-share-button\" data-url=\"https:\/\/www.caritasne2.org.br\/site\/encontro-de-organizacoes-marca-dia-do-voluntariado-no-recife\/\">&nbsp;<\/a><script>!function(d,s,id){var js,fjs=d.getElementsByTagName(s)[0],p=\/^http:\/.test(d.location)?'http':'https';if(!d.getElementById(id)){js=d.createElement(s);js.id=id;js.src=p+':\/\/platform.twitter.com\/widgets.js';fjs.parentNode.insertBefore(js,fjs);}}(document, 'script', 'twitter-wjs');<\/script><\/li><li class=\"gplus\" style=\"width:68px\"><div class=\"g-plusone\" data-size=\"medium\" data-href=\"https:\/\/www.caritasne2.org.br\/site\/encontro-de-organizacoes-marca-dia-do-voluntariado-no-recife\/\"><\/div><\/li><li class=\"ssb_linkedin\" style=\"width:64px\"><script src=\"\/\/platform.linkedin.com\/in.js\" type=\"text\/javascript\">lang: en_US<\/script><script type=\"IN\/Share\" data-url=\"https:\/\/www.caritasne2.org.br\/site\/encontro-de-organizacoes-marca-dia-do-voluntariado-no-recife\/\" data-counter=\"right\"><\/script><\/li><\/ul>","protected":false},"excerpt":{"rendered":"<p>A equipe da C\u00e1ritas Brasileira Regional Nordeste 2 esteve\u00a0presen\u00e7a, na \u00faltima sexta-feira (25), na celebra\u00e7\u00e3o do Dia Nacional do Voluntariado, organizada por diversas institui\u00e7\u00f5es da sociedade civil por meio da Rede Pernambuco Volunt\u00e1rio. O evento foi realizado na unidade, localizada no bairro do Recife, do Movimento Pr\u00f3-Crian\u00e7a e contou com as participa\u00e7\u00f5es de gestores e de pessoas engajadas nas atividades das entidades do Estado. Para [&hellip;]<\/p>\n<ul class=\"ssb_list_wrapper\"><li class=\"fb2\" style=\"width:135px\"><iframe src=\"\/\/www.facebook.com\/plugins\/like.php?href=https%3A%2F%2Fwww.caritasne2.org.br%2Fsite%2Fencontro-de-organizacoes-marca-dia-do-voluntariado-no-recife%2F&amp;layout=button_count&amp;action=like&amp;show_faces=false&amp;share=true&amp;width=135&amp;height=21&amp;appId=307091639398582\" scrolling=\"no\" frameborder=\"0\" style=\"border:none; overflow:hidden;  width:150px; height:21px;\" allowTransparency=\"true\"><\/iframe><\/li><li class=\"twtr\" style=\"width:90px\"><a href=\"https:\/\/twitter.com\/share\" class=\"twitter-share-button\" data-url=\"https:\/\/www.caritasne2.org.br\/site\/encontro-de-organizacoes-marca-dia-do-voluntariado-no-recife\/\">&nbsp;<\/a><script>!function(d,s,id){var js,fjs=d.getElementsByTagName(s)[0],p=\/^http:\/.test(d.location)?'http':'https';if(!d.getElementById(id)){js=d.createElement(s);js.id=id;js.src=p+':\/\/platform.twitter.com\/widgets.js';fjs.parentNode.insertBefore(js,fjs);}}(document, 'script', 'twitter-wjs');<\/script><\/li><li class=\"gplus\" style=\"width:68px\"><div class=\"g-plusone\" data-size=\"medium\" data-href=\"https:\/\/www.caritasne2.org.br\/site\/encontro-de-organizacoes-marca-dia-do-voluntariado-no-recife\/\"><\/div><\/li><li class=\"ssb_linkedin\" style=\"width:64px\"><script src=\"\/\/platform.linkedin.com\/in.js\" type=\"text\/javascript\">lang: en_US<\/script><script type=\"IN\/Share\" data-url=\"https:\/\/www.caritasne2.org.br\/site\/encontro-de-organizacoes-marca-dia-do-voluntariado-no-recife\/\" data-counter=\"right\"><\/script><\/li><\/ul>","protected":false},"author":4,"featured_media":5174,"comment_status":"open","ping_status":"open","sticky":false,"template":"","format":"standard","meta":[],"categories":[21,763],"tags":[46,837,997,1137,1136,1088],"_links":{"self":[{"href":"https:\/\/www.caritasne2.org.br\/site\/wp-json\/wp\/v2\/posts\/5173"}],"collection":[{"href":"https:\/\/www.caritasne2.org.br\/site\/wp-json\/wp\/v2\/posts"}],"about":[{"href":"https:\/\/www.caritasne2.org.br\/site\/wp-json\/wp\/v2\/types\/post"}],"author":[{"embeddable":true,"href":"https:\/\/www.caritasne2.org.br\/site\/wp-json\/wp\/v2\/users\/4"}],"replies":[{"embeddable":true,"href":"https:\/\/www.caritasne2.org.br\/site\/wp-json\/wp\/v2\/comments?post=5173"}],"version-history":[{"count":0,"href":"https:\/\/www.caritasne2.org.br\/site\/wp-json\/wp\/v2\/posts\/5173\/revisions"}],"wp:featuredmedia":[{"embeddable":true,"href":"https:\/\/www.caritasne2.org.br\/site\/wp-json\/wp\/v2\/media\/5174"}],"wp:attachment":[{"href":"https:\/\/www.caritasne2.org.br\/site\/wp-json\/wp\/v2\/media?parent=5173"}],"wp:term":[{"taxonomy":"category","embeddable":true,"href":"https:\/\/www.caritasne2.org.br\/site\/wp-json\/wp\/v2\/categories?post=5173"},{"taxonomy":"post_tag","embeddable":true,"href":"https:\/\/www.caritasne2.org.br\/site\/wp-json\/wp\/v2\/tags?post=5173"}],"curies":[{"name":"wp","href":"https:\/\/api.w.org\/{rel}","templated":true}]}}