{"id":5097,"date":"2017-08-07T08:40:20","date_gmt":"2017-08-07T11:40:20","guid":{"rendered":"http:\/\/www.caritasne2.org.br\/?p=5097"},"modified":"2017-08-11T10:11:54","modified_gmt":"2017-08-11T13:11:54","slug":"encontro-avalia-acoes-do-primeiro-semestre-no-ne2","status":"publish","type":"post","link":"https:\/\/www.caritasne2.org.br\/site\/encontro-avalia-acoes-do-primeiro-semestre-no-ne2\/","title":{"rendered":"Encontro avalia a\u00e7\u00f5es do primeiro semestre no NE2"},"content":{"rendered":"<p>O \u00faltimo fim de semana foi marcado pela avalia\u00e7\u00e3o das atividades desenvolvidas pelas organiza\u00e7\u00f5es membros e pelo Secretariado da C\u00e1ritas Brasileira Regional Nordeste 2. O evento, realizado no Convento Santo Ant\u00f4nio, em Lagoa Seca (PB), contou com as participa\u00e7\u00f5es do assessor do Secretariado Nacional, Fernando Zamban, e do consultor Alexandre Merrem.<\/p>\n<p>Durante o encontro, os participantes retomaram as discuss\u00f5es sobre o ciclo de Planejamento, Monitoramento, Avalia\u00e7\u00e3o e Sistematiza\u00e7\u00e3o (PMAS) da C\u00e1ritas Brasileira e constru\u00edram, em grupo, a partir das orienta\u00e7\u00f5es estrat\u00e9gicas da institui\u00e7\u00e3o, pain\u00e9is com as atividades realizadas no primeiro semestre pela Rede Regional, levando em considera\u00e7\u00e3o as que j\u00e1 haviam sido planejadas no encontro do in\u00edcio deste ano.<\/p>\n<p>Com o objetivo de atualizar os participantes, Fernando Zamban tamb\u00e9m apresentou as novas matrizes\u00a0que ir\u00e3o facilitar a realiza\u00e7\u00e3o do PMAS e o reconhecimento dos efeitos das iniciativas da Rede. &#8220;A C\u00e1ritas Brasileira est\u00e1 no processo de transi\u00e7\u00e3o de um quadri\u00eanio para o outro, com novas defini\u00e7\u00f5es estrat\u00e9gicas, momento que tem gerado a necessidade de aprimoramento dos instrumentos que nos d\u00e1 condi\u00e7\u00f5es de medir qual \u00e9 o alcance das no<img decoding=\"async\" loading=\"lazy\" class=\"size-medium wp-image-5098 alignright\" src=\"http:\/\/www.caritasne2.org.br\/wp-content\/uploads\/2017\/08\/IMG_20170806_103310955-300x200.jpg\" alt=\"\" width=\"300\" height=\"200\" srcset=\"https:\/\/www.caritasne2.org.br\/site\/wp-content\/uploads\/2017\/08\/IMG_20170806_103310955-300x200.jpg 300w, https:\/\/www.caritasne2.org.br\/site\/wp-content\/uploads\/2017\/08\/IMG_20170806_103310955-768x512.jpg 768w, https:\/\/www.caritasne2.org.br\/site\/wp-content\/uploads\/2017\/08\/IMG_20170806_103310955-1024x682.jpg 1024w\" sizes=\"(max-width: 300px) 100vw, 300px\" \/>ssas a\u00e7\u00f5es. \u00c9 um tempo\u00a0desafiador que se reflete no Regional Nordeste 2, mas aponta tamb\u00e9m para a beleza das experi\u00eancias que foram apresentadas, neste encontro, mostrando que h\u00e1 vida longa pela frente&#8221;, destacou.<\/p>\n<p><strong>Lan\u00e7amentos\u00a0<\/strong><\/p>\n<p>Al\u00e9m das altera\u00e7\u00f5es\u00a0no campo do PMAS, a equipe do Secretariado Nacional levou ao Monitoramento duas novidades: a Campanha dos Estudantes e o novo portal Regional da C\u00e1ritas, na internet. No caso da primeira, foram detalhados, para os representantes das organiza\u00e7\u00f5es membros, os desdobramentos da mobiliza\u00e7\u00e3o e como se dar\u00e1 a participa\u00e7\u00e3o da Rede no processo.\u00a0Em rela\u00e7\u00e3o ao novo portal na internet, a assessoria de comunica\u00e7\u00e3o\u00a0mostrou o layout e as funcionalidades da nova ferramenta , como o bot\u00e3o &#8220;Doe aqui&#8221;, que vai ajudar na capta\u00e7\u00e3o de recursos para a Rede.<\/p>\n<p><em>Por Wagner Cesario\u00a0| Assessoria de Comunica\u00e7\u00e3o do Regional NE2<\/em><\/p>\n<p>&nbsp;<\/p>\n<ul class=\"ssb_list_wrapper\"><li class=\"fb2\" style=\"width:135px\"><iframe src=\"\/\/www.facebook.com\/plugins\/like.php?href=https%3A%2F%2Fwww.caritasne2.org.br%2Fsite%2Fencontro-avalia-acoes-do-primeiro-semestre-no-ne2%2F&amp;layout=button_count&amp;action=like&amp;show_faces=false&amp;share=true&amp;width=135&amp;height=21&amp;appId=307091639398582\" scrolling=\"no\" frameborder=\"0\" style=\"border:none; overflow:hidden;  width:150px; height:21px;\" allowTransparency=\"true\"><\/iframe><\/li><li class=\"twtr\" style=\"width:90px\"><a href=\"https:\/\/twitter.com\/share\" class=\"twitter-share-button\" data-url=\"https:\/\/www.caritasne2.org.br\/site\/encontro-avalia-acoes-do-primeiro-semestre-no-ne2\/\">&nbsp;<\/a><script>!function(d,s,id){var js,fjs=d.getElementsByTagName(s)[0],p=\/^http:\/.test(d.location)?'http':'https';if(!d.getElementById(id)){js=d.createElement(s);js.id=id;js.src=p+':\/\/platform.twitter.com\/widgets.js';fjs.parentNode.insertBefore(js,fjs);}}(document, 'script', 'twitter-wjs');<\/script><\/li><li class=\"gplus\" style=\"width:68px\"><div class=\"g-plusone\" data-size=\"medium\" data-href=\"https:\/\/www.caritasne2.org.br\/site\/encontro-avalia-acoes-do-primeiro-semestre-no-ne2\/\"><\/div><\/li><li class=\"ssb_linkedin\" style=\"width:64px\"><script src=\"\/\/platform.linkedin.com\/in.js\" type=\"text\/javascript\">lang: en_US<\/script><script type=\"IN\/Share\" data-url=\"https:\/\/www.caritasne2.org.br\/site\/encontro-avalia-acoes-do-primeiro-semestre-no-ne2\/\" data-counter=\"right\"><\/script><\/li><\/ul>","protected":false},"excerpt":{"rendered":"<p>O \u00faltimo fim de semana foi marcado pela avalia\u00e7\u00e3o das atividades desenvolvidas pelas organiza\u00e7\u00f5es membros e pelo Secretariado da C\u00e1ritas Brasileira Regional Nordeste 2. O evento, realizado no Convento Santo Ant\u00f4nio, em Lagoa Seca (PB), contou com as participa\u00e7\u00f5es do assessor do Secretariado Nacional, Fernando Zamban, e do consultor Alexandre Merrem. Durante o encontro, os participantes retomaram as discuss\u00f5es sobre o ciclo de Planejamento, Monitoramento, [&hellip;]<\/p>\n<ul class=\"ssb_list_wrapper\"><li class=\"fb2\" style=\"width:135px\"><iframe src=\"\/\/www.facebook.com\/plugins\/like.php?href=https%3A%2F%2Fwww.caritasne2.org.br%2Fsite%2Fencontro-avalia-acoes-do-primeiro-semestre-no-ne2%2F&amp;layout=button_count&amp;action=like&amp;show_faces=false&amp;share=true&amp;width=135&amp;height=21&amp;appId=307091639398582\" scrolling=\"no\" frameborder=\"0\" style=\"border:none; overflow:hidden;  width:150px; height:21px;\" allowTransparency=\"true\"><\/iframe><\/li><li class=\"twtr\" style=\"width:90px\"><a href=\"https:\/\/twitter.com\/share\" class=\"twitter-share-button\" data-url=\"https:\/\/www.caritasne2.org.br\/site\/encontro-avalia-acoes-do-primeiro-semestre-no-ne2\/\">&nbsp;<\/a><script>!function(d,s,id){var js,fjs=d.getElementsByTagName(s)[0],p=\/^http:\/.test(d.location)?'http':'https';if(!d.getElementById(id)){js=d.createElement(s);js.id=id;js.src=p+':\/\/platform.twitter.com\/widgets.js';fjs.parentNode.insertBefore(js,fjs);}}(document, 'script', 'twitter-wjs');<\/script><\/li><li class=\"gplus\" style=\"width:68px\"><div class=\"g-plusone\" data-size=\"medium\" data-href=\"https:\/\/www.caritasne2.org.br\/site\/encontro-avalia-acoes-do-primeiro-semestre-no-ne2\/\"><\/div><\/li><li class=\"ssb_linkedin\" style=\"width:64px\"><script src=\"\/\/platform.linkedin.com\/in.js\" type=\"text\/javascript\">lang: en_US<\/script><script type=\"IN\/Share\" data-url=\"https:\/\/www.caritasne2.org.br\/site\/encontro-avalia-acoes-do-primeiro-semestre-no-ne2\/\" data-counter=\"right\"><\/script><\/li><\/ul>","protected":false},"author":4,"featured_media":5099,"comment_status":"open","ping_status":"open","sticky":false,"template":"","format":"standard","meta":[],"categories":[462],"tags":[966,46,837,1120,1119,217],"_links":{"self":[{"href":"https:\/\/www.caritasne2.org.br\/site\/wp-json\/wp\/v2\/posts\/5097"}],"collection":[{"href":"https:\/\/www.caritasne2.org.br\/site\/wp-json\/wp\/v2\/posts"}],"about":[{"href":"https:\/\/www.caritasne2.org.br\/site\/wp-json\/wp\/v2\/types\/post"}],"author":[{"embeddable":true,"href":"https:\/\/www.caritasne2.org.br\/site\/wp-json\/wp\/v2\/users\/4"}],"replies":[{"embeddable":true,"href":"https:\/\/www.caritasne2.org.br\/site\/wp-json\/wp\/v2\/comments?post=5097"}],"version-history":[{"count":0,"href":"https:\/\/www.caritasne2.org.br\/site\/wp-json\/wp\/v2\/posts\/5097\/revisions"}],"wp:featuredmedia":[{"embeddable":true,"href":"https:\/\/www.caritasne2.org.br\/site\/wp-json\/wp\/v2\/media\/5099"}],"wp:attachment":[{"href":"https:\/\/www.caritasne2.org.br\/site\/wp-json\/wp\/v2\/media?parent=5097"}],"wp:term":[{"taxonomy":"category","embeddable":true,"href":"https:\/\/www.caritasne2.org.br\/site\/wp-json\/wp\/v2\/categories?post=5097"},{"taxonomy":"post_tag","embeddable":true,"href":"https:\/\/www.caritasne2.org.br\/site\/wp-json\/wp\/v2\/tags?post=5097"}],"curies":[{"name":"wp","href":"https:\/\/api.w.org\/{rel}","templated":true}]}}