{"id":4738,"date":"2017-06-13T11:08:20","date_gmt":"2017-06-13T14:08:20","guid":{"rendered":"http:\/\/ne2.caritas.org.br.s174889.gridserver.com\/?p=4360"},"modified":"2017-07-11T15:08:06","modified_gmt":"2017-07-11T18:08:06","slug":"caritas-ne2-realiza-seminario-de-formacao-sobre-bem-viver","status":"publish","type":"post","link":"https:\/\/www.caritasne2.org.br\/site\/caritas-ne2-realiza-seminario-de-formacao-sobre-bem-viver\/","title":{"rendered":"C\u00e1ritas NE2 realiza Semin\u00e1rio de Forma\u00e7\u00e3o sobre Bem Viver"},"content":{"rendered":"<p>Come\u00e7a nesta sexta-feira (09) e vai at\u00e9 o pr\u00f3ximo domingo (11), no Convento Santo Ant\u00f4nio, em Lagoa Seca (PB), o Semin\u00e1rio Regional de Forma\u00e7\u00e3o &#8220;Construindo a Sociedade do Bem Viver&#8221;. A atividade \u00e9 uma realiza\u00e7\u00e3o da C\u00e1ritas Brasileira Regional Nordeste 2 e faz parte de um conjunto de a\u00e7\u00f5es, que foram estabelecidas entre o Secretariado, o Conselho e as Organiza\u00e7\u00f5es membros durante o Planejamento Operacional Anual (POA), realizado em fevereiro deste ano, na cidade de Caruaru (PE).<\/p>\n<p>De acordo com o secret\u00e1rio regional, Angelo Zanr\u00e9, o objetivo do evento \u00e9 fazer com que o debate tenha continuidade nas bases. &#8220;Al\u00e9m de aprofundar as discuss\u00f5es sobre a tem\u00e1tica, o maior objetivo desta forma\u00e7\u00e3o \u00e9 tornas as pessoas que s\u00e3o colaboradores\/as e volunt\u00e1rios\/as em agentes multiplicadores\/as desse novo conceito, que o Bem Viver, nas Organiza\u00e7\u00f5es membros que comp\u00f5em a nossa Rede&#8221;, afirmou.<\/p>\n<p>A programa\u00e7\u00e3o do evento conta com quatro mesas de di\u00e1logos. Em cada uma delas, pesquisadores\/as ir\u00e3o facilitar a compreens\u00e3o da tem\u00e1tica, no que se refere ao conceito, implica\u00e7\u00f5es, perspectivas, mas tamb\u00e9m abordar\u00e3o o Bem Viver mediante tr\u00eas aspectos: econ\u00f4mico, a partir da crise dos modelos produtivos e da economia solid\u00e1ria; ambiental, sob a \u00f3tica das mudan\u00e7as clim\u00e1ticas e agroecologia; e, finalmente, do ponto de vista social, que refletir\u00e1 sobre a conjuntura e os desafios para as Pastorais Sociais.<\/p>\n<p>Entre os\/as pesquisadores\/as convidados\/as que ir\u00e3o facilitar os debates est\u00e3o: o professora Pedro Ribeiro (Movimento Nacional F\u00e9 e Pol\u00edtica); as professoras Alzira Medeiros (CFES NE) e Carolina dos Anjos (UFPR); e o fil\u00f3sofo e te\u00f3logo Ivo Poletto (F\u00f3rum de Mudab\u00e7as Clim\u00e1ticas e Justi\u00e7a Social).<\/p>\n<p><em>Por Lidiane Santos | Assessoria de Comunica\u00e7\u00e3o do Regional NE2.<\/em><\/p>\n<ul class=\"ssb_list_wrapper\"><li class=\"fb2\" style=\"width:135px\"><iframe src=\"\/\/www.facebook.com\/plugins\/like.php?href=https%3A%2F%2Fwww.caritasne2.org.br%2Fsite%2Fcaritas-ne2-realiza-seminario-de-formacao-sobre-bem-viver%2F&amp;layout=button_count&amp;action=like&amp;show_faces=false&amp;share=true&amp;width=135&amp;height=21&amp;appId=307091639398582\" scrolling=\"no\" frameborder=\"0\" style=\"border:none; overflow:hidden;  width:150px; height:21px;\" allowTransparency=\"true\"><\/iframe><\/li><li class=\"twtr\" style=\"width:90px\"><a href=\"https:\/\/twitter.com\/share\" class=\"twitter-share-button\" data-url=\"https:\/\/www.caritasne2.org.br\/site\/caritas-ne2-realiza-seminario-de-formacao-sobre-bem-viver\/\">&nbsp;<\/a><script>!function(d,s,id){var js,fjs=d.getElementsByTagName(s)[0],p=\/^http:\/.test(d.location)?'http':'https';if(!d.getElementById(id)){js=d.createElement(s);js.id=id;js.src=p+':\/\/platform.twitter.com\/widgets.js';fjs.parentNode.insertBefore(js,fjs);}}(document, 'script', 'twitter-wjs');<\/script><\/li><li class=\"gplus\" style=\"width:68px\"><div class=\"g-plusone\" data-size=\"medium\" data-href=\"https:\/\/www.caritasne2.org.br\/site\/caritas-ne2-realiza-seminario-de-formacao-sobre-bem-viver\/\"><\/div><\/li><li class=\"ssb_linkedin\" style=\"width:64px\"><script src=\"\/\/platform.linkedin.com\/in.js\" type=\"text\/javascript\">lang: en_US<\/script><script type=\"IN\/Share\" data-url=\"https:\/\/www.caritasne2.org.br\/site\/caritas-ne2-realiza-seminario-de-formacao-sobre-bem-viver\/\" data-counter=\"right\"><\/script><\/li><\/ul>","protected":false},"excerpt":{"rendered":"<p>Come\u00e7a nesta sexta-feira (09) e vai at\u00e9 o pr\u00f3ximo domingo (11), no Convento Santo Ant\u00f4nio, em Lagoa Seca (PB), o Semin\u00e1rio Regional de Forma\u00e7\u00e3o &#8220;Construindo a Sociedade do Bem Viver&#8221;. A atividade \u00e9 uma realiza\u00e7\u00e3o da C\u00e1ritas Brasileira Regional Nordeste 2 e faz parte de um conjunto de a\u00e7\u00f5es, que foram estabelecidas entre o Secretariado, o Conselho e as Organiza\u00e7\u00f5es membros durante o Planejamento Operacional [&hellip;]<\/p>\n<ul class=\"ssb_list_wrapper\"><li class=\"fb2\" style=\"width:135px\"><iframe src=\"\/\/www.facebook.com\/plugins\/like.php?href=https%3A%2F%2Fwww.caritasne2.org.br%2Fsite%2Fcaritas-ne2-realiza-seminario-de-formacao-sobre-bem-viver%2F&amp;layout=button_count&amp;action=like&amp;show_faces=false&amp;share=true&amp;width=135&amp;height=21&amp;appId=307091639398582\" scrolling=\"no\" frameborder=\"0\" style=\"border:none; overflow:hidden;  width:150px; height:21px;\" allowTransparency=\"true\"><\/iframe><\/li><li class=\"twtr\" style=\"width:90px\"><a href=\"https:\/\/twitter.com\/share\" class=\"twitter-share-button\" data-url=\"https:\/\/www.caritasne2.org.br\/site\/caritas-ne2-realiza-seminario-de-formacao-sobre-bem-viver\/\">&nbsp;<\/a><script>!function(d,s,id){var js,fjs=d.getElementsByTagName(s)[0],p=\/^http:\/.test(d.location)?'http':'https';if(!d.getElementById(id)){js=d.createElement(s);js.id=id;js.src=p+':\/\/platform.twitter.com\/widgets.js';fjs.parentNode.insertBefore(js,fjs);}}(document, 'script', 'twitter-wjs');<\/script><\/li><li class=\"gplus\" style=\"width:68px\"><div class=\"g-plusone\" data-size=\"medium\" data-href=\"https:\/\/www.caritasne2.org.br\/site\/caritas-ne2-realiza-seminario-de-formacao-sobre-bem-viver\/\"><\/div><\/li><li class=\"ssb_linkedin\" style=\"width:64px\"><script src=\"\/\/platform.linkedin.com\/in.js\" type=\"text\/javascript\">lang: en_US<\/script><script type=\"IN\/Share\" data-url=\"https:\/\/www.caritasne2.org.br\/site\/caritas-ne2-realiza-seminario-de-formacao-sobre-bem-viver\/\" data-counter=\"right\"><\/script><\/li><\/ul>","protected":false},"author":4,"featured_media":4780,"comment_status":"open","ping_status":"open","sticky":false,"template":"","format":"standard","meta":[],"categories":[21,945,20],"tags":[966,837,84,67,897,146,395],"_links":{"self":[{"href":"https:\/\/www.caritasne2.org.br\/site\/wp-json\/wp\/v2\/posts\/4738"}],"collection":[{"href":"https:\/\/www.caritasne2.org.br\/site\/wp-json\/wp\/v2\/posts"}],"about":[{"href":"https:\/\/www.caritasne2.org.br\/site\/wp-json\/wp\/v2\/types\/post"}],"author":[{"embeddable":true,"href":"https:\/\/www.caritasne2.org.br\/site\/wp-json\/wp\/v2\/users\/4"}],"replies":[{"embeddable":true,"href":"https:\/\/www.caritasne2.org.br\/site\/wp-json\/wp\/v2\/comments?post=4738"}],"version-history":[{"count":0,"href":"https:\/\/www.caritasne2.org.br\/site\/wp-json\/wp\/v2\/posts\/4738\/revisions"}],"wp:featuredmedia":[{"embeddable":true,"href":"https:\/\/www.caritasne2.org.br\/site\/wp-json\/wp\/v2\/media\/4780"}],"wp:attachment":[{"href":"https:\/\/www.caritasne2.org.br\/site\/wp-json\/wp\/v2\/media?parent=4738"}],"wp:term":[{"taxonomy":"category","embeddable":true,"href":"https:\/\/www.caritasne2.org.br\/site\/wp-json\/wp\/v2\/categories?post=4738"},{"taxonomy":"post_tag","embeddable":true,"href":"https:\/\/www.caritasne2.org.br\/site\/wp-json\/wp\/v2\/tags?post=4738"}],"curies":[{"name":"wp","href":"https:\/\/api.w.org\/{rel}","templated":true}]}}