{"id":4737,"date":"2017-06-07T16:16:45","date_gmt":"2017-06-07T19:16:45","guid":{"rendered":"http:\/\/ne2.caritas.org.br.s174889.gridserver.com\/?p=4354"},"modified":"2017-07-11T15:08:57","modified_gmt":"2017-07-11T18:08:57","slug":"caritas-ne2-continua-recebendo-donativos-para-vitimas-das-enchentes","status":"publish","type":"post","link":"https:\/\/www.caritasne2.org.br\/site\/caritas-ne2-continua-recebendo-donativos-para-vitimas-das-enchentes\/","title":{"rendered":"C\u00e1ritas NE2 continua recebendo donativos para as v\u00edtimas das enchentes"},"content":{"rendered":"<p>Muitas doa\u00e7\u00f5es continuam chegando nas organiza\u00e7\u00f5es membros, que comp\u00f5em a Rede C\u00e1ritas Brasileira Regional Nordeste 2, para ajudar as fam\u00edlias atingidas pelas fortes chuvas, das \u00faltimas semanas, nos estados de Alagoas e Pernambuco.<\/p>\n<p>Al\u00e9m das organiza\u00e7\u00f5es membros que possuem atua\u00e7\u00e3o nos munic\u00edpios afetados pelas enchentes, listadas abaixo, outras entidades que est\u00e3o localizadas em \u00e1reas que n\u00e3o foram atingidas pelas fortes chuvas, a exemplo das C\u00e1ritas Diocesanas de Caic\u00f3 e de Pesqueira, tamb\u00e9m participam dessa rede solid\u00e1ria, por meio da arrecada\u00e7\u00e3o de donativos.<\/p>\n<p>Segundo os agentes C\u00e1ritas, que est\u00e3o envolvidos nos processos de arrecada\u00e7\u00e3o e organiza\u00e7\u00e3o dos materiais recebidos, a necessidade mais urgente, a partir de agora, \u00e9 por materiais de higiene pessoal e de limpeza.<\/p>\n<p>Agentes C\u00e1ritas, lotados na sede do Secretariado Regional Nordeste 2, v\u00eam se revezando, desde os \u00faltimos dias, para ajudar na organiza\u00e7\u00e3o dos materiais que a C\u00e1ritas Arquidiocesana de Olinda e Recife est\u00e1 recebendo, atrav\u00e9s das par\u00f3quias.<\/p>\n<p><strong>ENDERE\u00c7OS DA REDE C\u00c1RITAS<\/strong><\/p>\n<p><strong>Escrit\u00f3rio da C\u00e1ritas Brasileira Regional NE2<\/strong><br \/>\n&#8211; Rua Monte Castelo, 176, Boa Vista, Recife (PE) \u2013 (81) 3231-3435<\/p>\n<p><strong>C\u00e1ritas Arquidiocesana de Olinda e Recife<\/strong><br \/>\n&#8211; Centro Pastoral \u2013 Av. Afonso Olindense, 1764, V\u00e1rzea, Recife (PE)<br \/>\n&#8211; Todas as par\u00f3quias \u2013 www.arquidioceseolindarecife.org<\/p>\n<p><strong>C\u00e1ritas Diocesana de Macei\u00f3<\/strong><br \/>\n&#8211; Sede \u2013 Rua Dom Ant\u00f4nio Brand\u00e3o, 559, Farol, Macei\u00f3 (AL)<br \/>\n&#8211; Todas as par\u00f3quias \u2013 www.arquidiocesedemaceio.org.br<\/p>\n<p><strong>C\u00e1ritas Diocesana de Caruaru<\/strong><br \/>\n&#8211; Sede \u2013 Rua Silveira Martins, 167, Petr\u00f3polis, Caruaru (PE)<br \/>\n&#8211; Par\u00f3quia de S\u00e3o Jos\u00e9 \u2013 Avenida C\u00edcero Jos\u00e9 Dutra, 841, Petr\u00f3polis, Caruaru (PE)<br \/>\n&#8211; Par\u00f3quia Nossa Senhora Aparecida &#8211; Rua Professora Ivani Batista da Silva, s\/n, Nova Santa Cruz \u2013 Santa Cruz do Capibaribe (PE)<\/p>\n<p><strong>C\u00e1ritas Diocesana de Garanhuns<\/strong><br \/>\n&#8211; C\u00faria \u2013 Av. Santo Ant\u00f4nio, 61, Centro, Garanhuns\/PE<br \/>\n&#8211; Todas as par\u00f3quias \u2013 www.diocesegaranhuns.org<\/p>\n<p><strong>A\u00e7\u00e3o Social Par\u00f3quia de Palmares<\/strong><br \/>\n&#8211; Sede \u2013 Rua Tereza Helena Alvin Soares, s\/n, Santa Rosa, Palmares (PE)<\/p>\n<p><em>Por Lidiane Santos | Assessoria de Comunica\u00e7\u00e3o do Regional NE2<\/em><\/p>\n<ul class=\"ssb_list_wrapper\"><li class=\"fb2\" style=\"width:135px\"><iframe src=\"\/\/www.facebook.com\/plugins\/like.php?href=https%3A%2F%2Fwww.caritasne2.org.br%2Fsite%2Fcaritas-ne2-continua-recebendo-donativos-para-vitimas-das-enchentes%2F&amp;layout=button_count&amp;action=like&amp;show_faces=false&amp;share=true&amp;width=135&amp;height=21&amp;appId=307091639398582\" scrolling=\"no\" frameborder=\"0\" style=\"border:none; overflow:hidden;  width:150px; height:21px;\" allowTransparency=\"true\"><\/iframe><\/li><li class=\"twtr\" style=\"width:90px\"><a href=\"https:\/\/twitter.com\/share\" class=\"twitter-share-button\" data-url=\"https:\/\/www.caritasne2.org.br\/site\/caritas-ne2-continua-recebendo-donativos-para-vitimas-das-enchentes\/\">&nbsp;<\/a><script>!function(d,s,id){var js,fjs=d.getElementsByTagName(s)[0],p=\/^http:\/.test(d.location)?'http':'https';if(!d.getElementById(id)){js=d.createElement(s);js.id=id;js.src=p+':\/\/platform.twitter.com\/widgets.js';fjs.parentNode.insertBefore(js,fjs);}}(document, 'script', 'twitter-wjs');<\/script><\/li><li class=\"gplus\" style=\"width:68px\"><div class=\"g-plusone\" data-size=\"medium\" data-href=\"https:\/\/www.caritasne2.org.br\/site\/caritas-ne2-continua-recebendo-donativos-para-vitimas-das-enchentes\/\"><\/div><\/li><li class=\"ssb_linkedin\" style=\"width:64px\"><script src=\"\/\/platform.linkedin.com\/in.js\" type=\"text\/javascript\">lang: en_US<\/script><script type=\"IN\/Share\" data-url=\"https:\/\/www.caritasne2.org.br\/site\/caritas-ne2-continua-recebendo-donativos-para-vitimas-das-enchentes\/\" data-counter=\"right\"><\/script><\/li><\/ul>","protected":false},"excerpt":{"rendered":"<p>Muitas doa\u00e7\u00f5es continuam chegando nas organiza\u00e7\u00f5es membros, que comp\u00f5em a Rede C\u00e1ritas Brasileira Regional Nordeste 2, para ajudar as fam\u00edlias atingidas pelas fortes chuvas, das \u00faltimas semanas, nos estados de Alagoas e Pernambuco. Al\u00e9m das organiza\u00e7\u00f5es membros que possuem atua\u00e7\u00e3o nos munic\u00edpios afetados pelas enchentes, listadas abaixo, outras entidades que est\u00e3o localizadas em \u00e1reas que n\u00e3o foram atingidas pelas fortes chuvas, a exemplo das C\u00e1ritas [&hellip;]<\/p>\n<ul class=\"ssb_list_wrapper\"><li class=\"fb2\" style=\"width:135px\"><iframe src=\"\/\/www.facebook.com\/plugins\/like.php?href=https%3A%2F%2Fwww.caritasne2.org.br%2Fsite%2Fcaritas-ne2-continua-recebendo-donativos-para-vitimas-das-enchentes%2F&amp;layout=button_count&amp;action=like&amp;show_faces=false&amp;share=true&amp;width=135&amp;height=21&amp;appId=307091639398582\" scrolling=\"no\" frameborder=\"0\" style=\"border:none; overflow:hidden;  width:150px; height:21px;\" allowTransparency=\"true\"><\/iframe><\/li><li class=\"twtr\" style=\"width:90px\"><a href=\"https:\/\/twitter.com\/share\" class=\"twitter-share-button\" data-url=\"https:\/\/www.caritasne2.org.br\/site\/caritas-ne2-continua-recebendo-donativos-para-vitimas-das-enchentes\/\">&nbsp;<\/a><script>!function(d,s,id){var js,fjs=d.getElementsByTagName(s)[0],p=\/^http:\/.test(d.location)?'http':'https';if(!d.getElementById(id)){js=d.createElement(s);js.id=id;js.src=p+':\/\/platform.twitter.com\/widgets.js';fjs.parentNode.insertBefore(js,fjs);}}(document, 'script', 'twitter-wjs');<\/script><\/li><li class=\"gplus\" style=\"width:68px\"><div class=\"g-plusone\" data-size=\"medium\" data-href=\"https:\/\/www.caritasne2.org.br\/site\/caritas-ne2-continua-recebendo-donativos-para-vitimas-das-enchentes\/\"><\/div><\/li><li class=\"ssb_linkedin\" style=\"width:64px\"><script src=\"\/\/platform.linkedin.com\/in.js\" type=\"text\/javascript\">lang: en_US<\/script><script type=\"IN\/Share\" data-url=\"https:\/\/www.caritasne2.org.br\/site\/caritas-ne2-continua-recebendo-donativos-para-vitimas-das-enchentes\/\" data-counter=\"right\"><\/script><\/li><\/ul>","protected":false},"author":4,"featured_media":4781,"comment_status":"open","ping_status":"open","sticky":false,"template":"","format":"standard","meta":[],"categories":[21,20,462],"tags":[837,84,67,826,1005,331],"_links":{"self":[{"href":"https:\/\/www.caritasne2.org.br\/site\/wp-json\/wp\/v2\/posts\/4737"}],"collection":[{"href":"https:\/\/www.caritasne2.org.br\/site\/wp-json\/wp\/v2\/posts"}],"about":[{"href":"https:\/\/www.caritasne2.org.br\/site\/wp-json\/wp\/v2\/types\/post"}],"author":[{"embeddable":true,"href":"https:\/\/www.caritasne2.org.br\/site\/wp-json\/wp\/v2\/users\/4"}],"replies":[{"embeddable":true,"href":"https:\/\/www.caritasne2.org.br\/site\/wp-json\/wp\/v2\/comments?post=4737"}],"version-history":[{"count":0,"href":"https:\/\/www.caritasne2.org.br\/site\/wp-json\/wp\/v2\/posts\/4737\/revisions"}],"wp:featuredmedia":[{"embeddable":true,"href":"https:\/\/www.caritasne2.org.br\/site\/wp-json\/wp\/v2\/media\/4781"}],"wp:attachment":[{"href":"https:\/\/www.caritasne2.org.br\/site\/wp-json\/wp\/v2\/media?parent=4737"}],"wp:term":[{"taxonomy":"category","embeddable":true,"href":"https:\/\/www.caritasne2.org.br\/site\/wp-json\/wp\/v2\/categories?post=4737"},{"taxonomy":"post_tag","embeddable":true,"href":"https:\/\/www.caritasne2.org.br\/site\/wp-json\/wp\/v2\/tags?post=4737"}],"curies":[{"name":"wp","href":"https:\/\/api.w.org\/{rel}","templated":true}]}}