{"id":4736,"date":"2017-06-07T12:29:44","date_gmt":"2017-06-07T15:29:44","guid":{"rendered":"http:\/\/ne2.caritas.org.br.s174889.gridserver.com\/?p=4339"},"modified":"2017-07-11T15:09:33","modified_gmt":"2017-07-11T18:09:33","slug":"campanha-dos-cofrinhos-solidarios-sera-lancada-na-rede-caritas-ne2","status":"publish","type":"post","link":"https:\/\/www.caritasne2.org.br\/site\/campanha-dos-cofrinhos-solidarios-sera-lancada-na-rede-caritas-ne2\/","title":{"rendered":"Campanha dos Cofrinhos Solid\u00e1rios ser\u00e1 lan\u00e7ada na Rede C\u00e1ritas NE2"},"content":{"rendered":"<p>A C\u00e1ritas Brasileira Regional Nordeste 2, atrav\u00e9s do Setor de Mobiliza\u00e7\u00e3o de Recursos, vai lan\u00e7ar, no pr\u00f3ximo s\u00e1bado (10), durante o Semin\u00e1rio Regional de Forma\u00e7\u00e3o, em Lagoa Seca (PB), a Campanha Cofrinhos Solid\u00e1rios. Com o mote \u201cSua moeda vale um sorriso\u201d, o objetivo \u00e9 iniciar um trabalho de capta\u00e7\u00e3o de recursos na perspectiva da doa\u00e7\u00e3o individual, tendo em vista o fortalecimento das organiza\u00e7\u00f5es membros que comp\u00f5em a Rede.<\/p>\n<p><a href=\"http:\/\/ne2.caritas.org.br.s174889.gridserver.com\/2017\/06\/07\/campanha-dos-cofrinhos-solidarios-sera-lancada-na-rede-caritas-ne2\/20170601_110735\/\" rel=\"attachment wp-att-4341\"><img decoding=\"async\" loading=\"lazy\" class=\"alignleft size-medium wp-image-4341\" title=\"20170601_110735\" src=\"http:\/\/ne2.caritas.org.br.s174889.gridserver.com\/wp-content\/uploads\/2017\/06\/20170601_110735-300x180.jpg\" alt=\"\" width=\"300\" height=\"180\" \/><\/a>Os agentes C\u00e1ritas, lotados na sede do Secretariado Regional, em Recife (PE), tiveram a oportunidade de conhecer a din\u00e2mica, na \u00faltima quinta-feira (1\u00ba). Na ocasi\u00e3o, cada colaborador\/a foi convidado\/a a adotar um cofrinho e participar da mobiliza\u00e7\u00e3o de recursos.<\/p>\n<p>De acordo com a proposta, a cada ano, ser\u00e1 trabalhada uma linha de a\u00e7\u00e3o em que a C\u00e1ritas atua. Entretanto, se for consensual para a Rede, a tem\u00e1tica poder\u00e1 ser abordada no ano seguinte novamente, conforme houver necessidade. Em 2017, a arrecada\u00e7\u00e3o ter\u00e1 como alvo as a\u00e7\u00f5es em torno da inf\u00e2ncia, adolesc\u00eancia e juventudes.<\/p>\n<p>Para iniciar a campanha, foi confeccionado um milheiro de cofrinhos. Ap\u00f3s a apresenta\u00e7\u00e3o da din\u00e2mica de arrecada\u00e7\u00e3o \u00e0s organiza\u00e7\u00f5es membros, cada entidade ficar\u00e1 respons\u00e1vel por uma caixa com 66 unidades. Durante este primeiro ano, cada organiza\u00e7\u00e3o vai trabalhar para captar a meta, que \u00e9 de R$ 660, ou seja, R$ 10 por cofrinho. Nos casos em que o valor estipulado for superado, o acr\u00e9scimo ficar\u00e1 para a pr\u00f3pria organiza\u00e7\u00e3o membro.<\/p>\n<p>A ideia \u00e9 que, ap\u00f3s as mobiliza\u00e7\u00f5es de capta\u00e7\u00e3o de recursos, as entidades fa\u00e7am a presta\u00e7\u00e3o de contas durante a fase avaliativa do Planejamento Operacional Anual (POA), prevista para ser realizada em novembro deste ano. Na ocasi\u00e3o, as entidades que se interessarem em receber o valor arrecadado pela Rede, dever\u00e3o expor a ideia de um projeto, que contemple a linha da inf\u00e2ncia, adolesc\u00eancia e juventudes. Em seguida, as demais organiza\u00e7\u00f5es membros votar\u00e3o e, dessa forma, o recurso ser\u00e1 repassado para que a a\u00e7\u00e3o possa ter in\u00edcio.<\/p>\n<p>De acordo com o assessor regional de Mobiliza\u00e7\u00e3o de Recursos, C\u00e9lio Meira, mais do que uma a\u00e7\u00e3o para captar recursos, a campanha tem o objetivo principal de unir pessoas em torno de uma causa. \u201cA proposta n\u00e3o \u00e9 tornar a C\u00e1ritas conhecida por mais um cofrinho que est\u00e1 no mercado, mas pela nossa capacidade de articular pessoas em torno de um objetivo comum, que \u00e9 a inf\u00e2ncia, adolesc\u00eancia e juventudes\u201d, explicou.<\/p>\n<p><em>Por Lidiane Santos | Assessoria de Comunica\u00e7\u00e3o do Regional NE2<\/em><\/p>\n<ul class=\"ssb_list_wrapper\"><li class=\"fb2\" style=\"width:135px\"><iframe src=\"\/\/www.facebook.com\/plugins\/like.php?href=https%3A%2F%2Fwww.caritasne2.org.br%2Fsite%2Fcampanha-dos-cofrinhos-solidarios-sera-lancada-na-rede-caritas-ne2%2F&amp;layout=button_count&amp;action=like&amp;show_faces=false&amp;share=true&amp;width=135&amp;height=21&amp;appId=307091639398582\" scrolling=\"no\" frameborder=\"0\" style=\"border:none; overflow:hidden;  width:150px; height:21px;\" allowTransparency=\"true\"><\/iframe><\/li><li class=\"twtr\" style=\"width:90px\"><a href=\"https:\/\/twitter.com\/share\" class=\"twitter-share-button\" data-url=\"https:\/\/www.caritasne2.org.br\/site\/campanha-dos-cofrinhos-solidarios-sera-lancada-na-rede-caritas-ne2\/\">&nbsp;<\/a><script>!function(d,s,id){var js,fjs=d.getElementsByTagName(s)[0],p=\/^http:\/.test(d.location)?'http':'https';if(!d.getElementById(id)){js=d.createElement(s);js.id=id;js.src=p+':\/\/platform.twitter.com\/widgets.js';fjs.parentNode.insertBefore(js,fjs);}}(document, 'script', 'twitter-wjs');<\/script><\/li><li class=\"gplus\" style=\"width:68px\"><div class=\"g-plusone\" data-size=\"medium\" data-href=\"https:\/\/www.caritasne2.org.br\/site\/campanha-dos-cofrinhos-solidarios-sera-lancada-na-rede-caritas-ne2\/\"><\/div><\/li><li class=\"ssb_linkedin\" style=\"width:64px\"><script src=\"\/\/platform.linkedin.com\/in.js\" type=\"text\/javascript\">lang: en_US<\/script><script type=\"IN\/Share\" data-url=\"https:\/\/www.caritasne2.org.br\/site\/campanha-dos-cofrinhos-solidarios-sera-lancada-na-rede-caritas-ne2\/\" data-counter=\"right\"><\/script><\/li><\/ul>","protected":false},"excerpt":{"rendered":"<p>A C\u00e1ritas Brasileira Regional Nordeste 2, atrav\u00e9s do Setor de Mobiliza\u00e7\u00e3o de Recursos, vai lan\u00e7ar, no pr\u00f3ximo s\u00e1bado (10), durante o Semin\u00e1rio Regional de Forma\u00e7\u00e3o, em Lagoa Seca (PB), a Campanha Cofrinhos Solid\u00e1rios. Com o mote \u201cSua moeda vale um sorriso\u201d, o objetivo \u00e9 iniciar um trabalho de capta\u00e7\u00e3o de recursos na perspectiva da doa\u00e7\u00e3o individual, tendo em vista o fortalecimento das organiza\u00e7\u00f5es membros que [&hellip;]<\/p>\n<ul class=\"ssb_list_wrapper\"><li class=\"fb2\" style=\"width:135px\"><iframe src=\"\/\/www.facebook.com\/plugins\/like.php?href=https%3A%2F%2Fwww.caritasne2.org.br%2Fsite%2Fcampanha-dos-cofrinhos-solidarios-sera-lancada-na-rede-caritas-ne2%2F&amp;layout=button_count&amp;action=like&amp;show_faces=false&amp;share=true&amp;width=135&amp;height=21&amp;appId=307091639398582\" scrolling=\"no\" frameborder=\"0\" style=\"border:none; overflow:hidden;  width:150px; height:21px;\" allowTransparency=\"true\"><\/iframe><\/li><li class=\"twtr\" style=\"width:90px\"><a href=\"https:\/\/twitter.com\/share\" class=\"twitter-share-button\" data-url=\"https:\/\/www.caritasne2.org.br\/site\/campanha-dos-cofrinhos-solidarios-sera-lancada-na-rede-caritas-ne2\/\">&nbsp;<\/a><script>!function(d,s,id){var js,fjs=d.getElementsByTagName(s)[0],p=\/^http:\/.test(d.location)?'http':'https';if(!d.getElementById(id)){js=d.createElement(s);js.id=id;js.src=p+':\/\/platform.twitter.com\/widgets.js';fjs.parentNode.insertBefore(js,fjs);}}(document, 'script', 'twitter-wjs');<\/script><\/li><li class=\"gplus\" style=\"width:68px\"><div class=\"g-plusone\" data-size=\"medium\" data-href=\"https:\/\/www.caritasne2.org.br\/site\/campanha-dos-cofrinhos-solidarios-sera-lancada-na-rede-caritas-ne2\/\"><\/div><\/li><li class=\"ssb_linkedin\" style=\"width:64px\"><script src=\"\/\/platform.linkedin.com\/in.js\" type=\"text\/javascript\">lang: en_US<\/script><script type=\"IN\/Share\" data-url=\"https:\/\/www.caritasne2.org.br\/site\/campanha-dos-cofrinhos-solidarios-sera-lancada-na-rede-caritas-ne2\/\" data-counter=\"right\"><\/script><\/li><\/ul>","protected":false},"author":4,"featured_media":4782,"comment_status":"open","ping_status":"open","sticky":false,"template":"","format":"standard","meta":[],"categories":[21,20,462],"tags":[837,84,986,67,243,860,395],"_links":{"self":[{"href":"https:\/\/www.caritasne2.org.br\/site\/wp-json\/wp\/v2\/posts\/4736"}],"collection":[{"href":"https:\/\/www.caritasne2.org.br\/site\/wp-json\/wp\/v2\/posts"}],"about":[{"href":"https:\/\/www.caritasne2.org.br\/site\/wp-json\/wp\/v2\/types\/post"}],"author":[{"embeddable":true,"href":"https:\/\/www.caritasne2.org.br\/site\/wp-json\/wp\/v2\/users\/4"}],"replies":[{"embeddable":true,"href":"https:\/\/www.caritasne2.org.br\/site\/wp-json\/wp\/v2\/comments?post=4736"}],"version-history":[{"count":0,"href":"https:\/\/www.caritasne2.org.br\/site\/wp-json\/wp\/v2\/posts\/4736\/revisions"}],"wp:featuredmedia":[{"embeddable":true,"href":"https:\/\/www.caritasne2.org.br\/site\/wp-json\/wp\/v2\/media\/4782"}],"wp:attachment":[{"href":"https:\/\/www.caritasne2.org.br\/site\/wp-json\/wp\/v2\/media?parent=4736"}],"wp:term":[{"taxonomy":"category","embeddable":true,"href":"https:\/\/www.caritasne2.org.br\/site\/wp-json\/wp\/v2\/categories?post=4736"},{"taxonomy":"post_tag","embeddable":true,"href":"https:\/\/www.caritasne2.org.br\/site\/wp-json\/wp\/v2\/tags?post=4736"}],"curies":[{"name":"wp","href":"https:\/\/api.w.org\/{rel}","templated":true}]}}