{"id":4735,"date":"2017-06-02T19:19:07","date_gmt":"2017-06-02T22:19:07","guid":{"rendered":"http:\/\/ne2.caritas.org.br.s174889.gridserver.com\/?p=4332"},"modified":"2017-07-11T15:09:17","modified_gmt":"2017-07-11T18:09:17","slug":"comeca-feira-da-agricultura-familiar-de-crateus","status":"publish","type":"post","link":"https:\/\/www.caritasne2.org.br\/site\/comeca-feira-da-agricultura-familiar-de-crateus\/","title":{"rendered":"Come\u00e7a a Feira da Agricultura Familiar de Crate\u00fas"},"content":{"rendered":"<p>O primeiro dia da XIII Feira da Agricultura Familiar e Economia Popular Solid\u00e1ria \u2013 Territ\u00f3rio Inhamuns\/ Crate\u00fas foi marcado por reencontros, abra\u00e7os, otimismo, alegrias e conhecimento. Os 305 agricultores e agricultoras inscritos para o evento, chegaram a Crate\u00fas animados e felizes para participarem da feira, que \u00e9 refer\u00eancia nacional em agricultura familiar e economia solid\u00e1ria.<\/p>\n<p>Durante esses dois dias de evento, ser\u00e3o aproximadamente 200 empreendimentos presentes de mais de 30 munic\u00edpios do Cear\u00e1 a 14 Estados do Brasil. Segundo a coordenadora da C\u00e1ritas Diocesana de Crate\u00fas (CDC), Ir. Erb\u00eania Sousa, o n\u00famero de empreendimentos deste ano \u00e9 quase o dobro em rela\u00e7\u00e3o a outras edi\u00e7\u00f5es: \u201cEste ano vamos ter o dobro de pessoas participando da Feira, \u00e9 um avan\u00e7o para o evento e o povo da regi\u00e3o de Inhamuns e Crate\u00fas\u201d, disse.<\/p>\n<p>A coordenadora do CDC tamb\u00e9m disse que a Feira \u00e9 uma forma de visibilizar a agricultura familiar e a arte do Nordeste para o Brasil. \u201cCom a Feira confirmamos a for\u00e7a da agricultura familiar, do poder das mulheres do campo, porque aproximadamente 65% dela \u00e9 composta por mulheres e ainda mostramos que um novo mundo \u00e9 poss\u00edvel, a partir da solidariedade\u201d, afirma Erb\u00eania.<\/p>\n<p><strong>ASSEMBLEIA DOS FEIRANTES<\/strong><\/p>\n<p>Durante o primeiro dia da Feira, ainda foi realizada a Assembleia dos Feirantes. O encontro teve o objetivo de conhecer os empreendimentos e discutir tabela de pre\u00e7os dos produtos que est\u00e3o sendo comercializados, processo fundamental para garantir uma das finalidades da Economia Popular Solid\u00e1ria, que \u00e9 a de propor uma economia justa, para todas e todos, que prevale\u00e7a a coopera\u00e7\u00e3o e n\u00e3o a competi\u00e7\u00e3o.<\/p>\n<p>A XIII Feira da Agricultura Familiar e Economia Popular Solid\u00e1ria \u2013 Territ\u00f3rio Inhamuns\/ Crate\u00fas foi constru\u00edda de forma coletiva por diversas entidades da regi\u00e3o. Nos dois dias de evento, v\u00e1rias atividades culturais alegra os participantes, como Edilson Barros, Cec\u00edlia do Acordeom, Eliane Brasileiro, Forr\u00f3 Ra\u00edzes EFA, entre outras atra\u00e7\u00f5es.<\/p>\n<p><strong>COM A VOZ: FEIRANTES E SOCIEDADE<\/strong><\/p>\n<p>Para a artes\u00e3 Marlene Gon\u00e7alves dos Santos, do munic\u00edpio de Ararend\u00e1, participar da Feira \u00e9 um momento de crescimento e de troca: \u201cAqui a gente faz muitos amigos, trocamos experi\u00eancias, conhecemos outros produtos e ainda visibilizamos nossa arte, nosso trabalho\u201d. Marlene traz para Feira o artesanato que produz: colchas de croch\u00ea e fita, almofadas, entre outras coisas.<\/p>\n<p>Por outro lado, para o agricultor Francisco Rodrigues da Silva, de Tau\u00e1, participar da feira \u00e9 uma oportunidade de conhecer novos clientes e criar ra\u00edzes. \u201cA Feira me ajuda a mostrar meus produtos e eu consigo clientes para o ano todo\u201d. Ele traz a pa\u00e7oca de gergelim, milho de mugunz\u00e1 e doce de mam\u00e3o, al\u00e9m de alguns artesanatos feito em gesso.<\/p>\n<p>O agricultor Z\u00e9 Maria de Sousa Chaves, de Crate\u00fas, disse que o primeiro dia de Feira est\u00e1 sendo \u00f3timo e que as vendas est\u00e3o boas, mesmo com toda a crise que o pa\u00eds sofre. \u201cEst\u00e1 bom demais, estou vendendo bastante mel, castanha, cocada e gergelim. Me surpreendi com as vendas de hoje, pensei que com a crise n\u00e3o ia vender quase nada. Espero que no segundo dia s\u00f3 melhore\u201d, pontuou.<\/p>\n<p>Para a m\u00e9dica Lia Raquel, que participou da edi\u00e7\u00e3o passada, por\u00e9m n\u00e3o p\u00f4de aproveitar para conhecer os produtos comercializados, a Feira deste ano est\u00e1 representando bem a regi\u00e3o, com a cara do Nordeste brasileiro, al\u00e9m da venda de muita artesanatos bonitos. \u201cEstou adorando, j\u00e1 comprei v\u00e1rias coisas, como blusas de croch\u00ea e tamb\u00e9m artesanato. Agora, quero provar a comida do Sert\u00e3o. Eu recomendo a Feira, estou gostando muito\u201d, concluiu.<\/p>\n<p><em>Por C\u00e1ritas Diocesana de Crate\u00fas<\/em><\/p>\n<ul class=\"ssb_list_wrapper\"><li class=\"fb2\" style=\"width:135px\"><iframe src=\"\/\/www.facebook.com\/plugins\/like.php?href=https%3A%2F%2Fwww.caritasne2.org.br%2Fsite%2Fcomeca-feira-da-agricultura-familiar-de-crateus%2F&amp;layout=button_count&amp;action=like&amp;show_faces=false&amp;share=true&amp;width=135&amp;height=21&amp;appId=307091639398582\" scrolling=\"no\" frameborder=\"0\" style=\"border:none; overflow:hidden;  width:150px; height:21px;\" allowTransparency=\"true\"><\/iframe><\/li><li class=\"twtr\" style=\"width:90px\"><a href=\"https:\/\/twitter.com\/share\" class=\"twitter-share-button\" data-url=\"https:\/\/www.caritasne2.org.br\/site\/comeca-feira-da-agricultura-familiar-de-crateus\/\">&nbsp;<\/a><script>!function(d,s,id){var js,fjs=d.getElementsByTagName(s)[0],p=\/^http:\/.test(d.location)?'http':'https';if(!d.getElementById(id)){js=d.createElement(s);js.id=id;js.src=p+':\/\/platform.twitter.com\/widgets.js';fjs.parentNode.insertBefore(js,fjs);}}(document, 'script', 'twitter-wjs');<\/script><\/li><li class=\"gplus\" style=\"width:68px\"><div class=\"g-plusone\" data-size=\"medium\" data-href=\"https:\/\/www.caritasne2.org.br\/site\/comeca-feira-da-agricultura-familiar-de-crateus\/\"><\/div><\/li><li class=\"ssb_linkedin\" style=\"width:64px\"><script src=\"\/\/platform.linkedin.com\/in.js\" type=\"text\/javascript\">lang: en_US<\/script><script type=\"IN\/Share\" data-url=\"https:\/\/www.caritasne2.org.br\/site\/comeca-feira-da-agricultura-familiar-de-crateus\/\" data-counter=\"right\"><\/script><\/li><\/ul>","protected":false},"excerpt":{"rendered":"<p>O primeiro dia da XIII Feira da Agricultura Familiar e Economia Popular Solid\u00e1ria \u2013 Territ\u00f3rio Inhamuns\/ Crate\u00fas foi marcado por reencontros, abra\u00e7os, otimismo, alegrias e conhecimento. Os 305 agricultores e agricultoras inscritos para o evento, chegaram a Crate\u00fas animados e felizes para participarem da feira, que \u00e9 refer\u00eancia nacional em agricultura familiar e economia solid\u00e1ria. Durante esses dois dias de evento, ser\u00e3o aproximadamente 200 empreendimentos [&hellip;]<\/p>\n<ul class=\"ssb_list_wrapper\"><li class=\"fb2\" style=\"width:135px\"><iframe src=\"\/\/www.facebook.com\/plugins\/like.php?href=https%3A%2F%2Fwww.caritasne2.org.br%2Fsite%2Fcomeca-feira-da-agricultura-familiar-de-crateus%2F&amp;layout=button_count&amp;action=like&amp;show_faces=false&amp;share=true&amp;width=135&amp;height=21&amp;appId=307091639398582\" scrolling=\"no\" frameborder=\"0\" style=\"border:none; overflow:hidden;  width:150px; height:21px;\" allowTransparency=\"true\"><\/iframe><\/li><li class=\"twtr\" style=\"width:90px\"><a href=\"https:\/\/twitter.com\/share\" class=\"twitter-share-button\" data-url=\"https:\/\/www.caritasne2.org.br\/site\/comeca-feira-da-agricultura-familiar-de-crateus\/\">&nbsp;<\/a><script>!function(d,s,id){var js,fjs=d.getElementsByTagName(s)[0],p=\/^http:\/.test(d.location)?'http':'https';if(!d.getElementById(id)){js=d.createElement(s);js.id=id;js.src=p+':\/\/platform.twitter.com\/widgets.js';fjs.parentNode.insertBefore(js,fjs);}}(document, 'script', 'twitter-wjs');<\/script><\/li><li class=\"gplus\" style=\"width:68px\"><div class=\"g-plusone\" data-size=\"medium\" data-href=\"https:\/\/www.caritasne2.org.br\/site\/comeca-feira-da-agricultura-familiar-de-crateus\/\"><\/div><\/li><li class=\"ssb_linkedin\" style=\"width:64px\"><script src=\"\/\/platform.linkedin.com\/in.js\" type=\"text\/javascript\">lang: en_US<\/script><script type=\"IN\/Share\" data-url=\"https:\/\/www.caritasne2.org.br\/site\/comeca-feira-da-agricultura-familiar-de-crateus\/\" data-counter=\"right\"><\/script><\/li><\/ul>","protected":false},"author":4,"featured_media":4783,"comment_status":"open","ping_status":"open","sticky":false,"template":"","format":"standard","meta":[],"categories":[21,200,20],"tags":[837,67,245,1010],"_links":{"self":[{"href":"https:\/\/www.caritasne2.org.br\/site\/wp-json\/wp\/v2\/posts\/4735"}],"collection":[{"href":"https:\/\/www.caritasne2.org.br\/site\/wp-json\/wp\/v2\/posts"}],"about":[{"href":"https:\/\/www.caritasne2.org.br\/site\/wp-json\/wp\/v2\/types\/post"}],"author":[{"embeddable":true,"href":"https:\/\/www.caritasne2.org.br\/site\/wp-json\/wp\/v2\/users\/4"}],"replies":[{"embeddable":true,"href":"https:\/\/www.caritasne2.org.br\/site\/wp-json\/wp\/v2\/comments?post=4735"}],"version-history":[{"count":0,"href":"https:\/\/www.caritasne2.org.br\/site\/wp-json\/wp\/v2\/posts\/4735\/revisions"}],"wp:featuredmedia":[{"embeddable":true,"href":"https:\/\/www.caritasne2.org.br\/site\/wp-json\/wp\/v2\/media\/4783"}],"wp:attachment":[{"href":"https:\/\/www.caritasne2.org.br\/site\/wp-json\/wp\/v2\/media?parent=4735"}],"wp:term":[{"taxonomy":"category","embeddable":true,"href":"https:\/\/www.caritasne2.org.br\/site\/wp-json\/wp\/v2\/categories?post=4735"},{"taxonomy":"post_tag","embeddable":true,"href":"https:\/\/www.caritasne2.org.br\/site\/wp-json\/wp\/v2\/tags?post=4735"}],"curies":[{"name":"wp","href":"https:\/\/api.w.org\/{rel}","templated":true}]}}