{"id":4734,"date":"2017-06-01T16:17:26","date_gmt":"2017-06-01T19:17:26","guid":{"rendered":"http:\/\/ne2.caritas.org.br.s174889.gridserver.com\/?p=4328"},"modified":"2017-07-12T14:09:27","modified_gmt":"2017-07-12T17:09:27","slug":"caritas-apresenta-experiencia-de-comunicacao-em-universidade","status":"publish","type":"post","link":"https:\/\/www.caritasne2.org.br\/site\/caritas-apresenta-experiencia-de-comunicacao-em-universidade\/","title":{"rendered":"C\u00e1ritas apresenta experi\u00eancia de comunica\u00e7\u00e3o em Universidade"},"content":{"rendered":"<p>Estudantes do curso de Comunica\u00e7\u00e3o Social da Universidade Federal de Pernambuco, em Caruaru, conheceram, na \u00faltima sexta-feira (26), a experi\u00eancia de comunica\u00e7\u00e3o da C\u00e1ritas Brasileira Regional Nordeste 2. O convite foi feito pela professora Geovana Mesquita, que leciona a disciplina sobre Comunica\u00e7\u00e3o Comunit\u00e1ria para a turma de alunos. A palestra foi ministrada pelo jornalista e agente C\u00e1ritas, Wagner Cesario.<\/p>\n<p>Na ocasi\u00e3o, os estudantes puderam conhecer os tr\u00eas pilares que estruturam a comunica\u00e7\u00e3o da C\u00e1ritas Brasileira Regional Nordeste 2, no \u00e2mbito institucional e para as mobiliza\u00e7\u00f5es social e de recursos.<\/p>\n<p>De acordo com Wagner, al\u00e9m da troca de conhecimentos, o di\u00e1logo interinstitucional, promovido a partir da palestra, evidencia tamb\u00e9m a visibilidade da organiza\u00e7\u00e3o mediante os diferentes espa\u00e7os. \u201cA participa\u00e7\u00e3o da C\u00e1ritas, em ambientes e ocasi\u00f5es como essa, al\u00e9m de fortalecer e cumprir uma das estrat\u00e9gias previstas na Pol\u00edtica Nacional de Comunica\u00e7\u00e3o, que \u00e9 a busca pela visibilidade, tamb\u00e9m mostra ao p\u00fablico externo a experi\u00eancia comunit\u00e1ria, que permite que as pessoas falem e, ao mesmo tempo, se percebam\u201d, pontuou.<\/p>\n<p><strong><br \/>\nEncontro da Comiss\u00e3o Regional de Comunica\u00e7\u00e3o<\/strong><\/p>\n<p>No s\u00e1bado (27), foi realizado o encontro da Comiss\u00e3o Regional de Comunica\u00e7\u00e3o, no audit\u00f3rio do Hotel Vila Rica, em Caruaru. Na ocasi\u00e3o, estiveram presentes os assessores de comunica\u00e7\u00e3o e mobiliza\u00e7\u00e3o de recursos do Secretariado e tamb\u00e9m comunicadores\/as das organiza\u00e7\u00f5es membros.<\/p>\n<p>O encontro teve como objetivo o fortalecimento da comunica\u00e7\u00e3o da Rede C\u00e1ritas Brasileira Regional Nordeste 2 e tamb\u00e9m a articula\u00e7\u00e3o de iniciativas que contribuam para a visibilidade institucional, mobiliza\u00e7\u00f5es social e de recursos.<\/p>\n<p>Para a agente da C\u00e1ritas Diocesana de Caic\u00f3, Fabiana Silva, o encontro ampliou ainda mais o debate sobre a comunica\u00e7\u00e3o como uma ferramenta estrat\u00e9gica. \u201cMuitas vezes, os comunicadores\/as trabalham sozinhos\/as. Se a gest\u00e3o n\u00e3o estiver convencida que esse trabalho \u00e9 fundamental, muitos processos ser\u00e3o fragilizados\u201d, afirmou.<\/p>\n<p><em>Por Lidiane Santos | Assessoria de Comunica\u00e7\u00e3o do Regional NE2<\/em><\/p>\n<ul class=\"ssb_list_wrapper\"><li class=\"fb2\" style=\"width:135px\"><iframe src=\"\/\/www.facebook.com\/plugins\/like.php?href=https%3A%2F%2Fwww.caritasne2.org.br%2Fsite%2Fcaritas-apresenta-experiencia-de-comunicacao-em-universidade%2F&amp;layout=button_count&amp;action=like&amp;show_faces=false&amp;share=true&amp;width=135&amp;height=21&amp;appId=307091639398582\" scrolling=\"no\" frameborder=\"0\" style=\"border:none; overflow:hidden;  width:150px; height:21px;\" allowTransparency=\"true\"><\/iframe><\/li><li class=\"twtr\" style=\"width:90px\"><a href=\"https:\/\/twitter.com\/share\" class=\"twitter-share-button\" data-url=\"https:\/\/www.caritasne2.org.br\/site\/caritas-apresenta-experiencia-de-comunicacao-em-universidade\/\">&nbsp;<\/a><script>!function(d,s,id){var js,fjs=d.getElementsByTagName(s)[0],p=\/^http:\/.test(d.location)?'http':'https';if(!d.getElementById(id)){js=d.createElement(s);js.id=id;js.src=p+':\/\/platform.twitter.com\/widgets.js';fjs.parentNode.insertBefore(js,fjs);}}(document, 'script', 'twitter-wjs');<\/script><\/li><li class=\"gplus\" style=\"width:68px\"><div class=\"g-plusone\" data-size=\"medium\" data-href=\"https:\/\/www.caritasne2.org.br\/site\/caritas-apresenta-experiencia-de-comunicacao-em-universidade\/\"><\/div><\/li><li class=\"ssb_linkedin\" style=\"width:64px\"><script src=\"\/\/platform.linkedin.com\/in.js\" type=\"text\/javascript\">lang: en_US<\/script><script type=\"IN\/Share\" data-url=\"https:\/\/www.caritasne2.org.br\/site\/caritas-apresenta-experiencia-de-comunicacao-em-universidade\/\" data-counter=\"right\"><\/script><\/li><\/ul>","protected":false},"excerpt":{"rendered":"<p>Estudantes do curso de Comunica\u00e7\u00e3o Social da Universidade Federal de Pernambuco, em Caruaru, conheceram, na \u00faltima sexta-feira (26), a experi\u00eancia de comunica\u00e7\u00e3o da C\u00e1ritas Brasileira Regional Nordeste 2. O convite foi feito pela professora Geovana Mesquita, que leciona a disciplina sobre Comunica\u00e7\u00e3o Comunit\u00e1ria para a turma de alunos. A palestra foi ministrada pelo jornalista e agente C\u00e1ritas, Wagner Cesario. Na ocasi\u00e3o, os estudantes puderam conhecer [&hellip;]<\/p>\n<ul class=\"ssb_list_wrapper\"><li class=\"fb2\" style=\"width:135px\"><iframe src=\"\/\/www.facebook.com\/plugins\/like.php?href=https%3A%2F%2Fwww.caritasne2.org.br%2Fsite%2Fcaritas-apresenta-experiencia-de-comunicacao-em-universidade%2F&amp;layout=button_count&amp;action=like&amp;show_faces=false&amp;share=true&amp;width=135&amp;height=21&amp;appId=307091639398582\" scrolling=\"no\" frameborder=\"0\" style=\"border:none; overflow:hidden;  width:150px; height:21px;\" allowTransparency=\"true\"><\/iframe><\/li><li class=\"twtr\" style=\"width:90px\"><a href=\"https:\/\/twitter.com\/share\" class=\"twitter-share-button\" data-url=\"https:\/\/www.caritasne2.org.br\/site\/caritas-apresenta-experiencia-de-comunicacao-em-universidade\/\">&nbsp;<\/a><script>!function(d,s,id){var js,fjs=d.getElementsByTagName(s)[0],p=\/^http:\/.test(d.location)?'http':'https';if(!d.getElementById(id)){js=d.createElement(s);js.id=id;js.src=p+':\/\/platform.twitter.com\/widgets.js';fjs.parentNode.insertBefore(js,fjs);}}(document, 'script', 'twitter-wjs');<\/script><\/li><li class=\"gplus\" style=\"width:68px\"><div class=\"g-plusone\" data-size=\"medium\" data-href=\"https:\/\/www.caritasne2.org.br\/site\/caritas-apresenta-experiencia-de-comunicacao-em-universidade\/\"><\/div><\/li><li class=\"ssb_linkedin\" style=\"width:64px\"><script src=\"\/\/platform.linkedin.com\/in.js\" type=\"text\/javascript\">lang: en_US<\/script><script type=\"IN\/Share\" data-url=\"https:\/\/www.caritasne2.org.br\/site\/caritas-apresenta-experiencia-de-comunicacao-em-universidade\/\" data-counter=\"right\"><\/script><\/li><\/ul>","protected":false},"author":4,"featured_media":4810,"comment_status":"open","ping_status":"open","sticky":false,"template":"","format":"standard","meta":[],"categories":[944,20],"tags":[837,300,67,581],"_links":{"self":[{"href":"https:\/\/www.caritasne2.org.br\/site\/wp-json\/wp\/v2\/posts\/4734"}],"collection":[{"href":"https:\/\/www.caritasne2.org.br\/site\/wp-json\/wp\/v2\/posts"}],"about":[{"href":"https:\/\/www.caritasne2.org.br\/site\/wp-json\/wp\/v2\/types\/post"}],"author":[{"embeddable":true,"href":"https:\/\/www.caritasne2.org.br\/site\/wp-json\/wp\/v2\/users\/4"}],"replies":[{"embeddable":true,"href":"https:\/\/www.caritasne2.org.br\/site\/wp-json\/wp\/v2\/comments?post=4734"}],"version-history":[{"count":0,"href":"https:\/\/www.caritasne2.org.br\/site\/wp-json\/wp\/v2\/posts\/4734\/revisions"}],"wp:featuredmedia":[{"embeddable":true,"href":"https:\/\/www.caritasne2.org.br\/site\/wp-json\/wp\/v2\/media\/4810"}],"wp:attachment":[{"href":"https:\/\/www.caritasne2.org.br\/site\/wp-json\/wp\/v2\/media?parent=4734"}],"wp:term":[{"taxonomy":"category","embeddable":true,"href":"https:\/\/www.caritasne2.org.br\/site\/wp-json\/wp\/v2\/categories?post=4734"},{"taxonomy":"post_tag","embeddable":true,"href":"https:\/\/www.caritasne2.org.br\/site\/wp-json\/wp\/v2\/tags?post=4734"}],"curies":[{"name":"wp","href":"https:\/\/api.w.org\/{rel}","templated":true}]}}