{"id":4731,"date":"2017-05-25T15:48:26","date_gmt":"2017-05-25T18:48:26","guid":{"rendered":"http:\/\/ne2.caritas.org.br.s174889.gridserver.com\/?p=4309"},"modified":"2017-07-12T14:28:38","modified_gmt":"2017-07-12T17:28:38","slug":"emocao-marca-entrega-da-casa-de-dona-maria","status":"publish","type":"post","link":"https:\/\/www.caritasne2.org.br\/site\/emocao-marca-entrega-da-casa-de-dona-maria\/","title":{"rendered":"Emo\u00e7\u00e3o marca entrega da casa de Dona Maria"},"content":{"rendered":"<p>Na \u00faltima sexta-feira (19), dona Maria Jos\u00e9 da Silva (30), o marido e os cinco filhos do casal celebraram uma nova fase da vida familiar: a mudan\u00e7a de casa. Na ocasi\u00e3o, eles receberam agentes C\u00e1ritas, gestores p\u00fablicos e vizinhos para um caf\u00e9 na nova resid\u00eancia da fam\u00edlia, localizada no S\u00edtio Junco, em Paranatama (PE).<\/p>\n<p>Dessa forma, o novo lar da fam\u00edlia de dona Maria come\u00e7ou a fazer parte de um conjunto de 50% das resid\u00eancias brasileiras que apresenta condi\u00e7\u00f5es adequadas de moradia, segundo o Censo Demogr\u00e1fico, realizado em 2010. Para ser considerada assim, na hora da pesquisa, o Instituto Brasileiro de Geografia e Estat\u00edstica (IBGE) leva em considera\u00e7\u00e3o itens como abastecimento de \u00e1gua, esgoto sanit\u00e1rio e fossa s\u00e9ptica.<\/p>\n<p>Diferente da antiga, que ocupa uma \u00e1rea de, aproximadamente, 15m\u00b2, a nova casa possui sala, cozinha, sanit\u00e1rio e tr\u00eas quartos, totalizando, dessa forma, quase 100m\u00b2. Ela \u00e9 resultado da mobiliza\u00e7\u00e3o iniciada pelos agentes da C\u00e1ritas Brasileira Regional Nordeste 2, atrav\u00e9s do Programa de Conviv\u00eancia com o Semi\u00e1rido (PCSA) durante a execu\u00e7\u00e3o do \u00c1gua Para Todos, que contempla fam\u00edlias agricultoras com cisterna de placas para captar e armazenar \u00e1gua da chuva e destin\u00e1-la ao consumo humano.<\/p>\n<p><a href=\"http:\/\/www.caritasne2.org.br\/wp-content\/uploads\/2017\/05\/Azulejo-Dona-Maria-300x300.jpg\" rel=\"attachment wp-att-4310\"><img decoding=\"async\" loading=\"lazy\" class=\"alignright wp-image-4310 size-medium\" title=\"Azulejo - Dona Maria\" src=\"http:\/\/ne2.caritas.org.br.s174889.gridserver.com\/wp-content\/uploads\/2017\/05\/Azulejo-Dona-Maria-300x300.jpg\" alt=\"\" width=\"300\" height=\"300\" \/><\/a>Para marcar a ocasi\u00e3o, a fam\u00edlia recebeu como lembran\u00e7a um azulejo com a seguinte mensagem impressa: \u201cEsta casa \u00e9 fruto da Solidariedade de muitas m\u00e3os. Que o amor permane\u00e7a nela e com os seus moradores\u201d. Al\u00e9m desse pequeno texto, a arte trazia a identidade visual da campanha SOS Dona Maria, que foi a a\u00e7\u00e3o institucional que marcou o #DiaDeDoar.<\/p>\n<p>A assessora regional do PCSA, Flavianeide Pereira, agradeceu, inicialmente, aos agentes C\u00e1ritas, que acreditaram na transforma\u00e7\u00e3o de vida da fam\u00edlia e, atrav\u00e9s do trabalho de cada um\/a, tornou-se realidade. Em seguida, estendeu o agradecimento aos parceiros, que tamb\u00e9m somaram-se \u00e0 mobiliza\u00e7\u00e3o. Ela destacou, ainda, o papel fundamental que a solidariedade desempenhou desde o in\u00edcio dessa hist\u00f3ria. \u201cSem os gestos solid\u00e1rios de cada pessoa, transformar a realidade social dessa fam\u00edlia n\u00e3o seria imposs\u00edvel, mas seria mais dif\u00edcil. Antes, ter uma casa como essa era um sonho distante, mas, hoje, \u00e9 real\u201d, afirmou.<\/p>\n<p>Visivelmente emocionada, a fam\u00edlia agradeceu por tudo o que a nova casa ir\u00e1 proporcionar. Seu Jos\u00e9, esposo de dona Maria, esbo\u00e7ou um \u201cmuito obrigado\u201d, mas as l\u00e1grimas do agricultor n\u00e3o permitiram que ele seguisse com o discurso. \u201cEu chorei, mas n\u00e3o foi de tristeza, foi de felicidade. Tenho muito o que agradecer a Deus e depois a todos que me ajudaram para que eu e minha pudesse viver numa casa como essa\u201d, disse o agricultor.<\/p>\n<p><em>Por Lidiane Santos | Assessoria de Comunica\u00e7\u00e3o do Regional NE2<\/em><\/p>\n<ul class=\"ssb_list_wrapper\"><li class=\"fb2\" style=\"width:135px\"><iframe src=\"\/\/www.facebook.com\/plugins\/like.php?href=https%3A%2F%2Fwww.caritasne2.org.br%2Fsite%2Femocao-marca-entrega-da-casa-de-dona-maria%2F&amp;layout=button_count&amp;action=like&amp;show_faces=false&amp;share=true&amp;width=135&amp;height=21&amp;appId=307091639398582\" scrolling=\"no\" frameborder=\"0\" style=\"border:none; overflow:hidden;  width:150px; height:21px;\" allowTransparency=\"true\"><\/iframe><\/li><li class=\"twtr\" style=\"width:90px\"><a href=\"https:\/\/twitter.com\/share\" class=\"twitter-share-button\" data-url=\"https:\/\/www.caritasne2.org.br\/site\/emocao-marca-entrega-da-casa-de-dona-maria\/\">&nbsp;<\/a><script>!function(d,s,id){var js,fjs=d.getElementsByTagName(s)[0],p=\/^http:\/.test(d.location)?'http':'https';if(!d.getElementById(id)){js=d.createElement(s);js.id=id;js.src=p+':\/\/platform.twitter.com\/widgets.js';fjs.parentNode.insertBefore(js,fjs);}}(document, 'script', 'twitter-wjs');<\/script><\/li><li class=\"gplus\" style=\"width:68px\"><div class=\"g-plusone\" data-size=\"medium\" data-href=\"https:\/\/www.caritasne2.org.br\/site\/emocao-marca-entrega-da-casa-de-dona-maria\/\"><\/div><\/li><li class=\"ssb_linkedin\" style=\"width:64px\"><script src=\"\/\/platform.linkedin.com\/in.js\" type=\"text\/javascript\">lang: en_US<\/script><script type=\"IN\/Share\" data-url=\"https:\/\/www.caritasne2.org.br\/site\/emocao-marca-entrega-da-casa-de-dona-maria\/\" data-counter=\"right\"><\/script><\/li><\/ul>","protected":false},"excerpt":{"rendered":"<p>Na \u00faltima sexta-feira (19), dona Maria Jos\u00e9 da Silva (30), o marido e os cinco filhos do casal celebraram uma nova fase da vida familiar: a mudan\u00e7a de casa. Na ocasi\u00e3o, eles receberam agentes C\u00e1ritas, gestores p\u00fablicos e vizinhos para um caf\u00e9 na nova resid\u00eancia da fam\u00edlia, localizada no S\u00edtio Junco, em Paranatama (PE). Dessa forma, o novo lar da fam\u00edlia de dona Maria come\u00e7ou [&hellip;]<\/p>\n<ul class=\"ssb_list_wrapper\"><li class=\"fb2\" style=\"width:135px\"><iframe src=\"\/\/www.facebook.com\/plugins\/like.php?href=https%3A%2F%2Fwww.caritasne2.org.br%2Fsite%2Femocao-marca-entrega-da-casa-de-dona-maria%2F&amp;layout=button_count&amp;action=like&amp;show_faces=false&amp;share=true&amp;width=135&amp;height=21&amp;appId=307091639398582\" scrolling=\"no\" frameborder=\"0\" style=\"border:none; overflow:hidden;  width:150px; height:21px;\" allowTransparency=\"true\"><\/iframe><\/li><li class=\"twtr\" style=\"width:90px\"><a href=\"https:\/\/twitter.com\/share\" class=\"twitter-share-button\" data-url=\"https:\/\/www.caritasne2.org.br\/site\/emocao-marca-entrega-da-casa-de-dona-maria\/\">&nbsp;<\/a><script>!function(d,s,id){var js,fjs=d.getElementsByTagName(s)[0],p=\/^http:\/.test(d.location)?'http':'https';if(!d.getElementById(id)){js=d.createElement(s);js.id=id;js.src=p+':\/\/platform.twitter.com\/widgets.js';fjs.parentNode.insertBefore(js,fjs);}}(document, 'script', 'twitter-wjs');<\/script><\/li><li class=\"gplus\" style=\"width:68px\"><div class=\"g-plusone\" data-size=\"medium\" data-href=\"https:\/\/www.caritasne2.org.br\/site\/emocao-marca-entrega-da-casa-de-dona-maria\/\"><\/div><\/li><li class=\"ssb_linkedin\" style=\"width:64px\"><script src=\"\/\/platform.linkedin.com\/in.js\" type=\"text\/javascript\">lang: en_US<\/script><script type=\"IN\/Share\" data-url=\"https:\/\/www.caritasne2.org.br\/site\/emocao-marca-entrega-da-casa-de-dona-maria\/\" data-counter=\"right\"><\/script><\/li><\/ul>","protected":false},"author":4,"featured_media":4816,"comment_status":"open","ping_status":"open","sticky":false,"template":"","format":"standard","meta":[],"categories":[72,20],"tags":[946,878,837,84,67,467],"_links":{"self":[{"href":"https:\/\/www.caritasne2.org.br\/site\/wp-json\/wp\/v2\/posts\/4731"}],"collection":[{"href":"https:\/\/www.caritasne2.org.br\/site\/wp-json\/wp\/v2\/posts"}],"about":[{"href":"https:\/\/www.caritasne2.org.br\/site\/wp-json\/wp\/v2\/types\/post"}],"author":[{"embeddable":true,"href":"https:\/\/www.caritasne2.org.br\/site\/wp-json\/wp\/v2\/users\/4"}],"replies":[{"embeddable":true,"href":"https:\/\/www.caritasne2.org.br\/site\/wp-json\/wp\/v2\/comments?post=4731"}],"version-history":[{"count":0,"href":"https:\/\/www.caritasne2.org.br\/site\/wp-json\/wp\/v2\/posts\/4731\/revisions"}],"wp:featuredmedia":[{"embeddable":true,"href":"https:\/\/www.caritasne2.org.br\/site\/wp-json\/wp\/v2\/media\/4816"}],"wp:attachment":[{"href":"https:\/\/www.caritasne2.org.br\/site\/wp-json\/wp\/v2\/media?parent=4731"}],"wp:term":[{"taxonomy":"category","embeddable":true,"href":"https:\/\/www.caritasne2.org.br\/site\/wp-json\/wp\/v2\/categories?post=4731"},{"taxonomy":"post_tag","embeddable":true,"href":"https:\/\/www.caritasne2.org.br\/site\/wp-json\/wp\/v2\/tags?post=4731"}],"curies":[{"name":"wp","href":"https:\/\/api.w.org\/{rel}","templated":true}]}}