{"id":4730,"date":"2017-05-25T12:34:35","date_gmt":"2017-05-25T15:34:35","guid":{"rendered":"http:\/\/ne2.caritas.org.br.s174889.gridserver.com\/?p=4297"},"modified":"2017-07-12T14:38:08","modified_gmt":"2017-07-12T17:38:08","slug":"caritas-participa-de-debate-sobre-energias-renovaveis-para-semiarido-2","status":"publish","type":"post","link":"https:\/\/www.caritasne2.org.br\/site\/caritas-participa-de-debate-sobre-energias-renovaveis-para-semiarido-2\/","title":{"rendered":"C\u00e1ritas participa de debate sobre energias renov\u00e1veis para o Semi\u00e1rido"},"content":{"rendered":"<p>Representantes de organiza\u00e7\u00f5es da sociedade civil, pesquisadores, gestores p\u00fablicos, estudantes e trabalhadores do campo e da cidade se reuniram nos dias 17 e 18 de maio de 2017, no III F\u00f3rum do Semi\u00e1rido de Energia Renov\u00e1vel, na cidade de Patos (PB). O encontro, realizado no audit\u00f3rio do Sebrae, faz parte de um conjunto de atividades, promovidas pelo Comit\u00ea de Energia Renov\u00e1vel do Semi\u00e1rido (Cersa), que buscam propor reflex\u00f5es sobre fontes alternativas de energia, como a solar, para a regi\u00e3o.<\/p>\n<p>Ao longo do evento, foram realizadas diversas mesas de debates e em uma delas participou o assessor do Secretariado Nacional da C\u00e1ritas Brasileira, Jo\u00e3o Paulo Couto. Na ocasi\u00e3o, ele falou sobre o \u201cpoder de sociedade civil mobilizada\u201d, apresentando o Marco Referencial da institui\u00e7\u00e3o, bem como iniciativas desenvolvidas pela C\u00e1ritas que contribuem para o engajamento dos p\u00fablicos acompanhados e protagonismo deles junto ao poder p\u00fablico. \u201cDiante dos desafios, h\u00e1 um grupo de pessoas que est\u00e1 discutindo com bastante afinco a quest\u00e3o das energias renov\u00e1veis. E o que pude ver, nesse f\u00f3rum, de mais importante \u00e9 a incid\u00eancia pol\u00edtica que tem envolvido os gestores p\u00fablicos nessa perspectiva de rever a matriz energ\u00e9tica que est\u00e1 colocada\u201d, disse Couto.<\/p>\n<p>Al\u00e9m dos esfor\u00e7os pela constru\u00e7\u00e3o de pol\u00edticas p\u00fablicas voltadas para o uso de energias renov\u00e1veis, o Cersa trabalha no sentido de difundir para a popula\u00e7\u00e3o em geral as alternativas de produ\u00e7\u00e3o de energia, bem como implementar a\u00e7\u00f5es, com a instala\u00e7\u00e3o de equipamentos de capta\u00e7\u00e3o da luz solar, por exemplo, em escolas, pequenas propriedades rurais. Para o coordenador do Comit\u00ea, C\u00e9sar N\u00f3brega, a cada f\u00f3rum, nesses tr\u00eas anos de atua\u00e7\u00e3o do Cersa, novos atores se envolvem e ajudam a encontrar caminhos que minimizem os impactos das mudan\u00e7as clim\u00e1ticas sobre o Semi\u00e1rido. \u201cNo in\u00edcio, muitas pessoas n\u00e3o acreditavam que era poss\u00edvel, que a capta\u00e7\u00e3o de energia fotovoltaica n\u00e3o fosse vi\u00e1vel. Mas, com as discuss\u00f5es, nas tr\u00eas cidades de abrang\u00eancia do projeto Semi\u00e1rido Solar (Patos, Pombal e Sousa), j\u00e1 notamos que a popula\u00e7\u00e3o tem assimilado melhor as alternativas e trazido suas contribui\u00e7\u00f5es para os debates, a partir das viv\u00eancias\u201d, avaliou N\u00f3brega.<\/p>\n<p>Essa partilha de informa\u00e7\u00f5es entre o cient\u00edfico e o senso comum tamb\u00e9m foi destaque na fala do coordenador do Programa de Promo\u00e7\u00e3o e A\u00e7\u00e3o Comunit\u00e1ria, da A\u00e7\u00e3o Social Diocesana de Patos (ASDP), Irenaldo Pereira, que participou da mesa \u201cO valor da Caatinga e a conviv\u00eancia com o Semi\u00e1rido\u201d. \u201cComo integrantes desse comit\u00ea, temos procurado inserir as fam\u00edlias camponesas que acompanhamos, porque entendemos que elas t\u00eam uma vis\u00e3o integrada na rela\u00e7\u00e3o com a natureza e podem trazer elementos importantes. Ao mesmo tempo, j\u00e1 temos experi\u00eancias bastante interessantes, propostas pelo Cersa, como a implanta\u00e7\u00e3o de fog\u00f5es ecol\u00f3gicos, biodigestores e de placas de capta\u00e7\u00e3o de energia fotovoltaica em propriedades rurais\u201d, disse Pereira.<\/p>\n<p><strong>Experi\u00eancias<\/strong><\/p>\n<p>&nbsp;<\/p>\n<p><img decoding=\"async\" loading=\"lazy\" class=\"alignright size-full wp-image-4821\" src=\"http:\/\/www.caritasne2.org.br\/wp-content\/uploads\/2017\/05\/IMG_7068-300x225.jpg\" alt=\"\" width=\"300\" height=\"225\" \/>a realiza\u00e7\u00e3o do f\u00f3rum, nos dias 18, 19 e 20, o assessor da C\u00e1ritas Brasileira, Jo\u00e3o Paulo Couto, e o gerente financeiro da C\u00e1ritas Brasileira Regional Nordeste 2, Alexandro Oliveira, puderam conhecer a\u00e7\u00f5es desenvolvidas pelo projeto Semi\u00e1rido Solar, no m\u00e9dio sert\u00e3o paraibano. Uma delas foi a do agricultor Jos\u00e9 Marcelino, na zona rural do munic\u00edpio de Cacimba de Areia. Na propriedade, foram implantadas cinco placas de energia para capta\u00e7\u00e3o de energia solar que v\u00e3o ajudar no beneficiamento de polpa de frutas. Aguardando a libera\u00e7\u00e3o da companhia de energia da regi\u00e3o, o agricultor espera, quando estiver em funcionamento, suprir 70% do consumo de quilowatt-hora, reduzindo os custos na conta mensal de energia el\u00e9trica.<\/p>\n<p>Al\u00e9m disso, foi constru\u00eddo um fog\u00e3o ecol\u00f3gico que tem ajudado na rotina da casa e, ao mesmo tempo, preservado o meio ambiente, visto que evita o desmatamento da regi\u00e3o. \u201cA gente percebe um processo de organiza\u00e7\u00e3o importante. E n\u00f3s apostamos nisso e queremos promover mais interc\u00e2mbios para que essas experi\u00eancias cheguem a comunidades de outras regi\u00f5es\u201d, destacou Jo\u00e3o Paulo.<\/p>\n<p><em>Por Wagner Cesario | Assessoria de Comunica\u00e7\u00e3o do Regional NE2<\/em><\/p>\n<ul class=\"ssb_list_wrapper\"><li class=\"fb2\" style=\"width:135px\"><iframe src=\"\/\/www.facebook.com\/plugins\/like.php?href=https%3A%2F%2Fwww.caritasne2.org.br%2Fsite%2Fcaritas-participa-de-debate-sobre-energias-renovaveis-para-semiarido-2%2F&amp;layout=button_count&amp;action=like&amp;show_faces=false&amp;share=true&amp;width=135&amp;height=21&amp;appId=307091639398582\" scrolling=\"no\" frameborder=\"0\" style=\"border:none; overflow:hidden;  width:150px; height:21px;\" allowTransparency=\"true\"><\/iframe><\/li><li class=\"twtr\" style=\"width:90px\"><a href=\"https:\/\/twitter.com\/share\" class=\"twitter-share-button\" data-url=\"https:\/\/www.caritasne2.org.br\/site\/caritas-participa-de-debate-sobre-energias-renovaveis-para-semiarido-2\/\">&nbsp;<\/a><script>!function(d,s,id){var js,fjs=d.getElementsByTagName(s)[0],p=\/^http:\/.test(d.location)?'http':'https';if(!d.getElementById(id)){js=d.createElement(s);js.id=id;js.src=p+':\/\/platform.twitter.com\/widgets.js';fjs.parentNode.insertBefore(js,fjs);}}(document, 'script', 'twitter-wjs');<\/script><\/li><li class=\"gplus\" style=\"width:68px\"><div class=\"g-plusone\" data-size=\"medium\" data-href=\"https:\/\/www.caritasne2.org.br\/site\/caritas-participa-de-debate-sobre-energias-renovaveis-para-semiarido-2\/\"><\/div><\/li><li class=\"ssb_linkedin\" style=\"width:64px\"><script src=\"\/\/platform.linkedin.com\/in.js\" type=\"text\/javascript\">lang: en_US<\/script><script type=\"IN\/Share\" data-url=\"https:\/\/www.caritasne2.org.br\/site\/caritas-participa-de-debate-sobre-energias-renovaveis-para-semiarido-2\/\" data-counter=\"right\"><\/script><\/li><\/ul>","protected":false},"excerpt":{"rendered":"<p>Representantes de organiza\u00e7\u00f5es da sociedade civil, pesquisadores, gestores p\u00fablicos, estudantes e trabalhadores do campo e da cidade se reuniram nos dias 17 e 18 de maio de 2017, no III F\u00f3rum do Semi\u00e1rido de Energia Renov\u00e1vel, na cidade de Patos (PB). O encontro, realizado no audit\u00f3rio do Sebrae, faz parte de um conjunto de atividades, promovidas pelo Comit\u00ea de Energia Renov\u00e1vel do Semi\u00e1rido (Cersa), que [&hellip;]<\/p>\n<ul class=\"ssb_list_wrapper\"><li class=\"fb2\" style=\"width:135px\"><iframe src=\"\/\/www.facebook.com\/plugins\/like.php?href=https%3A%2F%2Fwww.caritasne2.org.br%2Fsite%2Fcaritas-participa-de-debate-sobre-energias-renovaveis-para-semiarido-2%2F&amp;layout=button_count&amp;action=like&amp;show_faces=false&amp;share=true&amp;width=135&amp;height=21&amp;appId=307091639398582\" scrolling=\"no\" frameborder=\"0\" style=\"border:none; overflow:hidden;  width:150px; height:21px;\" allowTransparency=\"true\"><\/iframe><\/li><li class=\"twtr\" style=\"width:90px\"><a href=\"https:\/\/twitter.com\/share\" class=\"twitter-share-button\" data-url=\"https:\/\/www.caritasne2.org.br\/site\/caritas-participa-de-debate-sobre-energias-renovaveis-para-semiarido-2\/\">&nbsp;<\/a><script>!function(d,s,id){var js,fjs=d.getElementsByTagName(s)[0],p=\/^http:\/.test(d.location)?'http':'https';if(!d.getElementById(id)){js=d.createElement(s);js.id=id;js.src=p+':\/\/platform.twitter.com\/widgets.js';fjs.parentNode.insertBefore(js,fjs);}}(document, 'script', 'twitter-wjs');<\/script><\/li><li class=\"gplus\" style=\"width:68px\"><div class=\"g-plusone\" data-size=\"medium\" data-href=\"https:\/\/www.caritasne2.org.br\/site\/caritas-participa-de-debate-sobre-energias-renovaveis-para-semiarido-2\/\"><\/div><\/li><li class=\"ssb_linkedin\" style=\"width:64px\"><script src=\"\/\/platform.linkedin.com\/in.js\" type=\"text\/javascript\">lang: en_US<\/script><script type=\"IN\/Share\" data-url=\"https:\/\/www.caritasne2.org.br\/site\/caritas-participa-de-debate-sobre-energias-renovaveis-para-semiarido-2\/\" data-counter=\"right\"><\/script><\/li><\/ul>","protected":false},"author":4,"featured_media":4823,"comment_status":"open","ping_status":"open","sticky":false,"template":"","format":"standard","meta":[],"categories":[20,455],"tags":[46,67,997,1007,792,100],"_links":{"self":[{"href":"https:\/\/www.caritasne2.org.br\/site\/wp-json\/wp\/v2\/posts\/4730"}],"collection":[{"href":"https:\/\/www.caritasne2.org.br\/site\/wp-json\/wp\/v2\/posts"}],"about":[{"href":"https:\/\/www.caritasne2.org.br\/site\/wp-json\/wp\/v2\/types\/post"}],"author":[{"embeddable":true,"href":"https:\/\/www.caritasne2.org.br\/site\/wp-json\/wp\/v2\/users\/4"}],"replies":[{"embeddable":true,"href":"https:\/\/www.caritasne2.org.br\/site\/wp-json\/wp\/v2\/comments?post=4730"}],"version-history":[{"count":0,"href":"https:\/\/www.caritasne2.org.br\/site\/wp-json\/wp\/v2\/posts\/4730\/revisions"}],"wp:featuredmedia":[{"embeddable":true,"href":"https:\/\/www.caritasne2.org.br\/site\/wp-json\/wp\/v2\/media\/4823"}],"wp:attachment":[{"href":"https:\/\/www.caritasne2.org.br\/site\/wp-json\/wp\/v2\/media?parent=4730"}],"wp:term":[{"taxonomy":"category","embeddable":true,"href":"https:\/\/www.caritasne2.org.br\/site\/wp-json\/wp\/v2\/categories?post=4730"},{"taxonomy":"post_tag","embeddable":true,"href":"https:\/\/www.caritasne2.org.br\/site\/wp-json\/wp\/v2\/tags?post=4730"}],"curies":[{"name":"wp","href":"https:\/\/api.w.org\/{rel}","templated":true}]}}