{"id":4729,"date":"2017-05-25T13:30:58","date_gmt":"2017-05-25T16:30:58","guid":{"rendered":"http:\/\/ne2.caritas.org.br.s174889.gridserver.com\/?p=4289"},"modified":"2017-07-12T14:34:48","modified_gmt":"2017-07-12T17:34:48","slug":"rede-de-enfrentamento-ao-abuso-exploracao-sexual-de-criancas-adolescentes-realiza-acoes-mes-de-maio","status":"publish","type":"post","link":"https:\/\/www.caritasne2.org.br\/site\/rede-de-enfrentamento-ao-abuso-exploracao-sexual-de-criancas-adolescentes-realiza-acoes-mes-de-maio\/","title":{"rendered":"Rede de enfrentamento ao abuso e explora\u00e7\u00e3o sexual de crian\u00e7as e adolescentes realiza a\u00e7\u00f5es no m\u00eas de maio"},"content":{"rendered":"<p>Maio \u00e9 o m\u00eas dedicado a sensibilizar e chamar a aten\u00e7\u00e3o da sociedade para o engajamento contra a pr\u00e1tica de viola\u00e7\u00e3o dos direitos sexuais de crian\u00e7as e adolescentes. Para marcar as diversas iniciativas que acontecem em todo pa\u00eds, foi institu\u00eddo pela Lei Federal 9.970\/00, o dia 18 de maio, como o Dia Nacional de Combate ao Abuso e \u00e0 Explora\u00e7\u00e3o Sexual de Crian\u00e7as e Adolescentes.<\/p>\n<p>Em 2016, Pernambuco registrou 1.415 casos de abuso e explora\u00e7\u00e3o sexual contra crian\u00e7as e adolescentes, os dados s\u00e3o da Secretaria de Defesa Social (SDS). Mas, esses n\u00fameros podem ser ainda maiores, porque nem todos os casos s\u00e3o denunciados e registrados. O cen\u00e1rio nacional apresenta um panorama bem mais assustador, ou seja, estima-se que esses n\u00fameros cheguem a 100 mil casos, todos os anos, segundo a Organiza\u00e7\u00e3o Internacional do Trabalho (OIT).<\/p>\n<p>Diante desta realidade, no m\u00ednimo, alarmante, a C\u00e1ritas Brasileira Regional Nordeste 2, por meio do Programa Inf\u00e2ncia, Adolesc\u00eancia e Juventudes (PIAJ) vem, efetivamente, garantindo sua participa\u00e7\u00e3o na Rede Estadual de Enfrentamento. E, a partir de a\u00e7\u00f5es articuladas em rede, com apoio do Minist\u00e9rio P\u00fablico de Pernambuco (MPPE), Conselho Tutelar, Departamento de Pol\u00edcia da Crian\u00e7a e Adolescente (DPCA) e organiza\u00e7\u00f5es da sociedade civil, v\u00e1rias iniciativas foram planejadas e est\u00e3o sendo colocadas em pr\u00e1tica, neste m\u00eas de maio.<\/p>\n<p><strong>Campanha<\/strong><\/p>\n<p>Entre as atividades est\u00e3o o lan\u00e7amento da campanha Crian\u00e7as e Adolescentes Livres de Todo Tipo de Viol\u00eancia Sexual, que ocorreu no dia 04 de maio, e tem como objetivo a preven\u00e7\u00e3o e o enfrentamento da viol\u00eancia sexual no estado de Pernambuco. A campanha foi divulgada em diversos meios de comunica\u00e7\u00e3o, com a proposta de pautar a m\u00eddia e engajar outros atores sociais nessa luta. Al\u00e9m disso, tamb\u00e9m foram realizadas oficinas tem\u00e1ticas abertas \u00e0 sociedade.<\/p>\n<p><strong>Caminhada<\/strong><\/p>\n<p>Com o objetivo de alertar a popula\u00e7\u00e3o e ampliar a discuss\u00e3o para al\u00e9m do \u00e2mbito da Rede, diversas organiza\u00e7\u00f5es sociais, representantes do governo e da sociedade civil, e uma representa\u00e7\u00e3o significativa do p\u00fablico infanto-juvenil se uniram para ir \u00e0s ruas participar da \u201cCaminhada Crian\u00e7as e Adolescentes Livres de Todo Tipo de Viol\u00eancia Sexual\u201d. A atividade foi realizada na \u00faltima quinta-feira (18), no Dia Nacional de Combate ao Abuso e \u00e0 Explora\u00e7\u00e3o Sexual de Crian\u00e7as e Adolescentes. A concentra\u00e7\u00e3o ocorreu no Parque 13 de Maio. De l\u00e1, segurando cartazes, faixas e bandeiras, os participantes seguiram em caminhada ao som de palavras de ordem, que ecoaram pelas ruas Princesa Isabel, do Sol e Avenida Guararapes. O encerramento foi no P\u00e1tio do Carmo, no Centro do Recife.<\/p>\n<p>Cerca de 15 alunos, entre adolescentes e jovens, de duas escolas p\u00fablicas, acompanhadas pelo PIAJ, por meio do projeto Redu\u00e7\u00e3o de Viol\u00eancia no Espa\u00e7o Escolar atrav\u00e9s do Protagonismo Juvenil no Nordeste Brasileiro, se uniram aos demais para participar da caminhada. Para a estudante Maria Emilly, 15 anos, a iniciativa visa conscientizar as pessoas sobre a quest\u00e3o do abuso que, na opini\u00e3o dela, n\u00e3o \u00e9 simples, mas algo muito s\u00e9rio, e precisa ser tratado, n\u00e3o apenas no dia 18 de maio, mas sempre.<a href=\"http:\/\/www.caritasne2.org.br\/wp-content\/uploads\/2017\/05\/IMG-20170522-WA00071-300x168.jpg\" rel=\"attachment wp-att-4305\"><img decoding=\"async\" loading=\"lazy\" class=\"alignright wp-image-4305 size-medium\" title=\"IMG-20170522-WA0007\" src=\"http:\/\/ne2.caritas.org.br.s174889.gridserver.com\/wp-content\/uploads\/2017\/05\/IMG-20170522-WA00071-300x168.jpg\" alt=\"\" width=\"300\" height=\"168\" \/><\/a><\/p>\n<p>Quem tamb\u00e9m participou da caminhada foi Rinaldo Gomes, 22 anos, morador de Ch\u00e3o de Estrelas, comunidade da Zona Norte do Recife, ex-aluno da Escola Estadual Pedro Augusto Carneiro Le\u00e3o, e volunt\u00e1rio no N\u00facleo de Media\u00e7\u00e3o de Conflitos, que funciona no bairro do Fund\u00e3o e \u00e9 assessorado pela equipe do PIAJ. Para ele, as quest\u00f5es relacionadas \u00e0 viol\u00eancia sexual contra crian\u00e7as e adolescentes, n\u00e3o s\u00e3o discutidas abertamente nas redes sociais, tampouco em rodas de di\u00e1logos entre os jovens. \u201cMas, muitas vezes, esse \u00e9 um problema muito frequente em nossas comunidades, e at\u00e9 dentro da nossa casa\u201d, explicou.<\/p>\n<p>Ainda segundo ele, \u201ca import\u00e2ncia de participar de momentos como esses, \u00e9 a possibilidade de sair \u00e0s ruas e reivindicar uma mudan\u00e7a, chamar a aten\u00e7\u00e3o da sociedade para o problema e falar sobre esse tema que muitas vezes n\u00e3o \u00e9 abordado nos nossos meios sociais\u201d, enfatizou.<\/p>\n<p>\u201cTemos a miss\u00e3o de levar para as comunidades essa discuss\u00e3o em rela\u00e7\u00e3o ao abuso e explora\u00e7\u00e3o sexual. Na maioria das vezes, o aliciador est\u00e1 dentro da nossa pr\u00f3pria casa, ou \u00e9 uma pessoa muito pr\u00f3xima da fam\u00edlia. \u00c9 preciso levar essa discuss\u00e3o at\u00e9 o jovem e, enquanto multiplicadores, conscientizar e engajar outras pessoas para enfrentar esse tipo de situa\u00e7\u00e3o\u201d, ressaltou a assessora regional do PIAJ, Bibiana Santana.<\/p>\n<p><em>Por Kilma Ferreira | Assessoria de Comunica\u00e7\u00e3o do Regional NE2<\/em><\/p>\n<p>&nbsp;<\/p>\n<ul class=\"ssb_list_wrapper\"><li class=\"fb2\" style=\"width:135px\"><iframe src=\"\/\/www.facebook.com\/plugins\/like.php?href=https%3A%2F%2Fwww.caritasne2.org.br%2Fsite%2Frede-de-enfrentamento-ao-abuso-exploracao-sexual-de-criancas-adolescentes-realiza-acoes-mes-de-maio%2F&amp;layout=button_count&amp;action=like&amp;show_faces=false&amp;share=true&amp;width=135&amp;height=21&amp;appId=307091639398582\" scrolling=\"no\" frameborder=\"0\" style=\"border:none; overflow:hidden;  width:150px; height:21px;\" allowTransparency=\"true\"><\/iframe><\/li><li class=\"twtr\" style=\"width:90px\"><a href=\"https:\/\/twitter.com\/share\" class=\"twitter-share-button\" data-url=\"https:\/\/www.caritasne2.org.br\/site\/rede-de-enfrentamento-ao-abuso-exploracao-sexual-de-criancas-adolescentes-realiza-acoes-mes-de-maio\/\">&nbsp;<\/a><script>!function(d,s,id){var js,fjs=d.getElementsByTagName(s)[0],p=\/^http:\/.test(d.location)?'http':'https';if(!d.getElementById(id)){js=d.createElement(s);js.id=id;js.src=p+':\/\/platform.twitter.com\/widgets.js';fjs.parentNode.insertBefore(js,fjs);}}(document, 'script', 'twitter-wjs');<\/script><\/li><li class=\"gplus\" style=\"width:68px\"><div class=\"g-plusone\" data-size=\"medium\" data-href=\"https:\/\/www.caritasne2.org.br\/site\/rede-de-enfrentamento-ao-abuso-exploracao-sexual-de-criancas-adolescentes-realiza-acoes-mes-de-maio\/\"><\/div><\/li><li class=\"ssb_linkedin\" style=\"width:64px\"><script src=\"\/\/platform.linkedin.com\/in.js\" type=\"text\/javascript\">lang: en_US<\/script><script type=\"IN\/Share\" data-url=\"https:\/\/www.caritasne2.org.br\/site\/rede-de-enfrentamento-ao-abuso-exploracao-sexual-de-criancas-adolescentes-realiza-acoes-mes-de-maio\/\" data-counter=\"right\"><\/script><\/li><\/ul>","protected":false},"excerpt":{"rendered":"<p>Maio \u00e9 o m\u00eas dedicado a sensibilizar e chamar a aten\u00e7\u00e3o da sociedade para o engajamento contra a pr\u00e1tica de viola\u00e7\u00e3o dos direitos sexuais de crian\u00e7as e adolescentes. Para marcar as diversas iniciativas que acontecem em todo pa\u00eds, foi institu\u00eddo pela Lei Federal 9.970\/00, o dia 18 de maio, como o Dia Nacional de Combate ao Abuso e \u00e0 Explora\u00e7\u00e3o Sexual de Crian\u00e7as e Adolescentes. [&hellip;]<\/p>\n<ul class=\"ssb_list_wrapper\"><li class=\"fb2\" style=\"width:135px\"><iframe src=\"\/\/www.facebook.com\/plugins\/like.php?href=https%3A%2F%2Fwww.caritasne2.org.br%2Fsite%2Frede-de-enfrentamento-ao-abuso-exploracao-sexual-de-criancas-adolescentes-realiza-acoes-mes-de-maio%2F&amp;layout=button_count&amp;action=like&amp;show_faces=false&amp;share=true&amp;width=135&amp;height=21&amp;appId=307091639398582\" scrolling=\"no\" frameborder=\"0\" style=\"border:none; overflow:hidden;  width:150px; height:21px;\" allowTransparency=\"true\"><\/iframe><\/li><li class=\"twtr\" style=\"width:90px\"><a href=\"https:\/\/twitter.com\/share\" class=\"twitter-share-button\" data-url=\"https:\/\/www.caritasne2.org.br\/site\/rede-de-enfrentamento-ao-abuso-exploracao-sexual-de-criancas-adolescentes-realiza-acoes-mes-de-maio\/\">&nbsp;<\/a><script>!function(d,s,id){var js,fjs=d.getElementsByTagName(s)[0],p=\/^http:\/.test(d.location)?'http':'https';if(!d.getElementById(id)){js=d.createElement(s);js.id=id;js.src=p+':\/\/platform.twitter.com\/widgets.js';fjs.parentNode.insertBefore(js,fjs);}}(document, 'script', 'twitter-wjs');<\/script><\/li><li class=\"gplus\" style=\"width:68px\"><div class=\"g-plusone\" data-size=\"medium\" data-href=\"https:\/\/www.caritasne2.org.br\/site\/rede-de-enfrentamento-ao-abuso-exploracao-sexual-de-criancas-adolescentes-realiza-acoes-mes-de-maio\/\"><\/div><\/li><li class=\"ssb_linkedin\" style=\"width:64px\"><script src=\"\/\/platform.linkedin.com\/in.js\" type=\"text\/javascript\">lang: en_US<\/script><script type=\"IN\/Share\" data-url=\"https:\/\/www.caritasne2.org.br\/site\/rede-de-enfrentamento-ao-abuso-exploracao-sexual-de-criancas-adolescentes-realiza-acoes-mes-de-maio\/\" data-counter=\"right\"><\/script><\/li><\/ul>","protected":false},"author":4,"featured_media":4818,"comment_status":"open","ping_status":"open","sticky":false,"template":"","format":"standard","meta":[],"categories":[20,105],"tags":[211,67,997,746,87,384],"_links":{"self":[{"href":"https:\/\/www.caritasne2.org.br\/site\/wp-json\/wp\/v2\/posts\/4729"}],"collection":[{"href":"https:\/\/www.caritasne2.org.br\/site\/wp-json\/wp\/v2\/posts"}],"about":[{"href":"https:\/\/www.caritasne2.org.br\/site\/wp-json\/wp\/v2\/types\/post"}],"author":[{"embeddable":true,"href":"https:\/\/www.caritasne2.org.br\/site\/wp-json\/wp\/v2\/users\/4"}],"replies":[{"embeddable":true,"href":"https:\/\/www.caritasne2.org.br\/site\/wp-json\/wp\/v2\/comments?post=4729"}],"version-history":[{"count":0,"href":"https:\/\/www.caritasne2.org.br\/site\/wp-json\/wp\/v2\/posts\/4729\/revisions"}],"wp:featuredmedia":[{"embeddable":true,"href":"https:\/\/www.caritasne2.org.br\/site\/wp-json\/wp\/v2\/media\/4818"}],"wp:attachment":[{"href":"https:\/\/www.caritasne2.org.br\/site\/wp-json\/wp\/v2\/media?parent=4729"}],"wp:term":[{"taxonomy":"category","embeddable":true,"href":"https:\/\/www.caritasne2.org.br\/site\/wp-json\/wp\/v2\/categories?post=4729"},{"taxonomy":"post_tag","embeddable":true,"href":"https:\/\/www.caritasne2.org.br\/site\/wp-json\/wp\/v2\/tags?post=4729"}],"curies":[{"name":"wp","href":"https:\/\/api.w.org\/{rel}","templated":true}]}}