{"id":4728,"date":"2017-05-19T23:01:02","date_gmt":"2017-05-20T02:01:02","guid":{"rendered":"http:\/\/ne2.caritas.org.br.s174889.gridserver.com\/?p=4284"},"modified":"2017-07-12T14:39:47","modified_gmt":"2017-07-12T17:39:47","slug":"cnbb-lanca-nota-pela-etica-na-politica","status":"publish","type":"post","link":"https:\/\/www.caritasne2.org.br\/site\/cnbb-lanca-nota-pela-etica-na-politica\/","title":{"rendered":"CNBB lan\u00e7a nota &#8220;pela \u00e9tica na pol\u00edtica&#8221;"},"content":{"rendered":"<p>Os membros da Presid\u00eancia da Confer\u00eancia Nacional dos Bispos do Brasil (CNBB), emitiram, na manh\u00e3 desta sexta-feira (19), uma Nota Oficial com o t\u00edtulo \u201cPela \u00c9tica na Pol\u00edtica\u201d na qual afirmam que a Confer\u00eancia est\u00e1 \u201cunida aos bispos e \u00e0s comunidades de todo o pa\u00eds\u201d e acompanha \u201ccom espanto e indigna\u00e7\u00e3o\u201d as graves den\u00fancias de corrup\u00e7\u00e3o pol\u00edtica acolhidas pelo Supremo Tribunal Federal.<\/p>\n<p>Na Nota, os bispos afirmam que \u201ctais den\u00fancias exigem rigorosa apura\u00e7\u00e3o, obedecendo-se sempre as garantias constitucionais. Apurados os fatos, os autores dos atos il\u00edcitos devem ser responsabilizados. A vigil\u00e2ncia e a participa\u00e7\u00e3o pol\u00edtica das nossas comunidades, dos movimentos sociais e da sociedade, como um todo, muito podem contribuir para elucida\u00e7\u00e3o dos fatos e defesa da \u00e9tica, da justi\u00e7a e do bem comum\u201d.<\/p>\n<p>\u201cAl\u00e9m disso, \u00e9 necess\u00e1rio que sa\u00eddas para a atual crise respeitem e fortale\u00e7am o Estado democr\u00e1tico de direito. Pedimos \u00e0s nossas comunidades que participem respons\u00e1vel e pacificamente da vida pol\u00edtica, contribuam para a realiza\u00e7\u00e3o da justi\u00e7a e da paz e rezem pelo Brasil\u201d, concluem os membros da Presid\u00eancia.<\/p>\n<p>Leia a Nota:<\/p>\n<p>Bras\u00edlia-DF, 19 de maio de 2017<\/p>\n<p>P \u2013 N\u00ba 0291\/17<\/p>\n<p>Pela \u00c9tica na Pol\u00edtica<\/p>\n<p>Nota da CNBB sobre o Momento Nacional<\/p>\n<p>\u201cO fruto da justi\u00e7a \u00e9 semeado na paz\u201d (Tg 3,18)<\/p>\n<p>A Confer\u00eancia Nacional dos Bispos do Brasil \u2013 CNBB, por meio de sua Presid\u00eancia, unida aos bispos e \u00e0s comunidades de todo o pa\u00eds, acompanha, com espanto e indigna\u00e7\u00e3o, as graves den\u00fancias de corrup\u00e7\u00e3o pol\u00edtica acolhidas pelo Supremo Tribunal Federal. Segundo a Constitui\u00e7\u00e3o, Art. 37, \u00e9 dever de todo servidor p\u00fablico, principalmente os que det\u00eam elevadas fun\u00e7\u00f5es, manter conduta \u00edntegra, sob pena de n\u00e3o poder exercer o cargo que ocupa.<\/p>\n<p>Tais den\u00fancias exigem rigorosa apura\u00e7\u00e3o, obedecendo-se sempre as garantias constitucionais. Apurados os fatos, os autores dos atos il\u00edcitos devem ser responsabilizados. A vigil\u00e2ncia e a participa\u00e7\u00e3o pol\u00edtica das nossas comunidades, dos movimentos sociais e da sociedade, como um todo, muito podem contribuir para elucida\u00e7\u00e3o dos fatos e defesa da \u00e9tica, da justi\u00e7a e do bem comum.<\/p>\n<p>A supera\u00e7\u00e3o da grave crise vivida no Brasil exige o resgate da \u00e9tica na pol\u00edtica que desempenha papel fundamental na sociedade democr\u00e1tica. Urge um novo modo de fazer pol\u00edtica, alicer\u00e7ado nos valores da honestidade e da justi\u00e7a social. Lembramos a afirma\u00e7\u00e3o da Assembleia Geral da CNBB: \u201cO desprezo da \u00e9tica leva a uma rela\u00e7\u00e3o prom\u00edscua entre os interesses p\u00fablicos e privados, raz\u00e3o primeira dos esc\u00e2ndalos da corrup\u00e7\u00e3o\u201d.<\/p>\n<p>Recordamos tamb\u00e9m as palavras do Papa Francisco: \u201cNa vida p\u00fablica, na pol\u00edtica, se n\u00e3o houver a \u00e9tica, uma \u00e9tica de referimento, tudo \u00e9 poss\u00edvel e tudo se pode fazer\u201d (Roma, maio de 2013). Al\u00e9m disso, \u00e9 necess\u00e1rio que sa\u00eddas para a atual crise respeitem e fortale\u00e7am o Estado democr\u00e1tico de direito.<\/p>\n<p>Pedimos \u00e0s nossas comunidades que participem respons\u00e1vel e pacificamente da vida pol\u00edtica, contribuam para a realiza\u00e7\u00e3o da justi\u00e7a e da paz e rezem pelo Brasil.<\/p>\n<p>Nossa Senhora Aparecida, padroeira do Brasil, nos ajude a caminhar com esperan\u00e7a construindo uma nova sociedade.<\/p>\n<p>&nbsp;<\/p>\n<p style=\"text-align: center;\">Cardeal Sergio da Rocha<\/p>\n<p style=\"text-align: center;\">Arcebispo de Bras\u00edlia<\/p>\n<p style=\"text-align: center;\">Presidente da CNBB<\/p>\n<p style=\"text-align: center;\">Dom Murilo S. Ramos Krieger<\/p>\n<p style=\"text-align: center;\">Arcebispo de S\u00e3o Salvador da Bahia<\/p>\n<p style=\"text-align: center;\">Vice-Presidente da CNBB<\/p>\n<p style=\"text-align: center;\">Dom Leonardo Ulrich Steiner<\/p>\n<p style=\"text-align: center;\">Bispo Auxiliar de Bras\u00edlia<\/p>\n<p style=\"text-align: center;\">Secret\u00e1rio-Geral da CNBB<\/p>\n<p>&nbsp;<\/p>\n<p><em>\u00a0Por CNBB<\/em><\/p>\n<ul class=\"ssb_list_wrapper\"><li class=\"fb2\" style=\"width:135px\"><iframe src=\"\/\/www.facebook.com\/plugins\/like.php?href=https%3A%2F%2Fwww.caritasne2.org.br%2Fsite%2Fcnbb-lanca-nota-pela-etica-na-politica%2F&amp;layout=button_count&amp;action=like&amp;show_faces=false&amp;share=true&amp;width=135&amp;height=21&amp;appId=307091639398582\" scrolling=\"no\" frameborder=\"0\" style=\"border:none; overflow:hidden;  width:150px; height:21px;\" allowTransparency=\"true\"><\/iframe><\/li><li class=\"twtr\" style=\"width:90px\"><a href=\"https:\/\/twitter.com\/share\" class=\"twitter-share-button\" data-url=\"https:\/\/www.caritasne2.org.br\/site\/cnbb-lanca-nota-pela-etica-na-politica\/\">&nbsp;<\/a><script>!function(d,s,id){var js,fjs=d.getElementsByTagName(s)[0],p=\/^http:\/.test(d.location)?'http':'https';if(!d.getElementById(id)){js=d.createElement(s);js.id=id;js.src=p+':\/\/platform.twitter.com\/widgets.js';fjs.parentNode.insertBefore(js,fjs);}}(document, 'script', 'twitter-wjs');<\/script><\/li><li class=\"gplus\" style=\"width:68px\"><div class=\"g-plusone\" data-size=\"medium\" data-href=\"https:\/\/www.caritasne2.org.br\/site\/cnbb-lanca-nota-pela-etica-na-politica\/\"><\/div><\/li><li class=\"ssb_linkedin\" style=\"width:64px\"><script src=\"\/\/platform.linkedin.com\/in.js\" type=\"text\/javascript\">lang: en_US<\/script><script type=\"IN\/Share\" data-url=\"https:\/\/www.caritasne2.org.br\/site\/cnbb-lanca-nota-pela-etica-na-politica\/\" data-counter=\"right\"><\/script><\/li><\/ul>","protected":false},"excerpt":{"rendered":"<p>Os membros da Presid\u00eancia da Confer\u00eancia Nacional dos Bispos do Brasil (CNBB), emitiram, na manh\u00e3 desta sexta-feira (19), uma Nota Oficial com o t\u00edtulo \u201cPela \u00c9tica na Pol\u00edtica\u201d na qual afirmam que a Confer\u00eancia est\u00e1 \u201cunida aos bispos e \u00e0s comunidades de todo o pa\u00eds\u201d e acompanha \u201ccom espanto e indigna\u00e7\u00e3o\u201d as graves den\u00fancias de corrup\u00e7\u00e3o pol\u00edtica acolhidas pelo Supremo Tribunal Federal. Na Nota, os [&hellip;]<\/p>\n<ul class=\"ssb_list_wrapper\"><li class=\"fb2\" style=\"width:135px\"><iframe src=\"\/\/www.facebook.com\/plugins\/like.php?href=https%3A%2F%2Fwww.caritasne2.org.br%2Fsite%2Fcnbb-lanca-nota-pela-etica-na-politica%2F&amp;layout=button_count&amp;action=like&amp;show_faces=false&amp;share=true&amp;width=135&amp;height=21&amp;appId=307091639398582\" scrolling=\"no\" frameborder=\"0\" style=\"border:none; overflow:hidden;  width:150px; height:21px;\" allowTransparency=\"true\"><\/iframe><\/li><li class=\"twtr\" style=\"width:90px\"><a href=\"https:\/\/twitter.com\/share\" class=\"twitter-share-button\" data-url=\"https:\/\/www.caritasne2.org.br\/site\/cnbb-lanca-nota-pela-etica-na-politica\/\">&nbsp;<\/a><script>!function(d,s,id){var js,fjs=d.getElementsByTagName(s)[0],p=\/^http:\/.test(d.location)?'http':'https';if(!d.getElementById(id)){js=d.createElement(s);js.id=id;js.src=p+':\/\/platform.twitter.com\/widgets.js';fjs.parentNode.insertBefore(js,fjs);}}(document, 'script', 'twitter-wjs');<\/script><\/li><li class=\"gplus\" style=\"width:68px\"><div class=\"g-plusone\" data-size=\"medium\" data-href=\"https:\/\/www.caritasne2.org.br\/site\/cnbb-lanca-nota-pela-etica-na-politica\/\"><\/div><\/li><li class=\"ssb_linkedin\" style=\"width:64px\"><script src=\"\/\/platform.linkedin.com\/in.js\" type=\"text\/javascript\">lang: en_US<\/script><script type=\"IN\/Share\" data-url=\"https:\/\/www.caritasne2.org.br\/site\/cnbb-lanca-nota-pela-etica-na-politica\/\" data-counter=\"right\"><\/script><\/li><\/ul>","protected":false},"author":4,"featured_media":4825,"comment_status":"open","ping_status":"open","sticky":false,"template":"","format":"standard","meta":[],"categories":[457,20],"tags":[48,852,67,1008,859,850,1061],"_links":{"self":[{"href":"https:\/\/www.caritasne2.org.br\/site\/wp-json\/wp\/v2\/posts\/4728"}],"collection":[{"href":"https:\/\/www.caritasne2.org.br\/site\/wp-json\/wp\/v2\/posts"}],"about":[{"href":"https:\/\/www.caritasne2.org.br\/site\/wp-json\/wp\/v2\/types\/post"}],"author":[{"embeddable":true,"href":"https:\/\/www.caritasne2.org.br\/site\/wp-json\/wp\/v2\/users\/4"}],"replies":[{"embeddable":true,"href":"https:\/\/www.caritasne2.org.br\/site\/wp-json\/wp\/v2\/comments?post=4728"}],"version-history":[{"count":0,"href":"https:\/\/www.caritasne2.org.br\/site\/wp-json\/wp\/v2\/posts\/4728\/revisions"}],"wp:featuredmedia":[{"embeddable":true,"href":"https:\/\/www.caritasne2.org.br\/site\/wp-json\/wp\/v2\/media\/4825"}],"wp:attachment":[{"href":"https:\/\/www.caritasne2.org.br\/site\/wp-json\/wp\/v2\/media?parent=4728"}],"wp:term":[{"taxonomy":"category","embeddable":true,"href":"https:\/\/www.caritasne2.org.br\/site\/wp-json\/wp\/v2\/categories?post=4728"},{"taxonomy":"post_tag","embeddable":true,"href":"https:\/\/www.caritasne2.org.br\/site\/wp-json\/wp\/v2\/tags?post=4728"}],"curies":[{"name":"wp","href":"https:\/\/api.w.org\/{rel}","templated":true}]}}