{"id":4726,"date":"2017-05-15T16:53:01","date_gmt":"2017-05-15T19:53:01","guid":{"rendered":"http:\/\/ne2.caritas.org.br.s174889.gridserver.com\/?p=4261"},"modified":"2017-07-12T14:55:41","modified_gmt":"2017-07-12T17:55:41","slug":"politicas-publicas-energias-renovaveis-serao-discutidas-em-patos","status":"publish","type":"post","link":"https:\/\/www.caritasne2.org.br\/site\/politicas-publicas-energias-renovaveis-serao-discutidas-em-patos\/","title":{"rendered":"Pol\u00edticas p\u00fablicas e energias renov\u00e1veis ser\u00e3o discutidas em Patos"},"content":{"rendered":"<p>O Comit\u00ea de Energia Renov\u00e1vel do Semi\u00e1rido (CERSA) vai realizar, nos pr\u00f3ximos dias 16 e 17, no Audit\u00f3rio Master do Sebrae, em Patos (PB), o 3\u00ba F\u00f3rum de Energia Solar. Com o tema \u201cEnergia Renov\u00e1veis e Pol\u00edticas P\u00fablicas: potencial, efici\u00eancia e gest\u00e3o\u201d, o evento vai discutir os desdobramentos alcan\u00e7ados a partir da Carta de Pombal, que apresenta, dentre outras coisas, a agenda de prioridades que foram definidas para contribuir com os processos de planejamento e tomadas de decis\u00f5es, no que se refere \u00e0 gera\u00e7\u00e3o e ao uso de energia solar.<\/p>\n<p>O F\u00f3rum ser\u00e1 promovido paralelamente \u00e0 3\u00aa Confer\u00eancia da Sustentabilidade Ambiental e contar\u00e1 com a presen\u00e7a do secret\u00e1rio executivo da C\u00e1ritas Brasileira, Lu\u00eds Claudio Lopes; do secret\u00e1rio do Regional Nordeste 2, Angelo Zanr\u00e9; e o coordenador do Programa de Promo\u00e7\u00e3o a A\u00e7\u00e3o Comunit\u00e1ria (PROPAC), Irenaldo Pereira.<\/p>\n<p><strong>PROGRAMA\u00c7\u00c3O<\/strong><\/p>\n<p><strong>Dia 16<\/strong><\/p>\n<p>14:30 \u2013 Plano Municipal de Energias Renov\u00e1veis \u2013 Gest\u00e3o de Efici\u00eancia \u2013 Diagn\u00f3stico:<br \/>\nPref. de Patos e C\u00e2mara Municipal;<br \/>\nPref. de S\u00e3o Bento e C\u00e2mara Municipal;<br \/>\nPref. de Aparecida e C\u00e2mara Municipal;<br \/>\nPref. de Sousa e C\u00e2mara Municipal;<br \/>\nPref. de Brejo do Cruz e C\u00e2mara Municipal;<br \/>\nSecretaria do Estado da Para\u00edba e Assembleia Legislativa da Para\u00edba.<\/p>\n<p>18:30h \u2013 Abertura com a forma\u00e7\u00e3o de mesa das autoridades;<br \/>\n19:30 \u2013 Palestra: O Potencial Solar e a Gest\u00e3o Municipal de Energia Renov\u00e1vel;<br \/>\nFeira Expositiva (funcionando com demonstra\u00e7\u00e3o de equipamentos de energia solar).<\/p>\n<p><strong>Dia 17<\/strong><\/p>\n<p><strong>Manh\u00e3<\/strong><\/p>\n<p>08:30h \u2013 Palestra 1 \u2013 Mudan\u00e7as Clim\u00e1ticas e Impactos no Semi\u00e1rido \u2013 Frank Wagner de Carvalho \u2013 IFPB \/ Sousa;<br \/>\n09:20h \u2013 Palestra 2 \u2013 O Poder da Sociedade Civil Mobilizada \u2013 Luiz Cla\u00fadio Lopes da Silva (Mandela) \u2013 C\u00e1ritas Brasileira; e Dep. Jeov\u00e1 Campos \u2013 Assembleia Legislativa do Estado da Para\u00edba;<br \/>\n10h \u2013 Caso de Sucesso \u2013 Comunidade rural de V\u00e1rzea Comprida dos Oliveiras;<br \/>\n10:20h \u2013 Palestra 3 \u2013 Parques E\u00f3licos no Nordeste \u2013 Heitor Scalambrini;<br \/>\n11h \u2013 Apresenta\u00e7\u00e3o de Viv\u00eancia;<br \/>\n11:30h \u2013 Debate: Provoca\u00e7\u00e3o para que os participantes encaminhem propostas e a\u00e7\u00f5es.<\/p>\n<p><strong>Tarde<\/strong><\/p>\n<p>14h \u2013 Palestra 1 \u2013 Linhas de Financiamento e Subs\u00eddios para Obten\u00e7\u00e3o de Energia Solar;<br \/>\nCasos exitosos \u2013 Bethoven N\u00f3brega;<br \/>\n15h \u2013 ODS e a municipaliza\u00e7\u00e3o visando a efetiva\u00e7\u00e3o de pol\u00edticas p\u00fablicas \u2013 Ric\u00e9lia Marinho \u2013 UFCG;<br \/>\n15:30h \u2013 ODS e Pombal \u2013 PB: Um caso de Sucesso \u2013 Pollyana Dutra \u2013 Secretaria do Estado da Para\u00edba;<br \/>\n16:10 \u2013 Mesa Redonda \u2013 O valor da Caatinga e a Conviv\u00eancia com o Semi\u00e1rido \u2013 Irenaldo Pereira de Ara\u00fajo \u2013 A\u00e7\u00e3o Social Diocesana de Patos; Chico Nogueira \u2013 IFPB\/Sousa; e Carlos Lima UFCG\/Patos;<br \/>\n18h &#8211; Encerramento.<\/p>\n<p><em>Por Lidiane Santos | Assessoria de Comunica\u00e7\u00e3o do Regional NE2<\/em><\/p>\n<ul class=\"ssb_list_wrapper\"><li class=\"fb2\" style=\"width:135px\"><iframe src=\"\/\/www.facebook.com\/plugins\/like.php?href=https%3A%2F%2Fwww.caritasne2.org.br%2Fsite%2Fpoliticas-publicas-energias-renovaveis-serao-discutidas-em-patos%2F&amp;layout=button_count&amp;action=like&amp;show_faces=false&amp;share=true&amp;width=135&amp;height=21&amp;appId=307091639398582\" scrolling=\"no\" frameborder=\"0\" style=\"border:none; overflow:hidden;  width:150px; height:21px;\" allowTransparency=\"true\"><\/iframe><\/li><li class=\"twtr\" style=\"width:90px\"><a href=\"https:\/\/twitter.com\/share\" class=\"twitter-share-button\" data-url=\"https:\/\/www.caritasne2.org.br\/site\/politicas-publicas-energias-renovaveis-serao-discutidas-em-patos\/\">&nbsp;<\/a><script>!function(d,s,id){var js,fjs=d.getElementsByTagName(s)[0],p=\/^http:\/.test(d.location)?'http':'https';if(!d.getElementById(id)){js=d.createElement(s);js.id=id;js.src=p+':\/\/platform.twitter.com\/widgets.js';fjs.parentNode.insertBefore(js,fjs);}}(document, 'script', 'twitter-wjs');<\/script><\/li><li class=\"gplus\" style=\"width:68px\"><div class=\"g-plusone\" data-size=\"medium\" data-href=\"https:\/\/www.caritasne2.org.br\/site\/politicas-publicas-energias-renovaveis-serao-discutidas-em-patos\/\"><\/div><\/li><li class=\"ssb_linkedin\" style=\"width:64px\"><script src=\"\/\/platform.linkedin.com\/in.js\" type=\"text\/javascript\">lang: en_US<\/script><script type=\"IN\/Share\" data-url=\"https:\/\/www.caritasne2.org.br\/site\/politicas-publicas-energias-renovaveis-serao-discutidas-em-patos\/\" data-counter=\"right\"><\/script><\/li><\/ul>","protected":false},"excerpt":{"rendered":"<p>O Comit\u00ea de Energia Renov\u00e1vel do Semi\u00e1rido (CERSA) vai realizar, nos pr\u00f3ximos dias 16 e 17, no Audit\u00f3rio Master do Sebrae, em Patos (PB), o 3\u00ba F\u00f3rum de Energia Solar. Com o tema \u201cEnergia Renov\u00e1veis e Pol\u00edticas P\u00fablicas: potencial, efici\u00eancia e gest\u00e3o\u201d, o evento vai discutir os desdobramentos alcan\u00e7ados a partir da Carta de Pombal, que apresenta, dentre outras coisas, a agenda de prioridades que [&hellip;]<\/p>\n<ul class=\"ssb_list_wrapper\"><li class=\"fb2\" style=\"width:135px\"><iframe src=\"\/\/www.facebook.com\/plugins\/like.php?href=https%3A%2F%2Fwww.caritasne2.org.br%2Fsite%2Fpoliticas-publicas-energias-renovaveis-serao-discutidas-em-patos%2F&amp;layout=button_count&amp;action=like&amp;show_faces=false&amp;share=true&amp;width=135&amp;height=21&amp;appId=307091639398582\" scrolling=\"no\" frameborder=\"0\" style=\"border:none; overflow:hidden;  width:150px; height:21px;\" allowTransparency=\"true\"><\/iframe><\/li><li class=\"twtr\" style=\"width:90px\"><a href=\"https:\/\/twitter.com\/share\" class=\"twitter-share-button\" data-url=\"https:\/\/www.caritasne2.org.br\/site\/politicas-publicas-energias-renovaveis-serao-discutidas-em-patos\/\">&nbsp;<\/a><script>!function(d,s,id){var js,fjs=d.getElementsByTagName(s)[0],p=\/^http:\/.test(d.location)?'http':'https';if(!d.getElementById(id)){js=d.createElement(s);js.id=id;js.src=p+':\/\/platform.twitter.com\/widgets.js';fjs.parentNode.insertBefore(js,fjs);}}(document, 'script', 'twitter-wjs');<\/script><\/li><li class=\"gplus\" style=\"width:68px\"><div class=\"g-plusone\" data-size=\"medium\" data-href=\"https:\/\/www.caritasne2.org.br\/site\/politicas-publicas-energias-renovaveis-serao-discutidas-em-patos\/\"><\/div><\/li><li class=\"ssb_linkedin\" style=\"width:64px\"><script src=\"\/\/platform.linkedin.com\/in.js\" type=\"text\/javascript\">lang: en_US<\/script><script type=\"IN\/Share\" data-url=\"https:\/\/www.caritasne2.org.br\/site\/politicas-publicas-energias-renovaveis-serao-discutidas-em-patos\/\" data-counter=\"right\"><\/script><\/li><\/ul>","protected":false},"author":4,"featured_media":4832,"comment_status":"open","ping_status":"open","sticky":false,"template":"","format":"standard","meta":[],"categories":[72,20],"tags":[837,84,352,67,1006,1007],"_links":{"self":[{"href":"https:\/\/www.caritasne2.org.br\/site\/wp-json\/wp\/v2\/posts\/4726"}],"collection":[{"href":"https:\/\/www.caritasne2.org.br\/site\/wp-json\/wp\/v2\/posts"}],"about":[{"href":"https:\/\/www.caritasne2.org.br\/site\/wp-json\/wp\/v2\/types\/post"}],"author":[{"embeddable":true,"href":"https:\/\/www.caritasne2.org.br\/site\/wp-json\/wp\/v2\/users\/4"}],"replies":[{"embeddable":true,"href":"https:\/\/www.caritasne2.org.br\/site\/wp-json\/wp\/v2\/comments?post=4726"}],"version-history":[{"count":0,"href":"https:\/\/www.caritasne2.org.br\/site\/wp-json\/wp\/v2\/posts\/4726\/revisions"}],"wp:featuredmedia":[{"embeddable":true,"href":"https:\/\/www.caritasne2.org.br\/site\/wp-json\/wp\/v2\/media\/4832"}],"wp:attachment":[{"href":"https:\/\/www.caritasne2.org.br\/site\/wp-json\/wp\/v2\/media?parent=4726"}],"wp:term":[{"taxonomy":"category","embeddable":true,"href":"https:\/\/www.caritasne2.org.br\/site\/wp-json\/wp\/v2\/categories?post=4726"},{"taxonomy":"post_tag","embeddable":true,"href":"https:\/\/www.caritasne2.org.br\/site\/wp-json\/wp\/v2\/tags?post=4726"}],"curies":[{"name":"wp","href":"https:\/\/api.w.org\/{rel}","templated":true}]}}