{"id":4725,"date":"2017-05-12T16:43:15","date_gmt":"2017-05-12T19:43:15","guid":{"rendered":"http:\/\/ne2.caritas.org.br.s174889.gridserver.com\/?p=4242"},"modified":"2017-07-12T14:58:12","modified_gmt":"2017-07-12T17:58:12","slug":"23o-grito-dosas-excluidosas-convoca-brasileiros-para-lutar-por-direitos-pela-democracia","status":"publish","type":"post","link":"https:\/\/www.caritasne2.org.br\/site\/23o-grito-dosas-excluidosas-convoca-brasileiros-para-lutar-por-direitos-pela-democracia\/","title":{"rendered":"23\u00ba Grito dos\/as Exclu\u00eddos\/as convoca brasileiros para lutar por direitos e pela democracia"},"content":{"rendered":"<p>Todos os anos, no dia 07 de Setembro, milhares de pessoas v\u00e3o \u00e0s ruas, em todo o Brasil, para gritar contra as diversas formas de exclus\u00e3o social. Tendo como tema \u201cVida em primeiro lugar\u201d, o lema escolhido para a viv\u00eancia da 23\u00aa edi\u00e7\u00e3o do Grito dos\/as Exclu\u00eddos\/as mobilizar\u00e1 as pessoas em torno da convoca\u00e7\u00e3o \u201cPor direitos e democracia, a luta \u00e9 todo dia\u201d.<\/p>\n<p>Embora a ato p\u00fablico alcance o ponto alto durante a Semana da P\u00e1tria, mais especificamente no dia em que se faz mem\u00f3ria \u00e0 Independ\u00eancia do Brasil, a articula\u00e7\u00e3o popular \u00e9 preparada com anteced\u00eancia e tem continuidade ap\u00f3s o ato p\u00fablico. A participa\u00e7\u00e3o popular \u00e9 pe\u00e7a fundamental durante todo o processo de constru\u00e7\u00e3o do Grito, possibilitando, inclusive, que pessoas de todo o pa\u00eds fa\u00e7am sugest\u00f5es para o lema.<\/p>\n<p>Devido ao contexto social que o pa\u00eds enfrenta h\u00e1 algum tempo e diante das diversas amea\u00e7as aos direitos sociais, a coordena\u00e7\u00e3o nacional do Grito dos\/as Exclu\u00eddos\/as levou em considera\u00e7\u00e3o a conjuntura atual para chamar a aten\u00e7\u00e3o da sociedade sobre a import\u00e2ncia de lutar a favor da democracia e da perman\u00eancia de conquistas populares.<\/p>\n<p>Ap\u00f3s a defini\u00e7\u00e3o do lema, come\u00e7a, ent\u00e3o, a articula\u00e7\u00e3o e mobiliza\u00e7\u00e3o. Para tratar desse assunto, ser\u00e1 realizado, entre os dias 19 e 21 desse m\u00eas, em S\u00e3o Paulo, o 19\u00ba Encontro de Articuladores do Grito. A partir disso, s\u00e3o pensadas outras pe\u00e7as que ir\u00e3o compor o processo de forma\u00e7\u00e3o, como \u00e9 o caso de textos de apoio, propostas de trabalhos de grupos, hinos, confec\u00e7\u00e3o de camisas, entre outras coisas.<\/p>\n<p><a href=\"http:\/\/www.caritasne2.org.br\/wp-content\/uploads\/2017\/05\/IMG_4397-300x225.jpg\" rel=\"attachment wp-att-4244\"><img decoding=\"async\" loading=\"lazy\" class=\"alignleft wp-image-4244 size-medium\" title=\"IMG_4397\" src=\"http:\/\/ne2.caritas.org.br.s174889.gridserver.com\/wp-content\/uploads\/2017\/05\/IMG_4397-300x225.jpg\" alt=\"\" width=\"300\" height=\"225\" \/><\/a>A C\u00e1ritas Brasileira \u00e9 uma das 19 organiza\u00e7\u00f5es que comp\u00f5em a comiss\u00e3o nacional que organiza o Grito dos\/as Exclu\u00eddos\/as. O Regional Nordeste 2, por sua vez, tamb\u00e9m participa desse processo de prepara\u00e7\u00e3o, em escala local, nos estados de Alagoas, Para\u00edba, Pernambuco e Rio Grande do Norte. Os colaboradores do Secretariado, que s\u00e3o lotados nos escrit\u00f3rios de Recife e de Garanhuns, tamb\u00e9m participam do ato p\u00fablico.<\/p>\n<p><strong>HIST\u00d3RIA<\/strong> \u2013 O Grito dos\/as Exclu\u00eddos\/as \u00e9 uma articula\u00e7\u00e3o nacional e tem o apoio da Confer\u00eancia Nacional dos Bispos do Brasil (CNBB). Al\u00e9m de reunir pastorais sociais, tamb\u00e9m se integram \u00e0 mobiliza\u00e7\u00e3o popular os movimentos sociais, sindicatos e igrejas. O ato p\u00fablico \u00e9 realizado no dia 07 de Setembro, como uma forma de provocar as pessoas a refletirem sobre os diversos padr\u00f5es de independ\u00eancia do povo brasileiro.<\/p>\n<p><em>Por Lidiane Santos | Assessoria de Comunica\u00e7\u00e3o do Regional NE2, c<\/em><em>om informa\u00e7\u00f5es da Pastoral Carcer\u00e1ria e das Pontif\u00edcias Obras Mission\u00e1rias<br \/>\nFoto: Wagner Ces\u00e1rio<\/em><\/p>\n<ul class=\"ssb_list_wrapper\"><li class=\"fb2\" style=\"width:135px\"><iframe src=\"\/\/www.facebook.com\/plugins\/like.php?href=https%3A%2F%2Fwww.caritasne2.org.br%2Fsite%2F23o-grito-dosas-excluidosas-convoca-brasileiros-para-lutar-por-direitos-pela-democracia%2F&amp;layout=button_count&amp;action=like&amp;show_faces=false&amp;share=true&amp;width=135&amp;height=21&amp;appId=307091639398582\" scrolling=\"no\" frameborder=\"0\" style=\"border:none; overflow:hidden;  width:150px; height:21px;\" allowTransparency=\"true\"><\/iframe><\/li><li class=\"twtr\" style=\"width:90px\"><a href=\"https:\/\/twitter.com\/share\" class=\"twitter-share-button\" data-url=\"https:\/\/www.caritasne2.org.br\/site\/23o-grito-dosas-excluidosas-convoca-brasileiros-para-lutar-por-direitos-pela-democracia\/\">&nbsp;<\/a><script>!function(d,s,id){var js,fjs=d.getElementsByTagName(s)[0],p=\/^http:\/.test(d.location)?'http':'https';if(!d.getElementById(id)){js=d.createElement(s);js.id=id;js.src=p+':\/\/platform.twitter.com\/widgets.js';fjs.parentNode.insertBefore(js,fjs);}}(document, 'script', 'twitter-wjs');<\/script><\/li><li class=\"gplus\" style=\"width:68px\"><div class=\"g-plusone\" data-size=\"medium\" data-href=\"https:\/\/www.caritasne2.org.br\/site\/23o-grito-dosas-excluidosas-convoca-brasileiros-para-lutar-por-direitos-pela-democracia\/\"><\/div><\/li><li class=\"ssb_linkedin\" style=\"width:64px\"><script src=\"\/\/platform.linkedin.com\/in.js\" type=\"text\/javascript\">lang: en_US<\/script><script type=\"IN\/Share\" data-url=\"https:\/\/www.caritasne2.org.br\/site\/23o-grito-dosas-excluidosas-convoca-brasileiros-para-lutar-por-direitos-pela-democracia\/\" data-counter=\"right\"><\/script><\/li><\/ul>","protected":false},"excerpt":{"rendered":"<p>Todos os anos, no dia 07 de Setembro, milhares de pessoas v\u00e3o \u00e0s ruas, em todo o Brasil, para gritar contra as diversas formas de exclus\u00e3o social. Tendo como tema \u201cVida em primeiro lugar\u201d, o lema escolhido para a viv\u00eancia da 23\u00aa edi\u00e7\u00e3o do Grito dos\/as Exclu\u00eddos\/as mobilizar\u00e1 as pessoas em torno da convoca\u00e7\u00e3o \u201cPor direitos e democracia, a luta \u00e9 todo dia\u201d. Embora a [&hellip;]<\/p>\n<ul class=\"ssb_list_wrapper\"><li class=\"fb2\" style=\"width:135px\"><iframe src=\"\/\/www.facebook.com\/plugins\/like.php?href=https%3A%2F%2Fwww.caritasne2.org.br%2Fsite%2F23o-grito-dosas-excluidosas-convoca-brasileiros-para-lutar-por-direitos-pela-democracia%2F&amp;layout=button_count&amp;action=like&amp;show_faces=false&amp;share=true&amp;width=135&amp;height=21&amp;appId=307091639398582\" scrolling=\"no\" frameborder=\"0\" style=\"border:none; overflow:hidden;  width:150px; height:21px;\" allowTransparency=\"true\"><\/iframe><\/li><li class=\"twtr\" style=\"width:90px\"><a href=\"https:\/\/twitter.com\/share\" class=\"twitter-share-button\" data-url=\"https:\/\/www.caritasne2.org.br\/site\/23o-grito-dosas-excluidosas-convoca-brasileiros-para-lutar-por-direitos-pela-democracia\/\">&nbsp;<\/a><script>!function(d,s,id){var js,fjs=d.getElementsByTagName(s)[0],p=\/^http:\/.test(d.location)?'http':'https';if(!d.getElementById(id)){js=d.createElement(s);js.id=id;js.src=p+':\/\/platform.twitter.com\/widgets.js';fjs.parentNode.insertBefore(js,fjs);}}(document, 'script', 'twitter-wjs');<\/script><\/li><li class=\"gplus\" style=\"width:68px\"><div class=\"g-plusone\" data-size=\"medium\" data-href=\"https:\/\/www.caritasne2.org.br\/site\/23o-grito-dosas-excluidosas-convoca-brasileiros-para-lutar-por-direitos-pela-democracia\/\"><\/div><\/li><li class=\"ssb_linkedin\" style=\"width:64px\"><script src=\"\/\/platform.linkedin.com\/in.js\" type=\"text\/javascript\">lang: en_US<\/script><script type=\"IN\/Share\" data-url=\"https:\/\/www.caritasne2.org.br\/site\/23o-grito-dosas-excluidosas-convoca-brasileiros-para-lutar-por-direitos-pela-democracia\/\" data-counter=\"right\"><\/script><\/li><\/ul>","protected":false},"author":4,"featured_media":4835,"comment_status":"open","ping_status":"open","sticky":false,"template":"","format":"standard","meta":[],"categories":[449,20],"tags":[947,70,837,84,48,474,67,168,1023,145,146,641,776],"_links":{"self":[{"href":"https:\/\/www.caritasne2.org.br\/site\/wp-json\/wp\/v2\/posts\/4725"}],"collection":[{"href":"https:\/\/www.caritasne2.org.br\/site\/wp-json\/wp\/v2\/posts"}],"about":[{"href":"https:\/\/www.caritasne2.org.br\/site\/wp-json\/wp\/v2\/types\/post"}],"author":[{"embeddable":true,"href":"https:\/\/www.caritasne2.org.br\/site\/wp-json\/wp\/v2\/users\/4"}],"replies":[{"embeddable":true,"href":"https:\/\/www.caritasne2.org.br\/site\/wp-json\/wp\/v2\/comments?post=4725"}],"version-history":[{"count":0,"href":"https:\/\/www.caritasne2.org.br\/site\/wp-json\/wp\/v2\/posts\/4725\/revisions"}],"wp:featuredmedia":[{"embeddable":true,"href":"https:\/\/www.caritasne2.org.br\/site\/wp-json\/wp\/v2\/media\/4835"}],"wp:attachment":[{"href":"https:\/\/www.caritasne2.org.br\/site\/wp-json\/wp\/v2\/media?parent=4725"}],"wp:term":[{"taxonomy":"category","embeddable":true,"href":"https:\/\/www.caritasne2.org.br\/site\/wp-json\/wp\/v2\/categories?post=4725"},{"taxonomy":"post_tag","embeddable":true,"href":"https:\/\/www.caritasne2.org.br\/site\/wp-json\/wp\/v2\/tags?post=4725"}],"curies":[{"name":"wp","href":"https:\/\/api.w.org\/{rel}","templated":true}]}}