{"id":4723,"date":"2017-05-09T13:37:36","date_gmt":"2017-05-09T16:37:36","guid":{"rendered":"http:\/\/ne2.caritas.org.br.s174889.gridserver.com\/?p=4235"},"modified":"2017-07-12T15:02:53","modified_gmt":"2017-07-12T18:02:53","slug":"municipio-de-patos-e-contemplado-projeto-de-tecnologias-sociais","status":"publish","type":"post","link":"https:\/\/www.caritasne2.org.br\/site\/municipio-de-patos-e-contemplado-projeto-de-tecnologias-sociais\/","title":{"rendered":"Munic\u00edpio de Patos \u00e9 contemplado com projeto de tecnologias sociais"},"content":{"rendered":"<p>A C\u00e1ritas Brasileira Regional Nordeste 2 lan\u00e7ou, no dia 28 de abril, no Centro de Treinamento Diocesano, em Patos (PB), o Projeto Moradia Urbana com Tecnologia Social (MUTS), financiado pela Funda\u00e7\u00e3o Banco do Brasil. A comunidade escolhida para implantar as a\u00e7\u00f5es foi o Residencial Itatiunga e vai contemplar 770 fam\u00edlias. A a\u00e7\u00e3o ser\u00e1 coordenada pelo agente C\u00e1ritas, Victor Hugo Balladares, e contar\u00e1 com o apoio de volunt\u00e1rios e volunt\u00e1rias da regi\u00e3o.<\/p>\n<p>Depois de acolher as pessoas que estavam presentes no lan\u00e7amento, que ocorreu durante o Semin\u00e1rio de Apresenta\u00e7\u00e3o e Valida\u00e7\u00e3o dos Planos de Gest\u00e3o Participativa, de Neg\u00f3cios e Cont\u00e1bil do Projeto Cataforte 3, o secret\u00e1rio regional da C\u00e1ritas Nordeste 2, Angelo Zanr\u00e9, passou a palavra para o coordenador do Programa de Promo\u00e7\u00e3o e A\u00e7\u00e3o Comunit\u00e1ria (PROPAC), ligado \u00e0 A\u00e7\u00e3o Social Diocesana de Patos, Irenaldo Pereira, que falou dos resultados que o projeto trar\u00e1 para a vida dos patoenses e tamb\u00e9m da import\u00e2ncia do trabalho em rede.<\/p>\n<p>Na ocasi\u00e3o, Victor Hugo fez uma apresenta\u00e7\u00e3o do Projeto, a partir de uma mostra de fotos com a\u00e7\u00f5es realizadas nos munic\u00edpios de Campina Grande (PB) e em Petrolina (PE), que tamb\u00e9m foram contemplados com o MUTS. De acordo com o coordenador, muito mais do que validar o direito \u00e0 moradia, o projeto tem por objetivo a busca pela qualidade de vida dos moradores. \u201cAs tecnologias sociais visam estimular a conviv\u00eancia comunit\u00e1ria, seja atrav\u00e9s de uma biblioteca, de uma horta org\u00e2nica ou de outro espa\u00e7o. Assim como a constru\u00e7\u00e3o de uma casa n\u00e3o caracteriza, em si, um lar, assim tamb\u00e9m \u00e9 a comunidade. Por meio desses la\u00e7os, que s\u00e3o criados atrav\u00e9s do trabalho em conjunto, ser\u00e1 poss\u00edvel formar uma \u201cComunidade doce comunidade\u201d, comparou.<\/p>\n<p>Para realizar o projeto, ser\u00e1 formado um Grupo de Acompanhamento Local, que \u00e9 composto por representantes do Banco do Brasil, de moradores que ser\u00e3o contemplados, por institui\u00e7\u00f5es locais, que ir\u00e3o executar a a\u00e7\u00e3o, e pelo poder p\u00fablico. O prazo para a conclus\u00e3o ser\u00e1 de dez meses.<\/p>\n<p><strong>O PROJETO<\/strong> &#8211; O Moradia Urbana com Tecnologia Social surgiu como uma estrat\u00e9gia para maximizar as a\u00e7\u00f5es do Trabalho Social, que faz parte do Programa Minha Casa, Minha Vida, ligado ao Governo Federal. Em todo o Brasil, o MUTS j\u00e1 totaliza 124 empreendimentos, que est\u00e3o presentes em 84 munic\u00edpios, distribu\u00eddos em 22 estados.<\/p>\n<p><em>Por Lidiane Santos | Assessoria de Comunica\u00e7\u00e3o do Regional NE2<\/em><\/p>\n<ul class=\"ssb_list_wrapper\"><li class=\"fb2\" style=\"width:135px\"><iframe src=\"\/\/www.facebook.com\/plugins\/like.php?href=https%3A%2F%2Fwww.caritasne2.org.br%2Fsite%2Fmunicipio-de-patos-e-contemplado-projeto-de-tecnologias-sociais%2F&amp;layout=button_count&amp;action=like&amp;show_faces=false&amp;share=true&amp;width=135&amp;height=21&amp;appId=307091639398582\" scrolling=\"no\" frameborder=\"0\" style=\"border:none; overflow:hidden;  width:150px; height:21px;\" allowTransparency=\"true\"><\/iframe><\/li><li class=\"twtr\" style=\"width:90px\"><a href=\"https:\/\/twitter.com\/share\" class=\"twitter-share-button\" data-url=\"https:\/\/www.caritasne2.org.br\/site\/municipio-de-patos-e-contemplado-projeto-de-tecnologias-sociais\/\">&nbsp;<\/a><script>!function(d,s,id){var js,fjs=d.getElementsByTagName(s)[0],p=\/^http:\/.test(d.location)?'http':'https';if(!d.getElementById(id)){js=d.createElement(s);js.id=id;js.src=p+':\/\/platform.twitter.com\/widgets.js';fjs.parentNode.insertBefore(js,fjs);}}(document, 'script', 'twitter-wjs');<\/script><\/li><li class=\"gplus\" style=\"width:68px\"><div class=\"g-plusone\" data-size=\"medium\" data-href=\"https:\/\/www.caritasne2.org.br\/site\/municipio-de-patos-e-contemplado-projeto-de-tecnologias-sociais\/\"><\/div><\/li><li class=\"ssb_linkedin\" style=\"width:64px\"><script src=\"\/\/platform.linkedin.com\/in.js\" type=\"text\/javascript\">lang: en_US<\/script><script type=\"IN\/Share\" data-url=\"https:\/\/www.caritasne2.org.br\/site\/municipio-de-patos-e-contemplado-projeto-de-tecnologias-sociais\/\" data-counter=\"right\"><\/script><\/li><\/ul>","protected":false},"excerpt":{"rendered":"<p>A C\u00e1ritas Brasileira Regional Nordeste 2 lan\u00e7ou, no dia 28 de abril, no Centro de Treinamento Diocesano, em Patos (PB), o Projeto Moradia Urbana com Tecnologia Social (MUTS), financiado pela Funda\u00e7\u00e3o Banco do Brasil. A comunidade escolhida para implantar as a\u00e7\u00f5es foi o Residencial Itatiunga e vai contemplar 770 fam\u00edlias. A a\u00e7\u00e3o ser\u00e1 coordenada pelo agente C\u00e1ritas, Victor Hugo Balladares, e contar\u00e1 com o apoio [&hellip;]<\/p>\n<ul class=\"ssb_list_wrapper\"><li class=\"fb2\" style=\"width:135px\"><iframe src=\"\/\/www.facebook.com\/plugins\/like.php?href=https%3A%2F%2Fwww.caritasne2.org.br%2Fsite%2Fmunicipio-de-patos-e-contemplado-projeto-de-tecnologias-sociais%2F&amp;layout=button_count&amp;action=like&amp;show_faces=false&amp;share=true&amp;width=135&amp;height=21&amp;appId=307091639398582\" scrolling=\"no\" frameborder=\"0\" style=\"border:none; overflow:hidden;  width:150px; height:21px;\" allowTransparency=\"true\"><\/iframe><\/li><li class=\"twtr\" style=\"width:90px\"><a href=\"https:\/\/twitter.com\/share\" class=\"twitter-share-button\" data-url=\"https:\/\/www.caritasne2.org.br\/site\/municipio-de-patos-e-contemplado-projeto-de-tecnologias-sociais\/\">&nbsp;<\/a><script>!function(d,s,id){var js,fjs=d.getElementsByTagName(s)[0],p=\/^http:\/.test(d.location)?'http':'https';if(!d.getElementById(id)){js=d.createElement(s);js.id=id;js.src=p+':\/\/platform.twitter.com\/widgets.js';fjs.parentNode.insertBefore(js,fjs);}}(document, 'script', 'twitter-wjs');<\/script><\/li><li class=\"gplus\" style=\"width:68px\"><div class=\"g-plusone\" data-size=\"medium\" data-href=\"https:\/\/www.caritasne2.org.br\/site\/municipio-de-patos-e-contemplado-projeto-de-tecnologias-sociais\/\"><\/div><\/li><li class=\"ssb_linkedin\" style=\"width:64px\"><script src=\"\/\/platform.linkedin.com\/in.js\" type=\"text\/javascript\">lang: en_US<\/script><script type=\"IN\/Share\" data-url=\"https:\/\/www.caritasne2.org.br\/site\/municipio-de-patos-e-contemplado-projeto-de-tecnologias-sociais\/\" data-counter=\"right\"><\/script><\/li><\/ul>","protected":false},"author":4,"featured_media":4839,"comment_status":"open","ping_status":"open","sticky":false,"template":"","format":"standard","meta":[],"categories":[830,940,20],"tags":[837,1013,1036,1039,1045,146,156],"_links":{"self":[{"href":"https:\/\/www.caritasne2.org.br\/site\/wp-json\/wp\/v2\/posts\/4723"}],"collection":[{"href":"https:\/\/www.caritasne2.org.br\/site\/wp-json\/wp\/v2\/posts"}],"about":[{"href":"https:\/\/www.caritasne2.org.br\/site\/wp-json\/wp\/v2\/types\/post"}],"author":[{"embeddable":true,"href":"https:\/\/www.caritasne2.org.br\/site\/wp-json\/wp\/v2\/users\/4"}],"replies":[{"embeddable":true,"href":"https:\/\/www.caritasne2.org.br\/site\/wp-json\/wp\/v2\/comments?post=4723"}],"version-history":[{"count":0,"href":"https:\/\/www.caritasne2.org.br\/site\/wp-json\/wp\/v2\/posts\/4723\/revisions"}],"wp:featuredmedia":[{"embeddable":true,"href":"https:\/\/www.caritasne2.org.br\/site\/wp-json\/wp\/v2\/media\/4839"}],"wp:attachment":[{"href":"https:\/\/www.caritasne2.org.br\/site\/wp-json\/wp\/v2\/media?parent=4723"}],"wp:term":[{"taxonomy":"category","embeddable":true,"href":"https:\/\/www.caritasne2.org.br\/site\/wp-json\/wp\/v2\/categories?post=4723"},{"taxonomy":"post_tag","embeddable":true,"href":"https:\/\/www.caritasne2.org.br\/site\/wp-json\/wp\/v2\/tags?post=4723"}],"curies":[{"name":"wp","href":"https:\/\/api.w.org\/{rel}","templated":true}]}}