{"id":4720,"date":"2017-05-08T15:48:37","date_gmt":"2017-05-08T18:48:37","guid":{"rendered":"http:\/\/ne2.caritas.org.br.s174889.gridserver.com\/?p=4207"},"modified":"2017-07-13T09:14:05","modified_gmt":"2017-07-13T12:14:05","slug":"movimento-de-ecosol-divulga-carta-contra-cortes-nos-investimentos-governo","status":"publish","type":"post","link":"https:\/\/www.caritasne2.org.br\/site\/movimento-de-ecosol-divulga-carta-contra-cortes-nos-investimentos-governo\/","title":{"rendered":"Movimento de Ecosol divulga carta contra cortes do governo nos investimentos"},"content":{"rendered":"<p>Diversas entidades divulgaram, no \u00faltimo dia 25, uma carta aberta sobre a atual conjuntura brasileira, destacando a Pol\u00edtica\u00a0Nacional de Economia Solid\u00e1ria e a possibilidade de cortes do governo no que diz respeito ao Plano Plurianual para o segmento. Confira o teor da carta abaixo:<\/p>\n<p align=\"center\"><strong><span style=\"text-decoration: underline;\">Carta Aberta \u2013 Movimento de Economia Solid\u00e1ria<\/span><\/strong><\/p>\n<p align=\"right\">Bras\u00edlia-DF, 25 de abril de 2017<\/p>\n<p>\u00a0Somos o movimento social da Economia Solid\u00e1ria. Defendemos o bem viver e o desenvolvimento integral e inclusivo, com pol\u00edticas p\u00fablicas transparentes e emancipat\u00f3rias que promovam a uni\u00e3o, a valora\u00e7\u00e3o do ser humano, o trabalho decente e autogestion\u00e1rio, que construam uma sociedade mais justa e solid\u00e1ria. Estamos em movimento no F\u00f3rum Brasileiro de Economia Solid\u00e1ria e nas organiza\u00e7\u00f5es, cooperativas, associa\u00e7\u00f5es, na gest\u00e3o p\u00fablica, nas empresas recuperadas e em coletivos de diversas naturezas, mulheres e homens que trabalham para permitir um futuro digno, com qualidade de vida a todas as brasileiras e brasileiros.<\/p>\n<p>Enfrentamos um grave momento de crise ambiental, social e pol\u00edtica, causadora de profundas dificuldades econ\u00f4micas. Afirmamos que a Economia Solid\u00e1ria \u00e9 a alternativa vi\u00e1vel para supera\u00e7\u00e3o dessa crise, porque a enfrentamos coletivamente, com respeito ao ser humano, \u00e0s rela\u00e7\u00f5es sociais e, sobretudo, ao meio ambiente. Constru\u00edmos a Pol\u00edtica Nacional de Economia Solid\u00e1ria, com muito di\u00e1logo e colabora\u00e7\u00e3o, convictas e convictos da for\u00e7a desta estrat\u00e9gia para o desenvolvimento do pa\u00eds. E, como tal, denunciamos o ataque que as pol\u00edticas p\u00fablicas de Economia Solid\u00e1ria e de Catadores est\u00e3o sofrendo neste momento, com o estrangulamento financeiro e com o rebaixamento da Secretaria Nacional de Economia Solid\u00e1ria.<\/p>\n<p>Repudiamos o retrocesso na Pol\u00edtica Nacional e exigimos a sua continuidade e fortalecimento, como ferramenta de resposta a esta crise. Exigimos o cumprimento dos acordos firmados pelo governo federal com a sociedade civil para o lan\u00e7amento dos editais p\u00fablicos para redes de coopera\u00e7\u00e3o solid\u00e1ria, finan\u00e7as solid\u00e1rias e empresas recuperadas. Exigimos a aplica\u00e7\u00e3o integral do Plano Plurianual e todo o or\u00e7amento da Economia Solid\u00e1ria constru\u00eddo no F\u00f3rum Interconselhos. Exigimos a efetiva\u00e7\u00e3o da Pol\u00edtica Nacional e nenhum direito a menos.<\/p>\n<p><strong>A Economia Solid\u00e1ria resiste! Estamos em luta!<\/strong><\/p>\n<p>Coordena\u00e7\u00e3o Executiva do F\u00f3rum Brasileiro de Economia Solid\u00e1ria<\/p>\n<p>Rede Brasileira de Bancos Comunit\u00e1rios<\/p>\n<p>Rede Nacional de Fundos Solid\u00e1rios<\/p>\n<p>Rede de Gestores de Pol\u00edticas P\u00fablicas de Economia Solid\u00e1ria<\/p>\n<p>Rede de Economia Solid\u00e1ria e Feminista \u2013 RESF<\/p>\n<p>Rede Universit\u00e1ria de Incubadoras Tecnol\u00f3gicas de Cooperativas Populares \u2013 ITCPs<\/p>\n<p>Rede Juventude e Economia Solid\u00e1ria \u2013 JuveSol<\/p>\n<p>Movimento Nacional dos Catadores de Materiais Recicl\u00e1veis \u2013 MNCR<\/p>\n<p>Uni\u00e3o Nacional das Organiza\u00e7\u00f5es Cooperativistas Solid\u00e1rias \u2013 Unicopas<\/p>\n<p>Funda\u00e7\u00e3o Interuniversit\u00e1ria de Estudos e Pesquisas sobre o Trabalho \u2013 Unitrabalho<\/p>\n<p>C\u00e1ritas Brasileira<\/p>\n<p>Instituto Marista de Solidariedade<\/p>\n<p><em>Por Wagner Cesario | Assessoria de Comunica\u00e7\u00e3o do Regional NE2<\/em><\/p>\n<p><em>Foto Marcelo Camargo\/Ag\u00eancia Brasil<\/em><\/p>\n<ul class=\"ssb_list_wrapper\"><li class=\"fb2\" style=\"width:135px\"><iframe src=\"\/\/www.facebook.com\/plugins\/like.php?href=https%3A%2F%2Fwww.caritasne2.org.br%2Fsite%2Fmovimento-de-ecosol-divulga-carta-contra-cortes-nos-investimentos-governo%2F&amp;layout=button_count&amp;action=like&amp;show_faces=false&amp;share=true&amp;width=135&amp;height=21&amp;appId=307091639398582\" scrolling=\"no\" frameborder=\"0\" style=\"border:none; overflow:hidden;  width:150px; height:21px;\" allowTransparency=\"true\"><\/iframe><\/li><li class=\"twtr\" style=\"width:90px\"><a href=\"https:\/\/twitter.com\/share\" class=\"twitter-share-button\" data-url=\"https:\/\/www.caritasne2.org.br\/site\/movimento-de-ecosol-divulga-carta-contra-cortes-nos-investimentos-governo\/\">&nbsp;<\/a><script>!function(d,s,id){var js,fjs=d.getElementsByTagName(s)[0],p=\/^http:\/.test(d.location)?'http':'https';if(!d.getElementById(id)){js=d.createElement(s);js.id=id;js.src=p+':\/\/platform.twitter.com\/widgets.js';fjs.parentNode.insertBefore(js,fjs);}}(document, 'script', 'twitter-wjs');<\/script><\/li><li class=\"gplus\" style=\"width:68px\"><div class=\"g-plusone\" data-size=\"medium\" data-href=\"https:\/\/www.caritasne2.org.br\/site\/movimento-de-ecosol-divulga-carta-contra-cortes-nos-investimentos-governo\/\"><\/div><\/li><li class=\"ssb_linkedin\" style=\"width:64px\"><script src=\"\/\/platform.linkedin.com\/in.js\" type=\"text\/javascript\">lang: en_US<\/script><script type=\"IN\/Share\" data-url=\"https:\/\/www.caritasne2.org.br\/site\/movimento-de-ecosol-divulga-carta-contra-cortes-nos-investimentos-governo\/\" data-counter=\"right\"><\/script><\/li><\/ul>","protected":false},"excerpt":{"rendered":"<p>Diversas entidades divulgaram, no \u00faltimo dia 25, uma carta aberta sobre a atual conjuntura brasileira, destacando a Pol\u00edtica\u00a0Nacional de Economia Solid\u00e1ria e a possibilidade de cortes do governo no que diz respeito ao Plano Plurianual para o segmento. Confira o teor da carta abaixo: Carta Aberta \u2013 Movimento de Economia Solid\u00e1ria Bras\u00edlia-DF, 25 de abril de 2017 \u00a0Somos o movimento social da Economia Solid\u00e1ria. Defendemos [&hellip;]<\/p>\n<ul class=\"ssb_list_wrapper\"><li class=\"fb2\" style=\"width:135px\"><iframe src=\"\/\/www.facebook.com\/plugins\/like.php?href=https%3A%2F%2Fwww.caritasne2.org.br%2Fsite%2Fmovimento-de-ecosol-divulga-carta-contra-cortes-nos-investimentos-governo%2F&amp;layout=button_count&amp;action=like&amp;show_faces=false&amp;share=true&amp;width=135&amp;height=21&amp;appId=307091639398582\" scrolling=\"no\" frameborder=\"0\" style=\"border:none; overflow:hidden;  width:150px; height:21px;\" allowTransparency=\"true\"><\/iframe><\/li><li class=\"twtr\" style=\"width:90px\"><a href=\"https:\/\/twitter.com\/share\" class=\"twitter-share-button\" data-url=\"https:\/\/www.caritasne2.org.br\/site\/movimento-de-ecosol-divulga-carta-contra-cortes-nos-investimentos-governo\/\">&nbsp;<\/a><script>!function(d,s,id){var js,fjs=d.getElementsByTagName(s)[0],p=\/^http:\/.test(d.location)?'http':'https';if(!d.getElementById(id)){js=d.createElement(s);js.id=id;js.src=p+':\/\/platform.twitter.com\/widgets.js';fjs.parentNode.insertBefore(js,fjs);}}(document, 'script', 'twitter-wjs');<\/script><\/li><li class=\"gplus\" style=\"width:68px\"><div class=\"g-plusone\" data-size=\"medium\" data-href=\"https:\/\/www.caritasne2.org.br\/site\/movimento-de-ecosol-divulga-carta-contra-cortes-nos-investimentos-governo\/\"><\/div><\/li><li class=\"ssb_linkedin\" style=\"width:64px\"><script src=\"\/\/platform.linkedin.com\/in.js\" type=\"text\/javascript\">lang: en_US<\/script><script type=\"IN\/Share\" data-url=\"https:\/\/www.caritasne2.org.br\/site\/movimento-de-ecosol-divulga-carta-contra-cortes-nos-investimentos-governo\/\" data-counter=\"right\"><\/script><\/li><\/ul>","protected":false},"author":4,"featured_media":4844,"comment_status":"open","ping_status":"open","sticky":false,"template":"","format":"standard","meta":[],"categories":[20],"tags":[67],"_links":{"self":[{"href":"https:\/\/www.caritasne2.org.br\/site\/wp-json\/wp\/v2\/posts\/4720"}],"collection":[{"href":"https:\/\/www.caritasne2.org.br\/site\/wp-json\/wp\/v2\/posts"}],"about":[{"href":"https:\/\/www.caritasne2.org.br\/site\/wp-json\/wp\/v2\/types\/post"}],"author":[{"embeddable":true,"href":"https:\/\/www.caritasne2.org.br\/site\/wp-json\/wp\/v2\/users\/4"}],"replies":[{"embeddable":true,"href":"https:\/\/www.caritasne2.org.br\/site\/wp-json\/wp\/v2\/comments?post=4720"}],"version-history":[{"count":0,"href":"https:\/\/www.caritasne2.org.br\/site\/wp-json\/wp\/v2\/posts\/4720\/revisions"}],"wp:featuredmedia":[{"embeddable":true,"href":"https:\/\/www.caritasne2.org.br\/site\/wp-json\/wp\/v2\/media\/4844"}],"wp:attachment":[{"href":"https:\/\/www.caritasne2.org.br\/site\/wp-json\/wp\/v2\/media?parent=4720"}],"wp:term":[{"taxonomy":"category","embeddable":true,"href":"https:\/\/www.caritasne2.org.br\/site\/wp-json\/wp\/v2\/categories?post=4720"},{"taxonomy":"post_tag","embeddable":true,"href":"https:\/\/www.caritasne2.org.br\/site\/wp-json\/wp\/v2\/tags?post=4720"}],"curies":[{"name":"wp","href":"https:\/\/api.w.org\/{rel}","templated":true}]}}