{"id":4133,"date":"2017-04-18T15:28:44","date_gmt":"2017-04-18T18:28:44","guid":{"rendered":"http:\/\/ne2.caritas.org.br.s174889.gridserver.com\/?p=4133"},"modified":"2017-07-13T09:55:18","modified_gmt":"2017-07-13T12:55:18","slug":"equipe-da-caritas-ne2-participa-de-retiro-quaresmal","status":"publish","type":"post","link":"https:\/\/www.caritasne2.org.br\/site\/equipe-da-caritas-ne2-participa-de-retiro-quaresmal\/","title":{"rendered":"Equipe da C\u00e1ritas NE2 participa de Retiro Quaresmal"},"content":{"rendered":"<p>O Regional Nordeste 2 realizou, na \u00faltima quarta-feira (12), um Retiro Quaresmal, na Col\u00f4nia Salesiana dos Padres, em Jaboat\u00e3o dos Guararapes (PE). O encontro, que teve o objetivo de preparar os agentes C\u00e1ritas para um momento t\u00e3o significativo da f\u00e9 crist\u00e3, que \u00e9 a P\u00e1scoa, foi conduzido pelo te\u00f3logo popular Isa\u00edas Torquato.<\/p>\n<p>Com bases referenciais em trechos de textos b\u00edblicos, nas Campanhas da Fraternidade 2017 e Nenhum Direito a Menos, a metodologia do encontro, que foi pautada no trip\u00e9 ver, julgar e agir, possibilitou que os agentes C\u00e1ritas pudessem rever a pr\u00f3pria trajet\u00f3ria de vida, a partir da experi\u00eancia orante.<\/p>\n<p><img decoding=\"async\" loading=\"lazy\" class=\"alignleft size-full wp-image-4856\" src=\"http:\/\/www.caritasne2.org.br\/wp-content\/uploads\/2017\/04\/Nena-300x168.jpg\" alt=\"\" width=\"300\" height=\"168\" \/>O exerc\u00edcio de olhar para a pr\u00f3pria vida culminou no momento posterior, que levou os participantes a refletirem o contexto atual, principalmente no que se refere \u00e0 poss\u00edvel retirada de direitos, \u00e0 viol\u00eancia contra a mulher e aos jovens. Dessa forma, a partir da reflex\u00e3o pessoal e comunit\u00e1ria, os participantes puderam fazer gestos semelhantes aos de Jesus, como o ato de lavar os p\u00e9s, em uma postura de servi\u00e7o, e da partilha do p\u00e3o, para indicar a comunh\u00e3o fraterna.<\/p>\n<p>Para a coordenadora do Programa de Inf\u00e2ncia, Adolesc\u00eancia e Juventudes, Bibiana Santana, o retiro quaresmal cumpriu com sucesso a proposta. \u201cAcredito que a metodologia utilizada, a partir da m\u00fasica, foi algo que ajudou as pessoas a desacelerarem e a adentrarem na m\u00edstica do encontro. Foram trazidos elementos que nos fizeram refletir, como o ato de lavar os p\u00e9s e a partilha dos p\u00e3es, inspirados na vida de Jesus\u201d, afirmou.<\/p>\n<p>De acordo com M\u00e1rcia Medeiros, a diversidade entre o p\u00fablico foi um aspecto que enriqueceu o encontro. \u201cTodas as pessoas foram envolvidas. A exposi\u00e7\u00e3o de sentimentos e o modo de cada um e cada uma ver as coisas, a partir das pr\u00f3prias convic\u00e7\u00f5es e experi\u00eancias, engrandeceram esse momento de espiritualidade\u201d, destacou a articuladora.<\/p>\n<p>Como um gesto concreto de solidariedade, cada agente C\u00e1ritas doou um quilo de alimento n\u00e3o perec\u00edvel para a <strong><a title=\"Campanha SOS Alagoas\" href=\"http:\/\/ne2.caritas.org.br.s174889.gridserver.com\/2017\/03\/24\/palmeira-dos-indios-faz-balanco-parcial-da-campanha-de-donativos\/\" target=\"_blank\" rel=\"noopener noreferrer\">Campanha SOS Alagoas<\/a><\/strong>, que \u00e9 uma iniciativa da C\u00e1ritas Diocesana de Palmeira dos \u00cdndios, para ajudar fam\u00edlias carentes.<\/p>\n<p><em>Por Lidiane Santos | Assessoria de Comunica\u00e7\u00e3o do Regional NE2<br \/>\nFotos: Wagner Ferreira e Laryssa Pontes\u00a0<\/em><\/p>\n<ul class=\"ssb_list_wrapper\"><li class=\"fb2\" style=\"width:135px\"><iframe src=\"\/\/www.facebook.com\/plugins\/like.php?href=https%3A%2F%2Fwww.caritasne2.org.br%2Fsite%2Fequipe-da-caritas-ne2-participa-de-retiro-quaresmal%2F&amp;layout=button_count&amp;action=like&amp;show_faces=false&amp;share=true&amp;width=135&amp;height=21&amp;appId=307091639398582\" scrolling=\"no\" frameborder=\"0\" style=\"border:none; overflow:hidden;  width:150px; height:21px;\" allowTransparency=\"true\"><\/iframe><\/li><li class=\"twtr\" style=\"width:90px\"><a href=\"https:\/\/twitter.com\/share\" class=\"twitter-share-button\" data-url=\"https:\/\/www.caritasne2.org.br\/site\/equipe-da-caritas-ne2-participa-de-retiro-quaresmal\/\">&nbsp;<\/a><script>!function(d,s,id){var js,fjs=d.getElementsByTagName(s)[0],p=\/^http:\/.test(d.location)?'http':'https';if(!d.getElementById(id)){js=d.createElement(s);js.id=id;js.src=p+':\/\/platform.twitter.com\/widgets.js';fjs.parentNode.insertBefore(js,fjs);}}(document, 'script', 'twitter-wjs');<\/script><\/li><li class=\"gplus\" style=\"width:68px\"><div class=\"g-plusone\" data-size=\"medium\" data-href=\"https:\/\/www.caritasne2.org.br\/site\/equipe-da-caritas-ne2-participa-de-retiro-quaresmal\/\"><\/div><\/li><li class=\"ssb_linkedin\" style=\"width:64px\"><script src=\"\/\/platform.linkedin.com\/in.js\" type=\"text\/javascript\">lang: en_US<\/script><script type=\"IN\/Share\" data-url=\"https:\/\/www.caritasne2.org.br\/site\/equipe-da-caritas-ne2-participa-de-retiro-quaresmal\/\" data-counter=\"right\"><\/script><\/li><\/ul>","protected":false},"excerpt":{"rendered":"<p>O Regional Nordeste 2 realizou, na \u00faltima quarta-feira (12), um Retiro Quaresmal, na Col\u00f4nia Salesiana dos Padres, em Jaboat\u00e3o dos Guararapes (PE). O encontro, que teve o objetivo de preparar os agentes C\u00e1ritas para um momento t\u00e3o significativo da f\u00e9 crist\u00e3, que \u00e9 a P\u00e1scoa, foi conduzido pelo te\u00f3logo popular Isa\u00edas Torquato. Com bases referenciais em trechos de textos b\u00edblicos, nas Campanhas da Fraternidade 2017 [&hellip;]<\/p>\n<ul class=\"ssb_list_wrapper\"><li class=\"fb2\" style=\"width:135px\"><iframe src=\"\/\/www.facebook.com\/plugins\/like.php?href=https%3A%2F%2Fwww.caritasne2.org.br%2Fsite%2Fequipe-da-caritas-ne2-participa-de-retiro-quaresmal%2F&amp;layout=button_count&amp;action=like&amp;show_faces=false&amp;share=true&amp;width=135&amp;height=21&amp;appId=307091639398582\" scrolling=\"no\" frameborder=\"0\" style=\"border:none; overflow:hidden;  width:150px; height:21px;\" allowTransparency=\"true\"><\/iframe><\/li><li class=\"twtr\" style=\"width:90px\"><a href=\"https:\/\/twitter.com\/share\" class=\"twitter-share-button\" data-url=\"https:\/\/www.caritasne2.org.br\/site\/equipe-da-caritas-ne2-participa-de-retiro-quaresmal\/\">&nbsp;<\/a><script>!function(d,s,id){var js,fjs=d.getElementsByTagName(s)[0],p=\/^http:\/.test(d.location)?'http':'https';if(!d.getElementById(id)){js=d.createElement(s);js.id=id;js.src=p+':\/\/platform.twitter.com\/widgets.js';fjs.parentNode.insertBefore(js,fjs);}}(document, 'script', 'twitter-wjs');<\/script><\/li><li class=\"gplus\" style=\"width:68px\"><div class=\"g-plusone\" data-size=\"medium\" data-href=\"https:\/\/www.caritasne2.org.br\/site\/equipe-da-caritas-ne2-participa-de-retiro-quaresmal\/\"><\/div><\/li><li class=\"ssb_linkedin\" style=\"width:64px\"><script src=\"\/\/platform.linkedin.com\/in.js\" type=\"text\/javascript\">lang: en_US<\/script><script type=\"IN\/Share\" data-url=\"https:\/\/www.caritasne2.org.br\/site\/equipe-da-caritas-ne2-participa-de-retiro-quaresmal\/\" data-counter=\"right\"><\/script><\/li><\/ul>","protected":false},"author":4,"featured_media":4858,"comment_status":"open","ping_status":"open","sticky":false,"template":"","format":"standard","meta":[],"categories":[783,20],"tags":[837,84,67,1053,1073],"_links":{"self":[{"href":"https:\/\/www.caritasne2.org.br\/site\/wp-json\/wp\/v2\/posts\/4133"}],"collection":[{"href":"https:\/\/www.caritasne2.org.br\/site\/wp-json\/wp\/v2\/posts"}],"about":[{"href":"https:\/\/www.caritasne2.org.br\/site\/wp-json\/wp\/v2\/types\/post"}],"author":[{"embeddable":true,"href":"https:\/\/www.caritasne2.org.br\/site\/wp-json\/wp\/v2\/users\/4"}],"replies":[{"embeddable":true,"href":"https:\/\/www.caritasne2.org.br\/site\/wp-json\/wp\/v2\/comments?post=4133"}],"version-history":[{"count":0,"href":"https:\/\/www.caritasne2.org.br\/site\/wp-json\/wp\/v2\/posts\/4133\/revisions"}],"wp:featuredmedia":[{"embeddable":true,"href":"https:\/\/www.caritasne2.org.br\/site\/wp-json\/wp\/v2\/media\/4858"}],"wp:attachment":[{"href":"https:\/\/www.caritasne2.org.br\/site\/wp-json\/wp\/v2\/media?parent=4133"}],"wp:term":[{"taxonomy":"category","embeddable":true,"href":"https:\/\/www.caritasne2.org.br\/site\/wp-json\/wp\/v2\/categories?post=4133"},{"taxonomy":"post_tag","embeddable":true,"href":"https:\/\/www.caritasne2.org.br\/site\/wp-json\/wp\/v2\/tags?post=4133"}],"curies":[{"name":"wp","href":"https:\/\/api.w.org\/{rel}","templated":true}]}}