{"id":4065,"date":"2017-03-30T17:16:35","date_gmt":"2017-03-30T20:16:35","guid":{"rendered":"http:\/\/ne2.caritas.org.br.s174889.gridserver.com\/?p=4065"},"modified":"2017-07-13T10:24:55","modified_gmt":"2017-07-13T13:24:55","slug":"dia-mundial-da-juventude-uma-data-para-refletir-lutar","status":"publish","type":"post","link":"https:\/\/www.caritasne2.org.br\/site\/dia-mundial-da-juventude-uma-data-para-refletir-lutar\/","title":{"rendered":"Dia Mundial da Juventude: uma data para refletir e lutar"},"content":{"rendered":"<p>Nesta quinta-feira (30\/03), \u00e9 celebrado o Dia Mundial da Juventude. A data foi institu\u00edda em 1985, durante o Ano Internacional da Juventude, promovido pela Organiza\u00e7\u00e3o das Na\u00e7\u00f5es Unidas (ONU). A celebra\u00e7\u00e3o consolidou a for\u00e7a para o protagonismo, exercida pelos jovens, diante dos mais diversos contextos sociais.<\/p>\n<p>No Brasil, dados do \u00faltimo Censo Demogr\u00e1fico, realizado, em 2010, pelo Instituto Brasileiro de Geografia e Estat\u00edsticas (IBGE), apontam que a popula\u00e7\u00e3o juvenil alcan\u00e7ou a maior quantidade de pessoas na hist\u00f3ria do pa\u00eds. S\u00e3o mais de 51 milh\u00f5es de jovens, com idade entre 15 e 29 anos, sendo 85% presentes nas cidades e 15% no campo.<\/p>\n<p>Na C\u00e1ritas Brasileira Regional Nordeste 2, os jovens s\u00e3o atores sociais importantes nas tr\u00eas principais linhas de a\u00e7\u00f5es institucionais, com destaque para o Programa de Inf\u00e2ncia, Adolesc\u00eancia e Juventudes (Piaj), que desenvolve, atrav\u00e9s de pr\u00e1ticas pedag\u00f3gicas, o interesse desse p\u00fablico em busca do protagonismo cidad\u00e3o e da transforma\u00e7\u00e3o social.<\/p>\n<p>No \u00e2mbito do Programa de Conviv\u00eancia com o Semi\u00e1rido (PCSA), a implanta\u00e7\u00e3o de pol\u00edticas p\u00fablicas, voltadas para a agricultura familiar, atrav\u00e9s da constru\u00e7\u00e3o de cisternas de placas, tanto voltadas para o consumo humano quanto para a produ\u00e7\u00e3o de alimentos, t\u00eam contribu\u00eddo para a perman\u00eancia dos jovens no campo, diminuindo, consideravelmente, o \u00eaxodo rural.<\/p>\n<p>Outra a\u00e7\u00e3o do Regional Nordeste 2, que, ao mesmo tempo em que est\u00e1 inserida na conviv\u00eancia com o Semi\u00e1rido, tamb\u00e9m estimula pr\u00e1ticas da Economia Popular Solid\u00e1ria (EPS), \u00e9 realizada no munic\u00edpio de Bom Conselho, no Agreste Meridional de Pernambuco. Atrav\u00e9s de um projeto, financiado pelas Manos Unidas, jovens agricultores escolheram uma forma de empreendimento para trabalhar e, atualmente, eles t\u00eam colhido os resultados dessa busca di\u00e1ria, seja a partir da produ\u00e7\u00e3o de doces caseiros ou da cria\u00e7\u00e3o de animais de pequeno e m\u00e9dio porte.<\/p>\n<p>Em visita ao Brasil, para participar da Jornada Mundial da Juventude (JMJ), em 2013, o papa Francisco fez um pedido especial aos jovens, para que n\u00e3o confundissem a felicidade com um sof\u00e1. \u201cQueridos jovens n\u00e3o viemos ao mundo para \u2018vegetar\u2019, para transcorrer comodamente os dias, para fazer da vida um sof\u00e1 que nos adorme\u00e7a; pelo contr\u00e1rio, viemos com outra finalidade, para deixar uma marca. \u00c9 muito triste passar pela vida sem deixar uma marca. Mas, quando escolhemos a comodidade, confundindo felicidade com consumo, ent\u00e3o o pre\u00e7o que pagamos \u00e9 muito, mas muito caro: perdemos a liberdade\u201d, orientou o pont\u00edfice.<\/p>\n<p><em>Por Lidiane Santos | Assessoria de Comunica\u00e7\u00e3o do Regional NE2<\/em><\/p>\n<p>&nbsp;<\/p>\n<ul class=\"ssb_list_wrapper\"><li class=\"fb2\" style=\"width:135px\"><iframe src=\"\/\/www.facebook.com\/plugins\/like.php?href=https%3A%2F%2Fwww.caritasne2.org.br%2Fsite%2Fdia-mundial-da-juventude-uma-data-para-refletir-lutar%2F&amp;layout=button_count&amp;action=like&amp;show_faces=false&amp;share=true&amp;width=135&amp;height=21&amp;appId=307091639398582\" scrolling=\"no\" frameborder=\"0\" style=\"border:none; overflow:hidden;  width:150px; height:21px;\" allowTransparency=\"true\"><\/iframe><\/li><li class=\"twtr\" style=\"width:90px\"><a href=\"https:\/\/twitter.com\/share\" class=\"twitter-share-button\" data-url=\"https:\/\/www.caritasne2.org.br\/site\/dia-mundial-da-juventude-uma-data-para-refletir-lutar\/\">&nbsp;<\/a><script>!function(d,s,id){var js,fjs=d.getElementsByTagName(s)[0],p=\/^http:\/.test(d.location)?'http':'https';if(!d.getElementById(id)){js=d.createElement(s);js.id=id;js.src=p+':\/\/platform.twitter.com\/widgets.js';fjs.parentNode.insertBefore(js,fjs);}}(document, 'script', 'twitter-wjs');<\/script><\/li><li class=\"gplus\" style=\"width:68px\"><div class=\"g-plusone\" data-size=\"medium\" data-href=\"https:\/\/www.caritasne2.org.br\/site\/dia-mundial-da-juventude-uma-data-para-refletir-lutar\/\"><\/div><\/li><li class=\"ssb_linkedin\" style=\"width:64px\"><script src=\"\/\/platform.linkedin.com\/in.js\" type=\"text\/javascript\">lang: en_US<\/script><script type=\"IN\/Share\" data-url=\"https:\/\/www.caritasne2.org.br\/site\/dia-mundial-da-juventude-uma-data-para-refletir-lutar\/\" data-counter=\"right\"><\/script><\/li><\/ul>","protected":false},"excerpt":{"rendered":"<p>Nesta quinta-feira (30\/03), \u00e9 celebrado o Dia Mundial da Juventude. A data foi institu\u00edda em 1985, durante o Ano Internacional da Juventude, promovido pela Organiza\u00e7\u00e3o das Na\u00e7\u00f5es Unidas (ONU). A celebra\u00e7\u00e3o consolidou a for\u00e7a para o protagonismo, exercida pelos jovens, diante dos mais diversos contextos sociais. No Brasil, dados do \u00faltimo Censo Demogr\u00e1fico, realizado, em 2010, pelo Instituto Brasileiro de Geografia e Estat\u00edsticas (IBGE), apontam [&hellip;]<\/p>\n<ul class=\"ssb_list_wrapper\"><li class=\"fb2\" style=\"width:135px\"><iframe src=\"\/\/www.facebook.com\/plugins\/like.php?href=https%3A%2F%2Fwww.caritasne2.org.br%2Fsite%2Fdia-mundial-da-juventude-uma-data-para-refletir-lutar%2F&amp;layout=button_count&amp;action=like&amp;show_faces=false&amp;share=true&amp;width=135&amp;height=21&amp;appId=307091639398582\" scrolling=\"no\" frameborder=\"0\" style=\"border:none; overflow:hidden;  width:150px; height:21px;\" allowTransparency=\"true\"><\/iframe><\/li><li class=\"twtr\" style=\"width:90px\"><a href=\"https:\/\/twitter.com\/share\" class=\"twitter-share-button\" data-url=\"https:\/\/www.caritasne2.org.br\/site\/dia-mundial-da-juventude-uma-data-para-refletir-lutar\/\">&nbsp;<\/a><script>!function(d,s,id){var js,fjs=d.getElementsByTagName(s)[0],p=\/^http:\/.test(d.location)?'http':'https';if(!d.getElementById(id)){js=d.createElement(s);js.id=id;js.src=p+':\/\/platform.twitter.com\/widgets.js';fjs.parentNode.insertBefore(js,fjs);}}(document, 'script', 'twitter-wjs');<\/script><\/li><li class=\"gplus\" style=\"width:68px\"><div class=\"g-plusone\" data-size=\"medium\" data-href=\"https:\/\/www.caritasne2.org.br\/site\/dia-mundial-da-juventude-uma-data-para-refletir-lutar\/\"><\/div><\/li><li class=\"ssb_linkedin\" style=\"width:64px\"><script src=\"\/\/platform.linkedin.com\/in.js\" type=\"text\/javascript\">lang: en_US<\/script><script type=\"IN\/Share\" data-url=\"https:\/\/www.caritasne2.org.br\/site\/dia-mundial-da-juventude-uma-data-para-refletir-lutar\/\" data-counter=\"right\"><\/script><\/li><\/ul>","protected":false},"author":4,"featured_media":4881,"comment_status":"open","ping_status":"open","sticky":false,"template":"","format":"standard","meta":[],"categories":[21,86],"tags":[919,837,84,67,920,921,585,220,169,876,87,467,922],"_links":{"self":[{"href":"https:\/\/www.caritasne2.org.br\/site\/wp-json\/wp\/v2\/posts\/4065"}],"collection":[{"href":"https:\/\/www.caritasne2.org.br\/site\/wp-json\/wp\/v2\/posts"}],"about":[{"href":"https:\/\/www.caritasne2.org.br\/site\/wp-json\/wp\/v2\/types\/post"}],"author":[{"embeddable":true,"href":"https:\/\/www.caritasne2.org.br\/site\/wp-json\/wp\/v2\/users\/4"}],"replies":[{"embeddable":true,"href":"https:\/\/www.caritasne2.org.br\/site\/wp-json\/wp\/v2\/comments?post=4065"}],"version-history":[{"count":0,"href":"https:\/\/www.caritasne2.org.br\/site\/wp-json\/wp\/v2\/posts\/4065\/revisions"}],"wp:featuredmedia":[{"embeddable":true,"href":"https:\/\/www.caritasne2.org.br\/site\/wp-json\/wp\/v2\/media\/4881"}],"wp:attachment":[{"href":"https:\/\/www.caritasne2.org.br\/site\/wp-json\/wp\/v2\/media?parent=4065"}],"wp:term":[{"taxonomy":"category","embeddable":true,"href":"https:\/\/www.caritasne2.org.br\/site\/wp-json\/wp\/v2\/categories?post=4065"},{"taxonomy":"post_tag","embeddable":true,"href":"https:\/\/www.caritasne2.org.br\/site\/wp-json\/wp\/v2\/tags?post=4065"}],"curies":[{"name":"wp","href":"https:\/\/api.w.org\/{rel}","templated":true}]}}