{"id":4053,"date":"2017-03-30T15:59:35","date_gmt":"2017-03-30T18:59:35","guid":{"rendered":"http:\/\/ne2.caritas.org.br.s174889.gridserver.com\/?p=4053"},"modified":"2017-07-14T09:51:50","modified_gmt":"2017-07-14T12:51:50","slug":"mobilizacoes-contra-reforma-da-previdencia-ocorrem-nesta-sexta-31","status":"publish","type":"post","link":"https:\/\/www.caritasne2.org.br\/site\/mobilizacoes-contra-reforma-da-previdencia-ocorrem-nesta-sexta-31\/","title":{"rendered":"Mobiliza\u00e7\u00f5es contra Reforma da Previd\u00eancia e Terceiriza\u00e7\u00e3o ocorrem nesta sexta (31)"},"content":{"rendered":"<p>Caruaru e Recife (PE), \u00a0Jo\u00e3o Pessoa (PB), Macei\u00f3 (AL) e Natal (RN) s\u00e3o algumas das cidades onde j\u00e1 est\u00e3o confirmados, nesta sexta-feira (31), atos contra a proposta de Reforma da Previd\u00eancia (PEC 287) e o projeto de lei da Terceiriza\u00e7\u00e3o (4.302\/98), ambos em tramita\u00e7\u00e3o no Congresso Nacional.<\/p>\n<p><img decoding=\"async\" loading=\"lazy\" class=\"alignleft size-full wp-image-4883\" src=\"http:\/\/www.caritasne2.org.br\/wp-content\/uploads\/2017\/03\/IMG_6541-300x225.jpg\" alt=\"\" width=\"300\" height=\"225\" \/>A coordena\u00e7\u00e3o das mobiliza\u00e7\u00f5es est\u00e1 sendo feita por \u00a0oitos centrais sindicais (CTB, UGT, CGTB, CUT, For\u00e7a Sindical, Intersindical, CSP, Conlutas e CSB) e pelas Frentes Brasil Popular e Povo Sem Medo. A ideia dos organizadores \u00e9 pressionar os deputados federais e senadores nos domic\u00edlios eleitorais e evitar a retirada de direitos dos trabalhadores.<\/p>\n<p>Com o entendimento de que a realiza\u00e7\u00e3o das reformas pode ampliar os quadros de exclus\u00e3o social no pa\u00eds, conforme <a href=\"http:\/\/ne2.caritas.org.br.s174889.gridserver.com\/2017\/03\/23\/para-cnbb-reforma-da-previdencia-escolhe-caminho-da-exclusao-social\/\">documento da Confer\u00eancia Nacional dos Bispos do Brasil (CNBB)<\/a>, as equipes da Rede C\u00e1ritas tamb\u00e9m participar\u00e3o das a\u00e7\u00f5es nas cidades.<\/p>\n<p>Veja os locais das manifesta\u00e7\u00f5es j\u00e1 confirmadas no territ\u00f3rio do Regional Nordeste 2:<\/p>\n<p><strong>Caruaru (PE)<\/strong> &#8211; 8h, Grande Hotel Caruaru<\/p>\n<p><strong>Recife (PE)<\/strong> &#8211; 15h, Pra\u00e7a da Independ\u00eancia (Di\u00e1rio)<\/p>\n<p><strong>Jo\u00e3o Pessoa (PB)<\/strong> &#8211; 15h, Lyceu Paraibano<\/p>\n<p><strong>Macei\u00f3 (AL)<\/strong> &#8211; 9h, na Pra\u00e7a Deodoro<\/p>\n<p><strong>Natal (RN)<\/strong> &#8211; 15h, Midway<\/p>\n<p><em>Por Wagner Cesario | Assessoria de Comunica\u00e7\u00e3o do Regional NE2<\/em><\/p>\n<ul class=\"ssb_list_wrapper\"><li class=\"fb2\" style=\"width:135px\"><iframe src=\"\/\/www.facebook.com\/plugins\/like.php?href=https%3A%2F%2Fwww.caritasne2.org.br%2Fsite%2Fmobilizacoes-contra-reforma-da-previdencia-ocorrem-nesta-sexta-31%2F&amp;layout=button_count&amp;action=like&amp;show_faces=false&amp;share=true&amp;width=135&amp;height=21&amp;appId=307091639398582\" scrolling=\"no\" frameborder=\"0\" style=\"border:none; overflow:hidden;  width:150px; height:21px;\" allowTransparency=\"true\"><\/iframe><\/li><li class=\"twtr\" style=\"width:90px\"><a href=\"https:\/\/twitter.com\/share\" class=\"twitter-share-button\" data-url=\"https:\/\/www.caritasne2.org.br\/site\/mobilizacoes-contra-reforma-da-previdencia-ocorrem-nesta-sexta-31\/\">&nbsp;<\/a><script>!function(d,s,id){var js,fjs=d.getElementsByTagName(s)[0],p=\/^http:\/.test(d.location)?'http':'https';if(!d.getElementById(id)){js=d.createElement(s);js.id=id;js.src=p+':\/\/platform.twitter.com\/widgets.js';fjs.parentNode.insertBefore(js,fjs);}}(document, 'script', 'twitter-wjs');<\/script><\/li><li class=\"gplus\" style=\"width:68px\"><div class=\"g-plusone\" data-size=\"medium\" data-href=\"https:\/\/www.caritasne2.org.br\/site\/mobilizacoes-contra-reforma-da-previdencia-ocorrem-nesta-sexta-31\/\"><\/div><\/li><li class=\"ssb_linkedin\" style=\"width:64px\"><script src=\"\/\/platform.linkedin.com\/in.js\" type=\"text\/javascript\">lang: en_US<\/script><script type=\"IN\/Share\" data-url=\"https:\/\/www.caritasne2.org.br\/site\/mobilizacoes-contra-reforma-da-previdencia-ocorrem-nesta-sexta-31\/\" data-counter=\"right\"><\/script><\/li><\/ul>","protected":false},"excerpt":{"rendered":"<p>Caruaru e Recife (PE), \u00a0Jo\u00e3o Pessoa (PB), Macei\u00f3 (AL) e Natal (RN) s\u00e3o algumas das cidades onde j\u00e1 est\u00e3o confirmados, nesta sexta-feira (31), atos contra a proposta de Reforma da Previd\u00eancia (PEC 287) e o projeto de lei da Terceiriza\u00e7\u00e3o (4.302\/98), ambos em tramita\u00e7\u00e3o no Congresso Nacional. A coordena\u00e7\u00e3o das mobiliza\u00e7\u00f5es est\u00e1 sendo feita por \u00a0oitos centrais sindicais (CTB, UGT, CGTB, CUT, For\u00e7a Sindical, Intersindical, [&hellip;]<\/p>\n<ul class=\"ssb_list_wrapper\"><li class=\"fb2\" style=\"width:135px\"><iframe src=\"\/\/www.facebook.com\/plugins\/like.php?href=https%3A%2F%2Fwww.caritasne2.org.br%2Fsite%2Fmobilizacoes-contra-reforma-da-previdencia-ocorrem-nesta-sexta-31%2F&amp;layout=button_count&amp;action=like&amp;show_faces=false&amp;share=true&amp;width=135&amp;height=21&amp;appId=307091639398582\" scrolling=\"no\" frameborder=\"0\" style=\"border:none; overflow:hidden;  width:150px; height:21px;\" allowTransparency=\"true\"><\/iframe><\/li><li class=\"twtr\" style=\"width:90px\"><a href=\"https:\/\/twitter.com\/share\" class=\"twitter-share-button\" data-url=\"https:\/\/www.caritasne2.org.br\/site\/mobilizacoes-contra-reforma-da-previdencia-ocorrem-nesta-sexta-31\/\">&nbsp;<\/a><script>!function(d,s,id){var js,fjs=d.getElementsByTagName(s)[0],p=\/^http:\/.test(d.location)?'http':'https';if(!d.getElementById(id)){js=d.createElement(s);js.id=id;js.src=p+':\/\/platform.twitter.com\/widgets.js';fjs.parentNode.insertBefore(js,fjs);}}(document, 'script', 'twitter-wjs');<\/script><\/li><li class=\"gplus\" style=\"width:68px\"><div class=\"g-plusone\" data-size=\"medium\" data-href=\"https:\/\/www.caritasne2.org.br\/site\/mobilizacoes-contra-reforma-da-previdencia-ocorrem-nesta-sexta-31\/\"><\/div><\/li><li class=\"ssb_linkedin\" style=\"width:64px\"><script src=\"\/\/platform.linkedin.com\/in.js\" type=\"text\/javascript\">lang: en_US<\/script><script type=\"IN\/Share\" data-url=\"https:\/\/www.caritasne2.org.br\/site\/mobilizacoes-contra-reforma-da-previdencia-ocorrem-nesta-sexta-31\/\" data-counter=\"right\"><\/script><\/li><\/ul>","protected":false},"author":4,"featured_media":4884,"comment_status":"open","ping_status":"open","sticky":false,"template":"","format":"standard","meta":[],"categories":[21,867],"tags":[67,913,914,859,882,915],"_links":{"self":[{"href":"https:\/\/www.caritasne2.org.br\/site\/wp-json\/wp\/v2\/posts\/4053"}],"collection":[{"href":"https:\/\/www.caritasne2.org.br\/site\/wp-json\/wp\/v2\/posts"}],"about":[{"href":"https:\/\/www.caritasne2.org.br\/site\/wp-json\/wp\/v2\/types\/post"}],"author":[{"embeddable":true,"href":"https:\/\/www.caritasne2.org.br\/site\/wp-json\/wp\/v2\/users\/4"}],"replies":[{"embeddable":true,"href":"https:\/\/www.caritasne2.org.br\/site\/wp-json\/wp\/v2\/comments?post=4053"}],"version-history":[{"count":0,"href":"https:\/\/www.caritasne2.org.br\/site\/wp-json\/wp\/v2\/posts\/4053\/revisions"}],"wp:featuredmedia":[{"embeddable":true,"href":"https:\/\/www.caritasne2.org.br\/site\/wp-json\/wp\/v2\/media\/4884"}],"wp:attachment":[{"href":"https:\/\/www.caritasne2.org.br\/site\/wp-json\/wp\/v2\/media?parent=4053"}],"wp:term":[{"taxonomy":"category","embeddable":true,"href":"https:\/\/www.caritasne2.org.br\/site\/wp-json\/wp\/v2\/categories?post=4053"},{"taxonomy":"post_tag","embeddable":true,"href":"https:\/\/www.caritasne2.org.br\/site\/wp-json\/wp\/v2\/tags?post=4053"}],"curies":[{"name":"wp","href":"https:\/\/api.w.org\/{rel}","templated":true}]}}